{"id":927,"date":"2022-02-18T16:09:01","date_gmt":"2022-02-18T16:09:01","guid":{"rendered":"https:\/\/defrentealaverdad.com\/?p=927"},"modified":"2022-06-02T17:15:14","modified_gmt":"2022-06-02T17:15:14","slug":"adios-a-la-mascarilla-gobierno-suspende-todas-las-restricciones-impuestas-por-el-covid-19-2","status":"publish","type":"post","link":"https:\/\/defrentealaverdad.com\/index.php\/2022\/02\/18\/adios-a-la-mascarilla-gobierno-suspende-todas-las-restricciones-impuestas-por-el-covid-19-2\/","title":{"rendered":"\u00a1Adi\u00f3s a la mascarilla! Gobierno suspende todas las restricciones impuestas por el covid-19"},"content":{"rendered":"<p>El presidente de la Rep\u00fablica, Luis Abinader Corona, anunci\u00f3 que desde este mi\u00e9rcoles en adelante quedan suspendidas todas las medidas restrictivas impuestas por el covid-19.<\/p>\n<p>A trav\u00e9s de un mensaje dirigido a la poblaci\u00f3n que hizo desde las redes sociales expres\u00f3: \u201cles anuncio que desde hoy TODAS las medidas restrictivas impuestas por el covid-19 quedan suspendidas\u201d.<\/p>\n<p>Por lo que manifest\u00f3 que el uso de la mascarilla, presentaci\u00f3n de la tarjeta de vacunaci\u00f3n para acceder a todos los lugares o las restricciones en espacios p\u00fablicos, desde este mi\u00e9rcoles y en lo adelante son responsabilidad individual de cada ciudadano.<\/p>\n<p>\u201cMedidas como el uso de la mascarilla, la necesidad de presentar la tarjeta de vacunaci\u00f3n para acceder a todos los lugares, o las restricciones en espacios p\u00fablicos, hoy, son responsabilidad individual de todos y cada uno de nosotros. Despu\u00e9s de esta larga batalla, comenzamos a recuperar la libertad\u201d, dijo.<\/p>\n<p>Reiter\u00f3 Abinader que \u201cDesde ahora, a todos nos tocar\u00e1 cuidarnos, con responsabilidad, pero sin restricciones\u201d.<\/p>\n<p>Abinader record\u00f3 que hoy se cumple el aniversario del Plan Nacional de Vacunaci\u00f3n. \u201cEl primer a\u00f1o de una gran victoria colectiva, en el que los dominicanos fuimos ejemplo para el mundo\u201d.<\/p>\n<p>Fuente: N Digital<\/p>\n","protected":false},"excerpt":{"rendered":"<p>El presidente de la Rep\u00fablica, Luis Abinader Corona, anunci\u00f3 que desde este mi\u00e9rcoles en adelante<\/p>\n","protected":false},"author":1,"featured_media":0,"comment_status":"open","ping_status":"open","sticky":false,"template":"","format":"standard","meta":{"footnotes":""},"categories":[7],"tags":[],"class_list":["post-927","post","type-post","status-publish","format-standard","hentry","category-nacionales"],"_links":{"self":[{"href":"https:\/\/defrentealaverdad.com\/index.php\/wp-json\/wp\/v2\/posts\/927","targetHints":{"allow":["GET"]}}],"collection":[{"href":"https:\/\/defrentealaverdad.com\/index.php\/wp-json\/wp\/v2\/posts"}],"about":[{"href":"https:\/\/defrentealaverdad.com\/index.php\/wp-json\/wp\/v2\/types\/post"}],"author":[{"embeddable":true,"href":"https:\/\/defrentealaverdad.com\/index.php\/wp-json\/wp\/v2\/users\/1"}],"replies":[{"embeddable":true,"href":"https:\/\/defrentealaverdad.com\/index.php\/wp-json\/wp\/v2\/comments?post=927"}],"version-history":[{"count":1,"href":"https:\/\/defrentealaverdad.com\/index.php\/wp-json\/wp\/v2\/posts\/927\/revisions"}],"predecessor-version":[{"id":1379,"href":"https:\/\/defrentealaverdad.com\/index.php\/wp-json\/wp\/v2\/posts\/927\/revisions\/1379"}],"wp:attachment":[{"href":"https:\/\/defrentealaverdad.com\/index.php\/wp-json\/wp\/v2\/media?parent=927"}],"wp:term":[{"taxonomy":"category","embeddable":true,"href":"https:\/\/defrentealaverdad.com\/index.php\/wp-json\/wp\/v2\/categories?post=927"},{"taxonomy":"post_tag","embeddable":true,"href":"https:\/\/defrentealaverdad.com\/index.php\/wp-json\/wp\/v2\/tags?post=927"}],"curies":[{"name":"wp","href":"https:\/\/api.w.org\/{rel}","templated":true}]}}