{"id":907,"date":"2022-02-09T22:11:36","date_gmt":"2022-02-09T22:11:36","guid":{"rendered":"https:\/\/defrentealaverdad.com\/?p=907"},"modified":"2022-02-09T22:11:36","modified_gmt":"2022-02-09T22:11:36","slug":"puesta-en-operacion-de-la-unidad-anti-cuatrerismo-del-ejercito-de-la-republica-dominicana","status":"publish","type":"post","link":"https:\/\/defrentealaverdad.com\/index.php\/2022\/02\/09\/puesta-en-operacion-de-la-unidad-anti-cuatrerismo-del-ejercito-de-la-republica-dominicana\/","title":{"rendered":"Puesta en operaci\u00f3n de la Unidad Anti Cuatrerismo del Ej\u00e9rcito de la Rep\u00fablica Dominicana."},"content":{"rendered":"<p>En b\u00fasqueda de contrarrestar los hechos delictivos ocurridos en la zona de Dajab\u00f3n especialmente el robo de ganado, el Comandante General del Ej\u00e9rcito de la Rep\u00fablica Dominicana, Mayor General Julio Ernesto Flori\u00e1n P\u00e9rez ERD., sostuvo una reuni\u00f3n con empresarios del sector ganadero en la que intercambiaron impresiones con relaci\u00f3n al problema y se comprometieron a realizar una colaboraci\u00f3n en conjunto en donde aumentar\u00e1n los esfuerzos para contrarrestar los hechos delictivos en dicha zona. En la reuni\u00f3n tambi\u00e9n participo el C\u00f3nsul Dominicano en Juana M\u00e9ndez, el Sr. Margarito de Le\u00f3n Castillo, el Inspector General del Ej\u00e9rcito de Rep\u00fablica Dominicana, General de Brigada \u00c1ngel Camacho Ubiera, ERD., el Comandante de la 4ta. Brigada de Infanter\u00eda del ERD., as\u00ed como los representantes de Migraci\u00f3n, Polic\u00eda Nacional y otras autoridades de la zona.<\/p>\n<p>Tras concluir la reuni\u00f3n el Comandante de General anuncio la puesta en operaci\u00f3n de la Unidad Anti Cuatrerismo que tiene como misi\u00f3n principal el patrullaje en la l\u00ednea fronteriza con especial atenci\u00f3n en las \u00e1reas de crias de ganados.<\/p>\n<p>La misma constar\u00e1 con unos 30 soldados de fuerzas especiales, camionetas, motocicletas, drones as\u00ed como personal especializado en el \u00e1rea de inteligencia. Esto con la finalidad de realizar un trabajo en conjunto a fin de controlar la problem\u00e1tica del hurto o robo del ganado, de mercanc\u00edas y del paso de personas ilegales que acceden a nuestro pa\u00eds.<\/p>\n<p>&nbsp;<\/p>\n<p>Feliz Rubio.<\/p>\n","protected":false},"excerpt":{"rendered":"<p>En b\u00fasqueda de contrarrestar los hechos delictivos ocurridos en la zona de Dajab\u00f3n especialmente el<\/p>\n","protected":false},"author":1,"featured_media":908,"comment_status":"open","ping_status":"open","sticky":false,"template":"","format":"standard","meta":{"footnotes":""},"categories":[7],"tags":[],"class_list":["post-907","post","type-post","status-publish","format-standard","has-post-thumbnail","hentry","category-nacionales"],"_links":{"self":[{"href":"https:\/\/defrentealaverdad.com\/index.php\/wp-json\/wp\/v2\/posts\/907","targetHints":{"allow":["GET"]}}],"collection":[{"href":"https:\/\/defrentealaverdad.com\/index.php\/wp-json\/wp\/v2\/posts"}],"about":[{"href":"https:\/\/defrentealaverdad.com\/index.php\/wp-json\/wp\/v2\/types\/post"}],"author":[{"embeddable":true,"href":"https:\/\/defrentealaverdad.com\/index.php\/wp-json\/wp\/v2\/users\/1"}],"replies":[{"embeddable":true,"href":"https:\/\/defrentealaverdad.com\/index.php\/wp-json\/wp\/v2\/comments?post=907"}],"version-history":[{"count":1,"href":"https:\/\/defrentealaverdad.com\/index.php\/wp-json\/wp\/v2\/posts\/907\/revisions"}],"predecessor-version":[{"id":909,"href":"https:\/\/defrentealaverdad.com\/index.php\/wp-json\/wp\/v2\/posts\/907\/revisions\/909"}],"wp:featuredmedia":[{"embeddable":true,"href":"https:\/\/defrentealaverdad.com\/index.php\/wp-json\/wp\/v2\/media\/908"}],"wp:attachment":[{"href":"https:\/\/defrentealaverdad.com\/index.php\/wp-json\/wp\/v2\/media?parent=907"}],"wp:term":[{"taxonomy":"category","embeddable":true,"href":"https:\/\/defrentealaverdad.com\/index.php\/wp-json\/wp\/v2\/categories?post=907"},{"taxonomy":"post_tag","embeddable":true,"href":"https:\/\/defrentealaverdad.com\/index.php\/wp-json\/wp\/v2\/tags?post=907"}],"curies":[{"name":"wp","href":"https:\/\/api.w.org\/{rel}","templated":true}]}}