{"id":852,"date":"2022-01-26T14:15:32","date_gmt":"2022-01-26T14:15:32","guid":{"rendered":"https:\/\/defrentealaverdad.com\/?p=852"},"modified":"2022-01-26T14:15:32","modified_gmt":"2022-01-26T14:15:32","slug":"el-galardon-anuncia-su-decimo-segunda-edicion-republica-dominicana","status":"publish","type":"post","link":"https:\/\/defrentealaverdad.com\/index.php\/2022\/01\/26\/el-galardon-anuncia-su-decimo-segunda-edicion-republica-dominicana\/","title":{"rendered":"EL GALARD\u00d3N ANUNCIA SU D\u00c9CIMO SEGUNDA EDICI\u00d3N REP\u00daBLICA DOMINICANA"},"content":{"rendered":"<p>La Academia Cristiana de Cronistas de Arte (ACCRA) dio a conocer los detalles de su d\u00e9cimo<br \/>\nsegunda entrega de Premios El Galard\u00f3n en Rep\u00fablica Dominicana, en rueda de prensa<br \/>\ncelebrada en Abba Caf\u00e9, en Santo Domingo, asimismo avanz\u00f3 las nominaciones 2022 para los<br \/>\nartistas y comunicadores cristianos del pa\u00eds.<\/p>\n<p>Danny Ram\u00edrez, presidente de Premios El Galard\u00f3n, comparti\u00f3 la informaci\u00f3n en un ambiente<br \/>\nde camarader\u00eda, acompa\u00f1ado de miembros de ACCRA. &amp;quot;En esta edici\u00f3n, incluiremos algunas<br \/>\nnuevas categor\u00edas, acorde a los nuevos tiempos, para reconocer y honrar los talentos de<br \/>\nnuestros hermanos de la fe&amp;quot;, adelant\u00f3 Ram\u00edrez.<\/p>\n<p>ACCRA valor\u00f3 y felicit\u00f3 a los comunicadores y artistas cristianos, que pese a la pandemia se<br \/>\nhan mantenido activos desarrollando sus ministerios. &amp;quot;\u00c9ste es un gran a\u00f1o para Premios El<br \/>\nGalard\u00f3n ya que adem\u00e1s de entregar premios aqu\u00ed en el pa\u00eds, llegaremos Orlando Florida, para<br \/>\ncelebrar por tercer a\u00f1o consecutivo El Galard\u00f3n Internacional. Tambi\u00e9n, por primera vez<br \/>\narribaremos a la Isla de Puerto Rico&amp;quot;, revel\u00f3 visiblemente contento el presidente de los<br \/>\npremios y el se\u00f1or Luis Armando Cordero quien se est\u00e1 encargando de la coordinaci\u00f3n de El<br \/>\nGalard\u00f3n Puerto Rico.<\/p>\n<p>M\u00e1s de 30 categor\u00edas ser\u00e1n reconocidas, en esta d\u00e9cimo segunda edici\u00f3n, producida por<br \/>\n\u00c1gueda Su\u00e1rez, bajo la coordinaci\u00f3n general de Danny Ram\u00edrez. La producci\u00f3n incluye la<br \/>\nparticipaci\u00f3n de artistas nacionales e internacionales y de reconocimientos a personalidades<br \/>\npor su larga trayectoria en el arte y la comunicaci\u00f3n cristiana.<br \/>\n&amp;quot;Agradezco de todo coraz\u00f3n a los miembros de ACCRA por su arduo trabajo, su entrega y<br \/>\naportes para cada a\u00f1o poder postular y nominar a los m\u00e1s destacados&amp;quot;, concluy\u00f3 expresando<br \/>\nel presidente fundador de Premios El Galard\u00f3n.<\/p>\n<p>De su lado \u00c1gueda Suarez anunci\u00f3 oficialmente que la entrega de medallas y la gala de<br \/>\npremios por primera vez ser\u00e1n el mismo d\u00eda, y est\u00e1 pautada para s\u00e1bado 19 de Febrero a partir<br \/>\nde la 5 de la tarde, en la Sala Manuel Rueda de la Escuela Nacional de Bellas Artes tomando en<br \/>\ncuenta las medidas y protocolo de seguridad del Ministerio de Salud P\u00fablica.<\/p>\n","protected":false},"excerpt":{"rendered":"<p>La Academia Cristiana de Cronistas de Arte (ACCRA) dio a conocer los detalles de su<\/p>\n","protected":false},"author":1,"featured_media":0,"comment_status":"open","ping_status":"open","sticky":false,"template":"","format":"standard","meta":{"footnotes":""},"categories":[6,7],"tags":[],"class_list":["post-852","post","type-post","status-publish","format-standard","hentry","category-espectaculos","category-nacionales"],"_links":{"self":[{"href":"https:\/\/defrentealaverdad.com\/index.php\/wp-json\/wp\/v2\/posts\/852","targetHints":{"allow":["GET"]}}],"collection":[{"href":"https:\/\/defrentealaverdad.com\/index.php\/wp-json\/wp\/v2\/posts"}],"about":[{"href":"https:\/\/defrentealaverdad.com\/index.php\/wp-json\/wp\/v2\/types\/post"}],"author":[{"embeddable":true,"href":"https:\/\/defrentealaverdad.com\/index.php\/wp-json\/wp\/v2\/users\/1"}],"replies":[{"embeddable":true,"href":"https:\/\/defrentealaverdad.com\/index.php\/wp-json\/wp\/v2\/comments?post=852"}],"version-history":[{"count":1,"href":"https:\/\/defrentealaverdad.com\/index.php\/wp-json\/wp\/v2\/posts\/852\/revisions"}],"predecessor-version":[{"id":854,"href":"https:\/\/defrentealaverdad.com\/index.php\/wp-json\/wp\/v2\/posts\/852\/revisions\/854"}],"wp:attachment":[{"href":"https:\/\/defrentealaverdad.com\/index.php\/wp-json\/wp\/v2\/media?parent=852"}],"wp:term":[{"taxonomy":"category","embeddable":true,"href":"https:\/\/defrentealaverdad.com\/index.php\/wp-json\/wp\/v2\/categories?post=852"},{"taxonomy":"post_tag","embeddable":true,"href":"https:\/\/defrentealaverdad.com\/index.php\/wp-json\/wp\/v2\/tags?post=852"}],"curies":[{"name":"wp","href":"https:\/\/api.w.org\/{rel}","templated":true}]}}