{"id":8508,"date":"2023-10-19T03:59:58","date_gmt":"2023-10-19T03:59:58","guid":{"rendered":"https:\/\/defrentealaverdad.com\/?p=8508"},"modified":"2023-10-20T04:01:56","modified_gmt":"2023-10-20T04:01:56","slug":"ministro-garcia-fermin-despide-a-9-becarios-que-estudiaran-en-universidades-del-reino-de-marruecos","status":"publish","type":"post","link":"https:\/\/defrentealaverdad.com\/index.php\/2023\/10\/19\/ministro-garcia-fermin-despide-a-9-becarios-que-estudiaran-en-universidades-del-reino-de-marruecos\/","title":{"rendered":"Ministro Garc\u00eda Ferm\u00edn despide a 9 becarios que estudiar\u00e1n en universidades del Reino de Marruecos"},"content":{"rendered":"<div class=\"post-header\">\n<div class=\"post-head\"><\/div>\n<div style=\"text-align: justify;\"><\/div>\n<\/div>\n<article>\n<div id=\"post-body-8005109513232081534\" class=\"post-body entry-content\">\n<div class=\"separator\" style=\"text-align: justify;\"><a href=\"https:\/\/blogger.googleusercontent.com\/img\/b\/R29vZ2xl\/AVvXsEjzh2ipwGAozbuz5LMLXh1_nyikuJV3VIxtIEnZCYCW5j9xn0sR5i210_H9B3bn5hlOG8y9BGkeBIRn5ocbk3HA8I_H5nsy_76qbqTHk78fwilrG3zW3D_XWCXla6i_ygptKjbgpQoH6sQr9xTrzluT2Qjz8msh766-g7Dfu2YrsNgltVtbn0TRigqhlcE\/s1024\/IMG-20231019-WA1152.jpg\"><img decoding=\"async\" class=\"alignleft lazyload\" title=\"IMG-20231019-WA1152\" data-src=\"https:\/\/blogger.googleusercontent.com\/img\/b\/R29vZ2xl\/AVvXsEjzh2ipwGAozbuz5LMLXh1_nyikuJV3VIxtIEnZCYCW5j9xn0sR5i210_H9B3bn5hlOG8y9BGkeBIRn5ocbk3HA8I_H5nsy_76qbqTHk78fwilrG3zW3D_XWCXla6i_ygptKjbgpQoH6sQr9xTrzluT2Qjz8msh766-g7Dfu2YrsNgltVtbn0TRigqhlcE\/s320\/IMG-20231019-WA1152.jpg\" alt=\"IMG-20231019-WA1152\" width=\"320\" height=\"110\" border=\"0\" data-original-height=\"352\" data-original-width=\"1024\" src=\"data:image\/svg+xml;base64,PHN2ZyB3aWR0aD0iMSIgaGVpZ2h0PSIxIiB4bWxucz0iaHR0cDovL3d3dy53My5vcmcvMjAwMC9zdmciPjwvc3ZnPg==\" style=\"--smush-placeholder-width: 320px; --smush-placeholder-aspect-ratio: 320\/110;\" \/><\/a><\/div>\n<p style=\"text-align: justify;\">SANTO DOMINGO.-El ministro de Educaci\u00f3n Superior, Ciencia y Tecnolog\u00eda, doctor Franklin Garc\u00eda Ferm\u00edn, despidi\u00f3 a 9 j\u00f3venes meritorios seleccionados durante la convocatoria de Becas Internacionales del Reino de Marruecos 2023, para estudiar\u00a0 programas de grado en universidades marroqu\u00edes, en coordinaci\u00f3n con la Embajada Dominicana en la naci\u00f3n \u00e1rabe, la legaci\u00f3n de ese pa\u00eds en la Rep\u00fablica Dominicana, y el Ministerio de Relaciones Exteriores, as\u00ed como la agencia marroqu\u00ed de Cooperaci\u00f3n Internacional. <a href=\"https:\/\/blogger.googleusercontent.com\/img\/b\/R29vZ2xl\/AVvXsEicZyrrtnhGw5W9-yYWuoSPanfIH7KbSWGx52TyoJeqLa7asdzx8vGhABtZVmQYa4D5wRGo-icRIIat1A9uWTUClLlCZkk_ypsTGTrqtXVsG4QVtxBtE8TeL-EXLHeaqSkhFEu9xPFdmkHcnI5zFVQC-W2fpzh2BI5tqk7a7ChMBQUj4FFv2PW0AhZSvIg\/s1024\/IMG-20231019-WA1159.jpg\"><img decoding=\"async\" class=\"alignright lazyload\" title=\"IMG-20231019-WA1159\" data-src=\"https:\/\/blogger.googleusercontent.com\/img\/b\/R29vZ2xl\/AVvXsEicZyrrtnhGw5W9-yYWuoSPanfIH7KbSWGx52TyoJeqLa7asdzx8vGhABtZVmQYa4D5wRGo-icRIIat1A9uWTUClLlCZkk_ypsTGTrqtXVsG4QVtxBtE8TeL-EXLHeaqSkhFEu9xPFdmkHcnI5zFVQC-W2fpzh2BI5tqk7a7ChMBQUj4FFv2PW0AhZSvIg\/s320\/IMG-20231019-WA1159.jpg\" alt=\"IMG-20231019-WA1159\" width=\"320\" height=\"112\" border=\"0\" data-original-height=\"358\" data-original-width=\"1024\" src=\"data:image\/svg+xml;base64,PHN2ZyB3aWR0aD0iMSIgaGVpZ2h0PSIxIiB4bWxucz0iaHR0cDovL3d3dy53My5vcmcvMjAwMC9zdmciPjwvc3ZnPg==\" style=\"--smush-placeholder-width: 320px; --smush-placeholder-aspect-ratio: 320\/112;\" \/><\/a><\/p>\n<p style=\"text-align: justify;\">Durante un emotivo acto en el sal\u00f3n de conferencias del Ministerio de Educaci\u00f3n Superior, Ciencia y Tecnolog\u00eda (MESCyT), en el que los becarios tuvieron distintas manifestaciones de satisfacci\u00f3n, Garc\u00eda Ferm\u00edn inst\u00f3 a los estudiantes a poner el pa\u00eds y a su familia en alto, en materia de conocimiento, como lo desea el presidente Luis Abinader.<\/p>\n<p style=\"text-align: justify;\">La selecci\u00f3n de los becarios constituy\u00f3 una ardua labor para lograr que por primera vez un grupo de j\u00f3venes dominicanos meritorios sean parte de los 3 mil seleccionados en la convocatoria de la Agencia Internacional marroqu\u00ed, donde tuvieron la oportunidad de participar distintas provincias del pa\u00eds, tales como Bahoruco, Montecristi, Santiago, Santo Domingo, Norte, Este y Oeste.<\/p>\n<p style=\"text-align: justify;\"><a href=\"https:\/\/blogger.googleusercontent.com\/img\/b\/R29vZ2xl\/AVvXsEh9lwkR0KDsBUMBFBgxdTtdVWN8fNgA36TwgFG4F14zJbV58vA4C76aEDhO9bJsqC1CbCqAm7hC9cVBsHClv5UVMu-VPS-hmjOfqQBOtP9mY3wR8d7NBO69Y0RhBfFOZ2d1JPHnUV73WYof8GStIIyJNnLqQyIoMMoL0il3ICzH98jakpoG7GBo6Ewx47A\/s1024\/IMG-20231019-WA1157.jpg\"><img decoding=\"async\" class=\"alignleft lazyload\" title=\"IMG-20231019-WA1157\" data-src=\"https:\/\/blogger.googleusercontent.com\/img\/b\/R29vZ2xl\/AVvXsEh9lwkR0KDsBUMBFBgxdTtdVWN8fNgA36TwgFG4F14zJbV58vA4C76aEDhO9bJsqC1CbCqAm7hC9cVBsHClv5UVMu-VPS-hmjOfqQBOtP9mY3wR8d7NBO69Y0RhBfFOZ2d1JPHnUV73WYof8GStIIyJNnLqQyIoMMoL0il3ICzH98jakpoG7GBo6Ewx47A\/s320\/IMG-20231019-WA1157.jpg\" alt=\"IMG-20231019-WA1157\" width=\"320\" height=\"165\" border=\"0\" data-original-height=\"528\" data-original-width=\"1024\" src=\"data:image\/svg+xml;base64,PHN2ZyB3aWR0aD0iMSIgaGVpZ2h0PSIxIiB4bWxucz0iaHR0cDovL3d3dy53My5vcmcvMjAwMC9zdmciPjwvc3ZnPg==\" style=\"--smush-placeholder-width: 320px; --smush-placeholder-aspect-ratio: 320\/165;\" \/><\/a>Los 9 becarios estudiar\u00e1n programas de grado en \u00e1reas de las ciencias de la salud, ciencias comerciales y de gesti\u00f3n, ingenier\u00eda y ciencias tecnol\u00f3gicas.<\/p>\n<div class=\"separator\" style=\"text-align: justify;\">\n<div class=\"separator\">Garc\u00eda Ferm\u00edn felicit\u00f3 a los becarios y les dese\u00f3 el mayor de los \u00e9xitos por el logro en base a su talento, y les manifest\u00f3 que tienen un compromiso con la naci\u00f3n. \u201cUstedes van a prepararse porque tienen por delante una grandiosa experiencia que van a vivir, aprov\u00e9chenla en todo el sentido de la palabra y, sobre todo, prepararse al m\u00e1s alto nivel\u201d, areng\u00f3 a los estudiantes. <img decoding=\"async\" class=\"alignright lazyload\" data-src=\"https:\/\/blogger.googleusercontent.com\/img\/b\/R29vZ2xl\/AVvXsEhfNIYALJWLXE2lAJsvUUIlF_8MKC3qAolgOX-JWZ0GYa-rnf86lFmsTxW4nPRBOyc04HLQ1eOI-qVFe0KXbnCrr7r-7SvLSVK9XiLCstBQomR6ouSFJ_aoyqw7tu9rhPolBjjwvsaZ_e0Z030biT-B_8CJChxwFW4jrF8VCX9SOkyzAR3oBfdt09D42r4\/s320\/IMG-20231019-WA1143.jpg\" alt=\"IMG-20231019-WA1143\" src=\"data:image\/svg+xml;base64,PHN2ZyB3aWR0aD0iMSIgaGVpZ2h0PSIxIiB4bWxucz0iaHR0cDovL3d3dy53My5vcmcvMjAwMC9zdmciPjwvc3ZnPg==\" \/><\/div>\n<\/div>\n<p style=\"text-align: justify;\">\u201cEstas becas incluyen un a\u00f1o de idioma franc\u00e9s y los correspondientes a la licenciatura que cursar\u00e1n, alojamiento, matr\u00edcula, boleto, a\u00e9reo de ida y vuelta, seguro de salud y manutenci\u00f3n en el Reino de Marruecos, y el Gobierno dominicano, a trav\u00e9s del MESCyT, har\u00e1 un aporte mensual a cada becario\u201d, dijo Garc\u00eda Ferm\u00edn.<\/p>\n<p style=\"text-align: justify;\">Al hablar en representaci\u00f3n de los becarios, Carla Mercedes, proveniente del Distrito Nacional, expres\u00f3 su m\u00e1s profundo agradecimiento hacia el MESCyT y a la delegaci\u00f3n del Reino de Marruecos por el voto de confianza otorgado a los seleccionados en la convocatoria.<\/p>\n<blockquote><p>\u201cEsta oportunidad representa un voto de confianza en la juventud dominicana, un compromiso, porque nos vamos con ese deseo de representar a nuestra tierra en el Reino de Marruecos\u201d, dijo Mercedes.<\/p><\/blockquote>\n<p style=\"text-align: justify;\">Asimismo, Rans\u00e9s de Jes\u00fas Rodr\u00edguez, oriundo de Santiago, afirm\u00f3 que dentro de unos d\u00edas estar\u00e1n emprendiendo un viaje hacia Marruecos para cumplir uno de sus mayores sue\u00f1os, que es una beca de grado para estudiar en el extranjero.<\/p>\n<blockquote><p>\u201cAgradezco al MESCyT y todo su equipo de apoyo por la labor que realizan d\u00eda tras d\u00edas, para hacer posible que tan honorable beneficio est\u00e9 al alcance de todos los j\u00f3venes de escasos recursos\u201d, asegur\u00f3 Rodr\u00edguez.<\/p><\/blockquote>\n<p style=\"text-align: justify;\"><img decoding=\"async\" class=\"alignleft lazyload\" data-src=\"https:\/\/blogger.googleusercontent.com\/img\/b\/R29vZ2xl\/AVvXsEh3kE7wOO3Spj-EwfpyDdVASspbzH5_MbxmTNUa2MZx57h20bN9jXpKmgacvmOFzLTGMIyI9rUNkrjujwfvKcxiCM9b-Qv1ypHnQ1Z1dLW96OY8E60EKJV-lUgnKBe65NMdROwsxosibLRFbTsTQBFVHzz7lQieH-yk-Lkfw91fC2hWj0dMqw0KKjmu52g\/s320\/IMG-20231019-WA1144.jpg\" alt=\"IMG-20231019-WA1144\" src=\"data:image\/svg+xml;base64,PHN2ZyB3aWR0aD0iMSIgaGVpZ2h0PSIxIiB4bWxucz0iaHR0cDovL3d3dy53My5vcmcvMjAwMC9zdmciPjwvc3ZnPg==\" \/>De su lado, la consejera de Asuntos Culturales de Educaci\u00f3n y de Comunicaci\u00f3n de la Embajada de la Rep\u00fablica Dominicana en Marruecos, Patricia Faxas, manifest\u00f3 que la oferta acad\u00e9mica est\u00e1 enfocada en \u00e1reas espec\u00edficas, seleccionadas y que son consideradas prioritarias por incidir directamente en el plan estrat\u00e9gico de desarrollo del pa\u00eds.<\/p>\n<p style=\"text-align: justify;\">Mientras que, la encargada de asuntos Consulares y Culturales de la Embajada en el Reino de Marruecos, Ghizlane Chgadda, expres\u00f3 que este otorgamiento de becas a los 9 beneficiarios, indica un fortalecimiento entre los lazos de cooperaci\u00f3n acad\u00e9mica y cultural entre ambas naciones.<\/p>\n<p style=\"text-align: justify;\">En el acto de entrega de becas, estuvieron presentes los viceministros del MESCYT, Paula Disla, Jos\u00e9 A. Cancel, Genaro Rodr\u00edguez, as\u00ed como el jefe de Gabinete, Juan F. Medina; Adil Nidal Haddad, consejero de la Embajada del Reino de Marruecos en la Rep\u00fablica Dominicana.<\/p>\n<\/div>\n<p>Fuente: El Faro RD<\/p>\n<\/article>\n","protected":false},"excerpt":{"rendered":"<p>SANTO DOMINGO.-El ministro de Educaci\u00f3n Superior, Ciencia y Tecnolog\u00eda, doctor Franklin Garc\u00eda Ferm\u00edn, despidi\u00f3 a<\/p>\n","protected":false},"author":2,"featured_media":0,"comment_status":"open","ping_status":"open","sticky":false,"template":"","format":"standard","meta":{"footnotes":""},"categories":[7],"tags":[],"class_list":["post-8508","post","type-post","status-publish","format-standard","hentry","category-nacionales"],"_links":{"self":[{"href":"https:\/\/defrentealaverdad.com\/index.php\/wp-json\/wp\/v2\/posts\/8508","targetHints":{"allow":["GET"]}}],"collection":[{"href":"https:\/\/defrentealaverdad.com\/index.php\/wp-json\/wp\/v2\/posts"}],"about":[{"href":"https:\/\/defrentealaverdad.com\/index.php\/wp-json\/wp\/v2\/types\/post"}],"author":[{"embeddable":true,"href":"https:\/\/defrentealaverdad.com\/index.php\/wp-json\/wp\/v2\/users\/2"}],"replies":[{"embeddable":true,"href":"https:\/\/defrentealaverdad.com\/index.php\/wp-json\/wp\/v2\/comments?post=8508"}],"version-history":[{"count":1,"href":"https:\/\/defrentealaverdad.com\/index.php\/wp-json\/wp\/v2\/posts\/8508\/revisions"}],"predecessor-version":[{"id":8509,"href":"https:\/\/defrentealaverdad.com\/index.php\/wp-json\/wp\/v2\/posts\/8508\/revisions\/8509"}],"wp:attachment":[{"href":"https:\/\/defrentealaverdad.com\/index.php\/wp-json\/wp\/v2\/media?parent=8508"}],"wp:term":[{"taxonomy":"category","embeddable":true,"href":"https:\/\/defrentealaverdad.com\/index.php\/wp-json\/wp\/v2\/categories?post=8508"},{"taxonomy":"post_tag","embeddable":true,"href":"https:\/\/defrentealaverdad.com\/index.php\/wp-json\/wp\/v2\/tags?post=8508"}],"curies":[{"name":"wp","href":"https:\/\/api.w.org\/{rel}","templated":true}]}}