{"id":8426,"date":"2023-10-18T14:32:34","date_gmt":"2023-10-18T14:32:34","guid":{"rendered":"https:\/\/defrentealaverdad.com\/?p=8426"},"modified":"2023-10-19T14:33:59","modified_gmt":"2023-10-19T14:33:59","slug":"manifestantes-atacan-embajadas-de-israel-y-estados-unidos-en-varias-partes-del-mundo","status":"publish","type":"post","link":"https:\/\/defrentealaverdad.com\/index.php\/2023\/10\/18\/manifestantes-atacan-embajadas-de-israel-y-estados-unidos-en-varias-partes-del-mundo\/","title":{"rendered":"Manifestantes atacan embajadas de Israel y Estados Unidos en varias partes del mundo"},"content":{"rendered":"<blockquote>\n<p style=\"font-weight: 400; text-align: justify;\"><strong>Las m\u00e1s grandes manifestaciones tuvieron lugar en Estambul, Turqu\u00eda. En la foto, varias personas participan en una protesta ante el consulado israel\u00ed para mostrar su solidaridad con los palestinos, en Estambul, a primera hora de este mi\u00e9rcoles, 18 de octubre de 2023.<\/strong><\/p>\n<\/blockquote>\n<p style=\"font-weight: 400; text-align: justify;\"><strong><img decoding=\"async\" class=\"alignleft lazyload\" data-src=\"https:\/\/blogger.googleusercontent.com\/img\/b\/R29vZ2xl\/AVvXsEjjQYmeF37N9u169V5phnPn6GQB8CpMURLa7zth6shMS6ygiawBBatsJS1g2Ml73rMDkFlYoLH9GUxvOGg5LwKfsqd0all9L-r0XW0s9w5BisRyr5cTAIOrNKAxFtRy25I81G2w2YdaQU01xIgDIVC0YGTfvZ8dUK3EVnwkDEkH8Bo5AAA4b5lagV4xZeI\/w640-h380\/Israel%20jodido.jpeg\" src=\"data:image\/svg+xml;base64,PHN2ZyB3aWR0aD0iMSIgaGVpZ2h0PSIxIiB4bWxucz0iaHR0cDovL3d3dy53My5vcmcvMjAwMC9zdmciPjwvc3ZnPg==\" \/><\/strong>\u00a0Varios ataques de manifestantes contra sedes diplom\u00e1ticas de Israel y Estados Unidos se vienen registrando en diferentes partes del mundo tras el bombardeo a un hospital en Gaza, en el marco del actual conflicto entre las autoridades israel\u00edes y el grupo islamista Ham\u00e1s, informaron medios locales.<\/p>\n<p style=\"font-weight: 400; text-align: justify;\">Las m\u00e1s grandes manifestaciones tuvieron lugar en Estambul (Turqu\u00eda), donde una multitud portando banderas y pancartas propalestinas se congreg\u00f3 la noche de este martes frente al consulado israel\u00ed y luego ingres\u00f3 a las instalaciones tras vulnerar una barricada policial.<\/p>\n<p style=\"font-weight: 400; text-align: justify;\">Tambi\u00e9n se han presentado incidentes en la embajada de Estados Unidos en Beirut (L\u00edbano), en la de la misma naci\u00f3n norteamericana en Irak, en la de Israel en Jordania, en la de Francia en Teher\u00e1n (Ir\u00e1n), y en la del Reino Unido en el mismo pa\u00eds.<\/p>\n<p style=\"font-weight: 400; text-align: justify;\">Israel ha negado ser el autor del bombardeo sobre el hospital Al Ahli en Gaza que ha dejado al menos 500 v\u00edctimas mortales.<\/p>\n<p style=\"font-weight: 400; text-align: justify;\">Un portavoz del Ej\u00e9rcito israel\u00ed asegur\u00f3 que \u00abm\u00faltiples fuentes de Inteligencia indican que la Yihad Isl\u00e1mica es responsable del lanzamiento fallido del cohete que impact\u00f3 en el hospital\u00bb.<\/p>\n<p style=\"font-weight: 400; text-align: justify;\">\u00abUn an\u00e1lisis de los sistemas operativos del Ej\u00e9rcito israel\u00ed indican que terroristas dispararon una r\u00e1faga de cohetes en Gaza que pasaron muy cerca del Hospital Al Ahli en el momento en que sufri\u00f3 el impacto\u00bb, asegur\u00f3 un portavoz militar israel\u00ed en un comunicado.<\/p>\n<p style=\"font-weight: 400; text-align: justify;\"><strong>Fuentes:\u00a0<\/strong>Agencias internacionales de prensa.<\/p>\n","protected":false},"excerpt":{"rendered":"<p>Las m\u00e1s grandes manifestaciones tuvieron lugar en Estambul, Turqu\u00eda. En la foto, varias personas participan<\/p>\n","protected":false},"author":4,"featured_media":0,"comment_status":"open","ping_status":"open","sticky":false,"template":"","format":"standard","meta":{"footnotes":""},"categories":[16],"tags":[],"class_list":["post-8426","post","type-post","status-publish","format-standard","hentry","category-internacionales"],"_links":{"self":[{"href":"https:\/\/defrentealaverdad.com\/index.php\/wp-json\/wp\/v2\/posts\/8426","targetHints":{"allow":["GET"]}}],"collection":[{"href":"https:\/\/defrentealaverdad.com\/index.php\/wp-json\/wp\/v2\/posts"}],"about":[{"href":"https:\/\/defrentealaverdad.com\/index.php\/wp-json\/wp\/v2\/types\/post"}],"author":[{"embeddable":true,"href":"https:\/\/defrentealaverdad.com\/index.php\/wp-json\/wp\/v2\/users\/4"}],"replies":[{"embeddable":true,"href":"https:\/\/defrentealaverdad.com\/index.php\/wp-json\/wp\/v2\/comments?post=8426"}],"version-history":[{"count":1,"href":"https:\/\/defrentealaverdad.com\/index.php\/wp-json\/wp\/v2\/posts\/8426\/revisions"}],"predecessor-version":[{"id":8427,"href":"https:\/\/defrentealaverdad.com\/index.php\/wp-json\/wp\/v2\/posts\/8426\/revisions\/8427"}],"wp:attachment":[{"href":"https:\/\/defrentealaverdad.com\/index.php\/wp-json\/wp\/v2\/media?parent=8426"}],"wp:term":[{"taxonomy":"category","embeddable":true,"href":"https:\/\/defrentealaverdad.com\/index.php\/wp-json\/wp\/v2\/categories?post=8426"},{"taxonomy":"post_tag","embeddable":true,"href":"https:\/\/defrentealaverdad.com\/index.php\/wp-json\/wp\/v2\/tags?post=8426"}],"curies":[{"name":"wp","href":"https:\/\/api.w.org\/{rel}","templated":true}]}}