{"id":8401,"date":"2023-10-19T13:51:34","date_gmt":"2023-10-19T13:51:34","guid":{"rendered":"https:\/\/defrentealaverdad.com\/?p=8401"},"modified":"2023-10-19T13:51:34","modified_gmt":"2023-10-19T13:51:34","slug":"academia-de-ciencias-pone-en-circulacion-revista-de-economia-33-economistas-analizan-el-futuro-de-rd","status":"publish","type":"post","link":"https:\/\/defrentealaverdad.com\/index.php\/2023\/10\/19\/academia-de-ciencias-pone-en-circulacion-revista-de-economia-33-economistas-analizan-el-futuro-de-rd\/","title":{"rendered":"Academia de Ciencias pone en circulaci\u00f3n revista de econom\u00eda, 33 economistas analizan el futuro de RD"},"content":{"rendered":"<p style=\"text-align: justify;\"><img decoding=\"async\" class=\"size-medium wp-image-8403 alignleft lazyload\" data-src=\"https:\/\/defrentealaverdad.com\/wp-content\/uploads\/2023\/10\/WhatsApp-Image-2023-10-18-at-22.50.29-300x170.jpeg\" alt=\"\" width=\"300\" height=\"170\" data-srcset=\"https:\/\/defrentealaverdad.com\/wp-content\/uploads\/2023\/10\/WhatsApp-Image-2023-10-18-at-22.50.29-300x170.jpeg 300w, https:\/\/defrentealaverdad.com\/wp-content\/uploads\/2023\/10\/WhatsApp-Image-2023-10-18-at-22.50.29-1024x581.jpeg 1024w, https:\/\/defrentealaverdad.com\/wp-content\/uploads\/2023\/10\/WhatsApp-Image-2023-10-18-at-22.50.29-768x436.jpeg 768w, https:\/\/defrentealaverdad.com\/wp-content\/uploads\/2023\/10\/WhatsApp-Image-2023-10-18-at-22.50.29-1536x872.jpeg 1536w, https:\/\/defrentealaverdad.com\/wp-content\/uploads\/2023\/10\/WhatsApp-Image-2023-10-18-at-22.50.29-800x450.jpeg 800w, https:\/\/defrentealaverdad.com\/wp-content\/uploads\/2023\/10\/WhatsApp-Image-2023-10-18-at-22.50.29.jpeg 1600w\" data-sizes=\"(max-width: 300px) 100vw, 300px\" src=\"data:image\/svg+xml;base64,PHN2ZyB3aWR0aD0iMSIgaGVpZ2h0PSIxIiB4bWxucz0iaHR0cDovL3d3dy53My5vcmcvMjAwMC9zdmciPjwvc3ZnPg==\" style=\"--smush-placeholder-width: 300px; --smush-placeholder-aspect-ratio: 300\/170;\" \/>SANTO DOMINGO-La Academia de Ciencias de la Rep\u00fablica Dominicana (ACRD) puso en circulaci\u00f3n este mi\u00e9rcoles la edici\u00f3n n\u00famero 11 de la \u201cRevista Dominicana de Econom\u00eda\u00bb, d\u00f3nde 33 economistas analizan el futuro de la econom\u00eda del pa\u00eds.<\/p>\n<p style=\"text-align: justify;\">El presidente de la ACRD, ingeniero Eleuterio Mart\u00ednez, expres\u00f3 que esta revista aborda y recoge los elementos esenciales que definen la realidad de la econ\u00f3mica en el pa\u00eds, en el contexto de un mundo globalizado, donde no existen fronteras monetarias y aunque resulta imposible conocer los v\u00ednculos precisos, no hay dudas de que todas comparten, en mayor o menor grado las mismas fuerzas que mueven los mercados internacionales.<\/p>\n<p style=\"text-align: justify;\">El coordinador de la Comisi\u00f3n de Econom\u00eda de la Academia de Ciencias, Jos\u00e9 Luis De Ram\u00f3n, expres\u00f3 que los 33 economistas analizaron con profundidad los principales retos de la econom\u00eda dominicana, se\u00f1alando que tras las crisis del Covid-19 y la guerra entre Rusia y Ucrania, se han unido dos dificultades de tama\u00f1o, complejidad y profundidad, como hac\u00eda un siglo que no viv\u00eda la humanidad, sus impactos est\u00e1n siendo econ\u00f3micos, sanitarios, ideol\u00f3gicos y geopol\u00edticos, como m\u00ednimo.<\/p>\n<p style=\"text-align: justify;\">\u201cTodos tenemos las mismas preguntas\u201d \u00bfA d\u00f3nde vamos? \u00bfA d\u00f3nde, deber\u00edamos ir? \u00bfQu\u00e9 deber\u00edamos hacer como pa\u00eds?\u201d, manifest\u00f3\u201d Pens\u00e9 que lo m\u00e1s sensato era preguntarle a un n\u00famero importante de expertos en econom\u00eda, y con la suficiente consciencia y madurez como para entender e incorporar en sus an\u00e1lisis, la complejidad de la situaci\u00f3n pol\u00edtica y social a nivel global y local, y eso lo tenemos plasmado en esta revista\u201d, dijo el tambi\u00e9n catedr\u00e1tico universitario.<\/p>\n<p style=\"text-align: justify;\"><img decoding=\"async\" class=\"size-medium wp-image-8402 alignright lazyload\" data-src=\"https:\/\/defrentealaverdad.com\/wp-content\/uploads\/2023\/10\/WhatsApp-Image-2023-10-18-at-22.50.29-1-300x193.jpeg\" alt=\"\" width=\"300\" height=\"193\" data-srcset=\"https:\/\/defrentealaverdad.com\/wp-content\/uploads\/2023\/10\/WhatsApp-Image-2023-10-18-at-22.50.29-1-300x193.jpeg 300w, https:\/\/defrentealaverdad.com\/wp-content\/uploads\/2023\/10\/WhatsApp-Image-2023-10-18-at-22.50.29-1-1024x657.jpeg 1024w, https:\/\/defrentealaverdad.com\/wp-content\/uploads\/2023\/10\/WhatsApp-Image-2023-10-18-at-22.50.29-1-768x493.jpeg 768w, https:\/\/defrentealaverdad.com\/wp-content\/uploads\/2023\/10\/WhatsApp-Image-2023-10-18-at-22.50.29-1-1536x986.jpeg 1536w, https:\/\/defrentealaverdad.com\/wp-content\/uploads\/2023\/10\/WhatsApp-Image-2023-10-18-at-22.50.29-1.jpeg 1600w\" data-sizes=\"(max-width: 300px) 100vw, 300px\" src=\"data:image\/svg+xml;base64,PHN2ZyB3aWR0aD0iMSIgaGVpZ2h0PSIxIiB4bWxucz0iaHR0cDovL3d3dy53My5vcmcvMjAwMC9zdmciPjwvc3ZnPg==\" style=\"--smush-placeholder-width: 300px; --smush-placeholder-aspect-ratio: 300\/193;\" \/><\/p>\n<p style=\"text-align: justify;\">Entre los temas se\u00f1alados en esta publicaci\u00f3n, est\u00e1 el agua, Alianzas p\u00fablico-privada, Banca, Bienestar, felicidad y crecimiento, China(relaciones), Deuda, Educaci\u00f3n, Energ\u00eda, Fortalecimiento institucional, Gasto p\u00fablico (medici\u00f3n del impacto y calidad), Inmigraci\u00f3n haitiana, Inversi\u00f3n extranjera, Medio ambiente, Nearshoring, Pensiones, Pobreza y desigualdad, Productividad y salario, Reforma fiscal, Salud, Seguridad alimentaria.<\/p>\n<p style=\"text-align: justify;\">El grupo de economistas est\u00e1 integrado por Julio And\u00fajar Scheker, Jos\u00e9 Adalberto Arias, Jaime Aristy-Escuder, Rosa Ca\u00f1ete Alonso, Guillermo Caram, Antonio Ciriaco Cruz, , Miguel Collado Di Franco, Alexis Cruz Rodr\u00edguez, Andr\u00e9s Dauhajre hijo, Jos\u00e9 Luis De Ram\u00f3n, Guarocuya F\u00e9lix, Eduardo Garc\u00eda Michel, Rolando M. Guzm\u00e1n, Magdalena Lizardo, Daniel E. de la Rosa, Juan Ariel Jim\u00e9nez.<\/p>\n<p style=\"text-align: justify;\">Dr. Hu\u00e1scar Jim\u00e9nez Pichardo, Eduardo Klinger Pevida, Juan Carlos L\u00f3pez P\u00e9rez, Richard Medina G\u00f3mez, Jacqueline Mora, Jos\u00e9 Antonio Pellerano, Ellen P\u00e9rez Ducy, Ram\u00f3n P\u00e9rez Minaya, Peter A. Prazmowski, Magdalena Rathe, Rosanna Ru\u00edz, Jos\u00e9 R. S\u00e1nchez-Fung, Miguel Sang Ben, Amelia U. Santos Paulino, Harold V\u00e1squez, Luis Viyella Caolo, ,Gustavo Volmar. La revista est\u00e1 disponible en la p\u00e1gina web de la Academia de Ciencias. www.academiadecienciasrd.org.<\/p>\n<p>&nbsp;<\/p>\n<p>Fuente: Academia de Ciencias RD<\/p>\n","protected":false},"excerpt":{"rendered":"<p>SANTO DOMINGO-La Academia de Ciencias de la Rep\u00fablica Dominicana (ACRD) puso en circulaci\u00f3n este mi\u00e9rcoles<\/p>\n","protected":false},"author":2,"featured_media":0,"comment_status":"open","ping_status":"open","sticky":false,"template":"","format":"standard","meta":{"footnotes":""},"categories":[7],"tags":[],"class_list":["post-8401","post","type-post","status-publish","format-standard","hentry","category-nacionales"],"_links":{"self":[{"href":"https:\/\/defrentealaverdad.com\/index.php\/wp-json\/wp\/v2\/posts\/8401","targetHints":{"allow":["GET"]}}],"collection":[{"href":"https:\/\/defrentealaverdad.com\/index.php\/wp-json\/wp\/v2\/posts"}],"about":[{"href":"https:\/\/defrentealaverdad.com\/index.php\/wp-json\/wp\/v2\/types\/post"}],"author":[{"embeddable":true,"href":"https:\/\/defrentealaverdad.com\/index.php\/wp-json\/wp\/v2\/users\/2"}],"replies":[{"embeddable":true,"href":"https:\/\/defrentealaverdad.com\/index.php\/wp-json\/wp\/v2\/comments?post=8401"}],"version-history":[{"count":1,"href":"https:\/\/defrentealaverdad.com\/index.php\/wp-json\/wp\/v2\/posts\/8401\/revisions"}],"predecessor-version":[{"id":8404,"href":"https:\/\/defrentealaverdad.com\/index.php\/wp-json\/wp\/v2\/posts\/8401\/revisions\/8404"}],"wp:attachment":[{"href":"https:\/\/defrentealaverdad.com\/index.php\/wp-json\/wp\/v2\/media?parent=8401"}],"wp:term":[{"taxonomy":"category","embeddable":true,"href":"https:\/\/defrentealaverdad.com\/index.php\/wp-json\/wp\/v2\/categories?post=8401"},{"taxonomy":"post_tag","embeddable":true,"href":"https:\/\/defrentealaverdad.com\/index.php\/wp-json\/wp\/v2\/tags?post=8401"}],"curies":[{"name":"wp","href":"https:\/\/api.w.org\/{rel}","templated":true}]}}