{"id":8385,"date":"2023-10-18T03:57:18","date_gmt":"2023-10-18T03:57:18","guid":{"rendered":"https:\/\/defrentealaverdad.com\/?p=8385"},"modified":"2023-10-19T03:59:35","modified_gmt":"2023-10-19T03:59:35","slug":"republica-dominicana-buscara-record-guinness-para-el-sancocho-mas-grande-de-la-historia","status":"publish","type":"post","link":"https:\/\/defrentealaverdad.com\/index.php\/2023\/10\/18\/republica-dominicana-buscara-record-guinness-para-el-sancocho-mas-grande-de-la-historia\/","title":{"rendered":"Rep\u00fablica Dominicana buscar\u00e1 r\u00e9cord Guinness para el sancocho m\u00e1s grande de la historia"},"content":{"rendered":"<blockquote>\n<p style=\"text-align: justify;\">El Flavor Fusion Fest se llevar\u00e1 a cabo el 25 de noviembre en el parque Mirador del Este<\/p>\n<\/blockquote>\n<p style=\"text-align: justify;\">Santo Domingo.- La Rep\u00fablica Dominicana buscar\u00e1 establecer el r\u00e9cord Guinness del sancocho dominicano m\u00e1s grande de la historia, durante la celebraci\u00f3n del Flavor Fusion Fest, que ser\u00e1 realizado el s\u00e1bado 25 de noviembre, en el parque Mirador del Este.<\/p>\n<p style=\"text-align: justify;\"><img decoding=\"async\" class=\"size-medium wp-image-8386 aligncenter lazyload\" data-src=\"https:\/\/defrentealaverdad.com\/wp-content\/uploads\/2023\/10\/IMG-20231018-WA0115-300x200.jpg\" alt=\"\" width=\"300\" height=\"200\" data-srcset=\"https:\/\/defrentealaverdad.com\/wp-content\/uploads\/2023\/10\/IMG-20231018-WA0115-300x200.jpg 300w, https:\/\/defrentealaverdad.com\/wp-content\/uploads\/2023\/10\/IMG-20231018-WA0115-1024x682.jpg 1024w, https:\/\/defrentealaverdad.com\/wp-content\/uploads\/2023\/10\/IMG-20231018-WA0115-768x512.jpg 768w, https:\/\/defrentealaverdad.com\/wp-content\/uploads\/2023\/10\/IMG-20231018-WA0115-1536x1023.jpg 1536w, https:\/\/defrentealaverdad.com\/wp-content\/uploads\/2023\/10\/IMG-20231018-WA0115.jpg 1600w\" data-sizes=\"(max-width: 300px) 100vw, 300px\" src=\"data:image\/svg+xml;base64,PHN2ZyB3aWR0aD0iMSIgaGVpZ2h0PSIxIiB4bWxucz0iaHR0cDovL3d3dy53My5vcmcvMjAwMC9zdmciPjwvc3ZnPg==\" style=\"--smush-placeholder-width: 300px; --smush-placeholder-aspect-ratio: 300\/200;\" \/><\/p>\n<p style=\"text-align: justify;\">Para lograr este r\u00e9cord del famoso plato, se har\u00e1 una cantidad aproximada de 36,000 libras de sancocho. Esta receta insignia de la gastronom\u00eda dominicana es un s\u00edmbolo de nuestra identidad nacional, por lo que su \u00e9xito ser\u00e1 un logro para todos los dominicanos.<\/p>\n<p style=\"text-align: justify;\">Este evento, que cuenta con el apoyo del Ministerio de Cultura, tiene la finalidad de enaltecer la rica diversidad cultural del pa\u00eds y promover nuestra gastronom\u00eda.<\/p>\n<p style=\"text-align: justify;\"><img decoding=\"async\" class=\"size-medium wp-image-8387 aligncenter lazyload\" data-src=\"https:\/\/defrentealaverdad.com\/wp-content\/uploads\/2023\/10\/IMG-20231018-WA0117-300x200.jpg\" alt=\"\" width=\"300\" height=\"200\" data-srcset=\"https:\/\/defrentealaverdad.com\/wp-content\/uploads\/2023\/10\/IMG-20231018-WA0117-300x200.jpg 300w, https:\/\/defrentealaverdad.com\/wp-content\/uploads\/2023\/10\/IMG-20231018-WA0117-1024x682.jpg 1024w, https:\/\/defrentealaverdad.com\/wp-content\/uploads\/2023\/10\/IMG-20231018-WA0117-768x512.jpg 768w, https:\/\/defrentealaverdad.com\/wp-content\/uploads\/2023\/10\/IMG-20231018-WA0117-1536x1023.jpg 1536w, https:\/\/defrentealaverdad.com\/wp-content\/uploads\/2023\/10\/IMG-20231018-WA0117.jpg 1600w\" data-sizes=\"(max-width: 300px) 100vw, 300px\" src=\"data:image\/svg+xml;base64,PHN2ZyB3aWR0aD0iMSIgaGVpZ2h0PSIxIiB4bWxucz0iaHR0cDovL3d3dy53My5vcmcvMjAwMC9zdmciPjwvc3ZnPg==\" style=\"--smush-placeholder-width: 300px; --smush-placeholder-aspect-ratio: 300\/200;\" \/><\/p>\n<p style=\"text-align: justify;\">La informaci\u00f3n fue ofrecida a los medios de comunicaci\u00f3n durante una rueda de prensa encabezada por la ministra de Cultura, Milagros Germ\u00e1n; Amilkar Gonell, CEO de la empresa Gonell Enterprise; la chef Mar\u00eda Marte y Jehimy N\u00fa\u00f1ez, secretaria general de la Alcald\u00eda de Santo Domingo Este.<\/p>\n<p style=\"text-align: justify;\">Durante su intervenci\u00f3n, la ministra de Cultura, Milagros Germ\u00e1n, valor\u00f3 positivamente este evento, que resalta la cultura e industria gastron\u00f3mica, cada vez m\u00e1s relevante para la econom\u00eda naranja, para las industrias culturales y para el turismo cultural.<\/p>\n<p style=\"text-align: justify;\">La funcionaria rememor\u00f3 los or\u00edgenes del sancocho en la historia nacional, al tiempo que relacion\u00f3 este plato con la socializaci\u00f3n y la celebraci\u00f3n de actividades festivas o relevantes para las familias dominicanas.<\/p>\n<p style=\"text-align: justify;\">Asimismo, en el marco del Flavor Fusion Fest se llevar\u00e1n a cabo diversas actividades, tales como exposiciones culturales, degustaciones y presentaciones musicales que incluir\u00e1n g\u00e9neros como salsa, bachata, boleros, merengue, jazz latino y fusi\u00f3n.<\/p>\n<p style=\"text-align: justify;\"><img decoding=\"async\" class=\"size-medium wp-image-8388 aligncenter lazyload\" data-src=\"https:\/\/defrentealaverdad.com\/wp-content\/uploads\/2023\/10\/IMG-20231018-WA0116-300x176.jpg\" alt=\"\" width=\"300\" height=\"176\" data-srcset=\"https:\/\/defrentealaverdad.com\/wp-content\/uploads\/2023\/10\/IMG-20231018-WA0116-300x176.jpg 300w, https:\/\/defrentealaverdad.com\/wp-content\/uploads\/2023\/10\/IMG-20231018-WA0116-1024x600.jpg 1024w, https:\/\/defrentealaverdad.com\/wp-content\/uploads\/2023\/10\/IMG-20231018-WA0116-768x450.jpg 768w, https:\/\/defrentealaverdad.com\/wp-content\/uploads\/2023\/10\/IMG-20231018-WA0116-1536x900.jpg 1536w, https:\/\/defrentealaverdad.com\/wp-content\/uploads\/2023\/10\/IMG-20231018-WA0116.jpg 1600w\" data-sizes=\"(max-width: 300px) 100vw, 300px\" src=\"data:image\/svg+xml;base64,PHN2ZyB3aWR0aD0iMSIgaGVpZ2h0PSIxIiB4bWxucz0iaHR0cDovL3d3dy53My5vcmcvMjAwMC9zdmciPjwvc3ZnPg==\" style=\"--smush-placeholder-width: 300px; --smush-placeholder-aspect-ratio: 300\/176;\" \/><\/p>\n<p style=\"text-align: justify;\">El sancocho estar\u00e1 preparado por un destacado equipo de chefs dominicanos. Entre ellos, Am\u00edlkar Gonell, cofundador de Gonell Enterprise, quien cuenta con m\u00e1s de 20 a\u00f1os de experiencia en la preparaci\u00f3n de alimentos, desarrollo de men\u00fas y administraci\u00f3n de operaciones de cocina, y es considerado como un innovador culinario, famoso por elaborar platos de alta calidad de manera creativa.<\/p>\n<p style=\"text-align: justify;\">Por otro lado, Pamela Gonell, tambi\u00e9n cofundadora de Gonell Enterprise, con m\u00e1s de 15 a\u00f1os de experiencia culinaria, y Mar\u00eda Marte, chef dominicana de renombre mundial que trabaja en Espa\u00f1a, quien ostenta el t\u00edtulo de ser la \u00fanica mujer en dicho pa\u00eds y en Am\u00e9rica Latina con dos estrellas Michelin al frente de una cocina.<\/p>\n<p style=\"text-align: justify;\">El festival tambi\u00e9n promover\u00e1 pr\u00e1cticas seguras y sostenibles para preservar el espacio.<\/p>\n<p style=\"text-align: justify;\">El Flavor Fusion Fest cuenta con el apoyo de la Academia Dominicana de Gastronom\u00eda, el Gobierno de la Rep\u00fablica Dominicana y diversas empresas del pa\u00eds que comparten la misi\u00f3n de destacar la calidad, diversidad y excelencia de la gastronom\u00eda iberoamericana.<\/p>\n<p style=\"text-align: justify;\">La entrada general a este evento es gratuita, y las entradas VIP se encuentran disponibles en para la venta.<\/p>\n<p style=\"text-align: justify;\">Se recuerda que en 2021 Rep\u00fablica Dominicana consigui\u00f3 el r\u00e9cord Guinness al mang\u00fa servido m\u00e1s grande del mundo durante la realizaci\u00f3n del Flavor Fusion Fest, evento que tambi\u00e9n cont\u00f3 con el apoyo del Ministerio de Cultura.<\/p>\n<p style=\"text-align: justify;\"><strong>Firma de acuerdo<\/strong><\/p>\n<p style=\"text-align: justify;\">Durante el anuncio del gran evento, realizado en el Museo del Hombre Dominicano, el Ministerio de Cultura y la empresa Gonell Enterprise formalizaron un acuerdo de colaboraci\u00f3n para llevar a cabo el Flavor Fusion Fest.<\/p>\n<p style=\"text-align: justify;\">El convenio, que tiene como objetivo la promoci\u00f3n de la cultura y la gastronom\u00eda dominicana, fue rubricado por la ministra de Cultura, Milagros Germ\u00e1n, y las responsables de la empresa organizadora, Joyce Massiel Gonell Batista y Pamela Castillo Liranzo.<\/p>\n<p style=\"text-align: justify;\">Este acuerdo refuerza el compromiso del Ministerio de Cultura de fomentar la cultura y las artes en la Rep\u00fablica Dominicana y fortalece la colaboraci\u00f3n entre el sector p\u00fablico y privado en la promoci\u00f3n de la cultura gastron\u00f3mica del pa\u00eds.<\/p>\n<p style=\"text-align: justify;\">Puede obtener m\u00e1s informaci\u00f3n visitando www.flavorfusionfest.com o en https:\/\/www.instagram.com\/flavorfusionfest\/.<\/p>\n<p style=\"text-align: justify;\">Fuente: Flavor Fusion Fest<\/p>\n","protected":false},"excerpt":{"rendered":"<p>El Flavor Fusion Fest se llevar\u00e1 a cabo el 25 de noviembre en el parque<\/p>\n","protected":false},"author":2,"featured_media":0,"comment_status":"open","ping_status":"open","sticky":false,"template":"","format":"standard","meta":{"footnotes":""},"categories":[7],"tags":[],"class_list":["post-8385","post","type-post","status-publish","format-standard","hentry","category-nacionales"],"_links":{"self":[{"href":"https:\/\/defrentealaverdad.com\/index.php\/wp-json\/wp\/v2\/posts\/8385","targetHints":{"allow":["GET"]}}],"collection":[{"href":"https:\/\/defrentealaverdad.com\/index.php\/wp-json\/wp\/v2\/posts"}],"about":[{"href":"https:\/\/defrentealaverdad.com\/index.php\/wp-json\/wp\/v2\/types\/post"}],"author":[{"embeddable":true,"href":"https:\/\/defrentealaverdad.com\/index.php\/wp-json\/wp\/v2\/users\/2"}],"replies":[{"embeddable":true,"href":"https:\/\/defrentealaverdad.com\/index.php\/wp-json\/wp\/v2\/comments?post=8385"}],"version-history":[{"count":1,"href":"https:\/\/defrentealaverdad.com\/index.php\/wp-json\/wp\/v2\/posts\/8385\/revisions"}],"predecessor-version":[{"id":8389,"href":"https:\/\/defrentealaverdad.com\/index.php\/wp-json\/wp\/v2\/posts\/8385\/revisions\/8389"}],"wp:attachment":[{"href":"https:\/\/defrentealaverdad.com\/index.php\/wp-json\/wp\/v2\/media?parent=8385"}],"wp:term":[{"taxonomy":"category","embeddable":true,"href":"https:\/\/defrentealaverdad.com\/index.php\/wp-json\/wp\/v2\/categories?post=8385"},{"taxonomy":"post_tag","embeddable":true,"href":"https:\/\/defrentealaverdad.com\/index.php\/wp-json\/wp\/v2\/tags?post=8385"}],"curies":[{"name":"wp","href":"https:\/\/api.w.org\/{rel}","templated":true}]}}