{"id":832,"date":"2021-12-28T03:28:07","date_gmt":"2021-12-28T03:28:07","guid":{"rendered":"https:\/\/defrentealaverdad.com\/?p=832"},"modified":"2021-12-28T03:28:07","modified_gmt":"2021-12-28T03:28:07","slug":"cuarta-graduacion-del-programa-aprendices-entre-barrick-pueblo-viejo-y-el-infotep","status":"publish","type":"post","link":"https:\/\/defrentealaverdad.com\/index.php\/2021\/12\/28\/cuarta-graduacion-del-programa-aprendices-entre-barrick-pueblo-viejo-y-el-infotep\/","title":{"rendered":"Cuarta graduaci\u00f3n del programa Aprendices, entre Barrick Pueblo Viejo y el INFOTEP."},"content":{"rendered":"<p>El Programa de Aprendices, bajo la modalidad Dual, inici\u00f3 en el 2014 y a la fecha ha graduado a 108 j\u00f3venes de las comunidades cercanas a la mina de Pueblo Viejo en carreras t\u00e9cnicas vinculadas a la miner\u00eda<\/p>\n<p>S\u00e1nchez Ram\u00edrez, Rep\u00fablica Dominicana \u2013 19 de diciembre de 2021 \u2013 La minera Barrick Pueblo Viejo y el Instituto de Formaci\u00f3n T\u00e9cnico Profesional (INFOTEP) realizaron la graduaci\u00f3n de la cuarta promoci\u00f3n del Programa de Aprendices en la sede de Ayuntamiento del Distrito Municipal de Zambrana en S\u00e1nchez Ram\u00edrez.<\/p>\n<p>En esta ocasi\u00f3n, 56 j\u00f3venes de Zambrana, Cotu\u00ed, Maim\u00f3n y Piedra Blanca recibieron sus t\u00edtulos que los acreditan como t\u00e9cnicos en Electricidad e Instrumentaci\u00f3n, Metalmec\u00e1nica y Soldadura, Electromec\u00e1nica Automotriz y Diesel, tras participar durante dos a\u00f1os de esta modalidad de capacitaci\u00f3n que combina la teor\u00eda con el aprendizaje vinculado a la realidad pr\u00e1ctica del trabajo dentro de la empresa.<\/p>\n<p>Esta es la cuarta promoci\u00f3n del programa, que desde su piloto en 2014 y con este grupo ya ha graduado a 108 nuevos profesionales quienes al especializarse son elegibles para trabajar incluso dentro de la minera. Los j\u00f3venes recibieron sus certificados de la mano de Juana Barcel\u00f3, presidenta de Pueblo Viejo y de Rafael Santos Bad\u00eda, director del INFOTEP.<\/p>\n<p>\u201cNos sentimos orgullosos de esta cuarta promoci\u00f3n de aprendices, graduados en oficios relacionados a la miner\u00eda. Hoy, poseen un t\u00edtulo y experiencia laboral lo que les abre caminos, para trabajar e iniciar su vida productiva\u201d, dijo Barcel\u00f3.<\/p>\n<p>Agreg\u00f3 que 35 de los 55 graduandos han sido seleccionados para integrarse a la empresa como empleados fijos, lo que marca un logro para el avance de sus carreras y la mejor\u00eda de la calidad de vida de sus familias.<\/p>\n<p>A trav\u00e9s de este programa de formaci\u00f3n t\u00e9cnica, tambi\u00e9n se incentiva a la participaci\u00f3n y al desarrollo de las mujeres de las comunidades cercanas a la operaci\u00f3n minera, en esta cuarta promoci\u00f3n se graduaron 13 mujeres en oficios vinculados a la miner\u00eda proporcion\u00e1ndoles tambi\u00e9n la oportunidad de incorporarse como colaboradoras de la empresa.<\/p>\n<p>Las palabras de agradecimiento en nombre de los graduandos fueron ofrecidas por Daridalia Bautista Rosario de la carrera de Metalmec\u00e1nica y Soldadura para miner\u00eda, quien agradeci\u00f3 a la empresa y al INFOTEP por la oportunidad de capacitarse. Por otro lado, los aprendices meritorios fueron otorgados a C\u00e1ndida Reinoso Abreu, Ram\u00f3n Valent\u00edn Mej\u00eda y Willy Jos\u00e9 De Le\u00f3n.<\/p>\n<p>En la actualidad hay 89 aprendices activos en el programa, divididos en 45 mujeres y 44 hombres en las carreras de electromec\u00e1nica automotriz y Diesel, electricidad e instrumentaci\u00f3n, mec\u00e1nica industrial, metalmec\u00e1nica y soldadura.<\/p>\n<p><strong>SOBRE EL PROGRAMA DE APRENDICES<\/strong><\/p>\n<p>Est\u00e1 dirigido a j\u00f3venes, sin distinci\u00f3n de sexo, entre 18 y 25 a\u00f1os, que se forman con una visi\u00f3n global de una ocupaci\u00f3n de manera integral en una relaci\u00f3n Aprendiz-Maestro, enfoc\u00e1ndose en el trabajo en la empresa y en el centro de capacitaci\u00f3n.<\/p>\n<p>Surgi\u00f3 en el 2014 con una cantidad de 30 aprendices, y su implementaci\u00f3n estuvo centrada en el an\u00e1lisis de las estrategias de Barrick Pueblo Viejo para el desarrollo de las comunidades cercanas a<\/p>\n<p>la mina y las necesidades de mano de obra calificada, asociado a la aplicaci\u00f3n de iniciativas sustentables.<\/p>\n<p>Hist\u00f3rico<\/p>\n<p><strong>SOBRE PUEBLO VIEJO<\/strong><\/p>\n<p>Pueblo Viejo se encuentra en la Rep\u00fablica Dominicana, aproximadamente a 100 kil\u00f3metros al noroeste de la ciudad capital de Santo Domingo, y es operado por el Pueblo Viejo Dominicana Corporation, una empresa conjunta entre Barrick (60%) y Newmont (40%). El desarrollo del proyecto Pueblo Viejo comenz\u00f3 en 2009, con la primera producci\u00f3n en 2012. La fuerza laboral de la compa\u00f1\u00eda es 97% dominicana. A principios de este a\u00f1o, se puso en marcha con \u00e9xito la conversi\u00f3n a gas natural de Quisqueya 1, la central el\u00e9ctrica que suple a la mina. Esto reducir\u00e1 los gases de efecto invernadero en un 30% y el \u00f3xido de nitr\u00f3geno en un 85%, reduciendo a\u00fan m\u00e1s el impacto de Pueblo Viejo en el medio ambiente. Tambi\u00e9n se planifica un proyecto agroindustrial como un beneficio adicional para las comunidades locales.<\/p>\n","protected":false},"excerpt":{"rendered":"<p>El Programa de Aprendices, bajo la modalidad Dual, inici\u00f3 en el 2014 y a la<\/p>\n","protected":false},"author":1,"featured_media":833,"comment_status":"open","ping_status":"open","sticky":false,"template":"","format":"standard","meta":{"footnotes":""},"categories":[7],"tags":[],"class_list":["post-832","post","type-post","status-publish","format-standard","has-post-thumbnail","hentry","category-nacionales"],"_links":{"self":[{"href":"https:\/\/defrentealaverdad.com\/index.php\/wp-json\/wp\/v2\/posts\/832","targetHints":{"allow":["GET"]}}],"collection":[{"href":"https:\/\/defrentealaverdad.com\/index.php\/wp-json\/wp\/v2\/posts"}],"about":[{"href":"https:\/\/defrentealaverdad.com\/index.php\/wp-json\/wp\/v2\/types\/post"}],"author":[{"embeddable":true,"href":"https:\/\/defrentealaverdad.com\/index.php\/wp-json\/wp\/v2\/users\/1"}],"replies":[{"embeddable":true,"href":"https:\/\/defrentealaverdad.com\/index.php\/wp-json\/wp\/v2\/comments?post=832"}],"version-history":[{"count":1,"href":"https:\/\/defrentealaverdad.com\/index.php\/wp-json\/wp\/v2\/posts\/832\/revisions"}],"predecessor-version":[{"id":834,"href":"https:\/\/defrentealaverdad.com\/index.php\/wp-json\/wp\/v2\/posts\/832\/revisions\/834"}],"wp:featuredmedia":[{"embeddable":true,"href":"https:\/\/defrentealaverdad.com\/index.php\/wp-json\/wp\/v2\/media\/833"}],"wp:attachment":[{"href":"https:\/\/defrentealaverdad.com\/index.php\/wp-json\/wp\/v2\/media?parent=832"}],"wp:term":[{"taxonomy":"category","embeddable":true,"href":"https:\/\/defrentealaverdad.com\/index.php\/wp-json\/wp\/v2\/categories?post=832"},{"taxonomy":"post_tag","embeddable":true,"href":"https:\/\/defrentealaverdad.com\/index.php\/wp-json\/wp\/v2\/tags?post=832"}],"curies":[{"name":"wp","href":"https:\/\/api.w.org\/{rel}","templated":true}]}}