{"id":8316,"date":"2023-10-17T02:44:18","date_gmt":"2023-10-17T02:44:18","guid":{"rendered":"https:\/\/defrentealaverdad.com\/?p=8316"},"modified":"2023-10-18T02:45:38","modified_gmt":"2023-10-18T02:45:38","slug":"juramentan-nuevo-director-en-hospital-rodolfo-de-la-cruz-lora","status":"publish","type":"post","link":"https:\/\/defrentealaverdad.com\/index.php\/2023\/10\/17\/juramentan-nuevo-director-en-hospital-rodolfo-de-la-cruz-lora\/","title":{"rendered":"Juramentan nuevo director en hospital Rodolfo de la Cruz Lora"},"content":{"rendered":"<p style=\"text-align: justify;\"><img decoding=\"async\" class=\"size-medium wp-image-8317 alignleft lazyload\" data-src=\"https:\/\/defrentealaverdad.com\/wp-content\/uploads\/2023\/10\/WhatsApp-Image-2023-10-17-at-16.09.06-300x200.jpeg\" alt=\"\" width=\"300\" height=\"200\" data-srcset=\"https:\/\/defrentealaverdad.com\/wp-content\/uploads\/2023\/10\/WhatsApp-Image-2023-10-17-at-16.09.06-300x200.jpeg 300w, https:\/\/defrentealaverdad.com\/wp-content\/uploads\/2023\/10\/WhatsApp-Image-2023-10-17-at-16.09.06-768x512.jpeg 768w, https:\/\/defrentealaverdad.com\/wp-content\/uploads\/2023\/10\/WhatsApp-Image-2023-10-17-at-16.09.06.jpeg 1024w\" data-sizes=\"(max-width: 300px) 100vw, 300px\" src=\"data:image\/svg+xml;base64,PHN2ZyB3aWR0aD0iMSIgaGVpZ2h0PSIxIiB4bWxucz0iaHR0cDovL3d3dy53My5vcmcvMjAwMC9zdmciPjwvc3ZnPg==\" style=\"--smush-placeholder-width: 300px; --smush-placeholder-aspect-ratio: 300\/200;\" \/>Distrito Nacional, R.D.- El titular del Servicio Regional de Salud Metropolitano (SRSM), doctor Edisson F\u00e9liz F\u00e9liz jurament\u00f3 a su hom\u00f3logo Roberto Alexander Rodr\u00edguez Calex, como nuevo director hospital Rodolfo de la Cruz Lora, ubicado en Pedro Brand, provincia Santo Domingo.<\/p>\n<p style=\"text-align: justify;\">\u201cEstoy muy agradecido con esta oportunidad que se me ha brindado el Servicio Nacional de Salud, haremos nuestro mejor y mayor esfuerzo y vamos a ejecutar con altura el trabajo para el que fuimos asignados\u201d, expres\u00f3 el ginec\u00f3logo de profesi\u00f3n.<img decoding=\"async\" class=\"size-medium wp-image-8318 alignright lazyload\" data-src=\"https:\/\/defrentealaverdad.com\/wp-content\/uploads\/2023\/10\/WhatsApp-Image-2023-10-17-at-16.09.05-300x208.jpeg\" alt=\"\" width=\"300\" height=\"208\" data-srcset=\"https:\/\/defrentealaverdad.com\/wp-content\/uploads\/2023\/10\/WhatsApp-Image-2023-10-17-at-16.09.05-300x208.jpeg 300w, https:\/\/defrentealaverdad.com\/wp-content\/uploads\/2023\/10\/WhatsApp-Image-2023-10-17-at-16.09.05-768x533.jpeg 768w, https:\/\/defrentealaverdad.com\/wp-content\/uploads\/2023\/10\/WhatsApp-Image-2023-10-17-at-16.09.05.jpeg 1024w\" data-sizes=\"(max-width: 300px) 100vw, 300px\" src=\"data:image\/svg+xml;base64,PHN2ZyB3aWR0aD0iMSIgaGVpZ2h0PSIxIiB4bWxucz0iaHR0cDovL3d3dy53My5vcmcvMjAwMC9zdmciPjwvc3ZnPg==\" style=\"--smush-placeholder-width: 300px; --smush-placeholder-aspect-ratio: 300\/208;\" \/><\/p>\n<p style=\"text-align: justify;\">En el acto de juramentaci\u00f3n realizado en la sede de la Regional Metropolitana, el doctor F\u00e9liz F\u00e9liz resalt\u00f3 la trayectoria de Rodr\u00edguez Calex, a quien exhorta a mejorar a\u00fan m\u00e1s los est\u00e1ndares de calidad en los servicios que mantiene el centro de salud, y a siempre trabajar bajo los valores de la honestidad y responsabilidad, con miras a lo mejor para los pacientes.<\/p>\n<p style=\"text-align: justify;\">Rodr\u00edguez Calex cuenta con gran experiencia en gerencia, pues gran parte de su vida ha trabajado en hospitales, especialmente en salas de parto, y fue sub director del Materno Dra. Evangelina Rodr\u00edguez (Hospital de la Mujer), y luego director del Rafael Ma\u00f1\u00f3n de San Crist\u00f3bal.<\/p>\n<p style=\"text-align: justify;\">\u201cLa poblaci\u00f3n de Pedro Brand les recuerdo que tendr\u00e1n un aliado, y a nuestros compa\u00f1eros en el centro vamos a trabajar en unidad con la ayuda de Dios en favor de todos los usuarios\u201d, manifest\u00f3.<\/p>\n<p>Fuente: Gerencia de Comunicaciones SRSM<\/p>\n","protected":false},"excerpt":{"rendered":"<p>Distrito Nacional, R.D.- El titular del Servicio Regional de Salud Metropolitano (SRSM), doctor Edisson F\u00e9liz<\/p>\n","protected":false},"author":2,"featured_media":0,"comment_status":"open","ping_status":"open","sticky":false,"template":"","format":"standard","meta":{"footnotes":""},"categories":[7,221],"tags":[],"class_list":["post-8316","post","type-post","status-publish","format-standard","hentry","category-nacionales","category-salud"],"_links":{"self":[{"href":"https:\/\/defrentealaverdad.com\/index.php\/wp-json\/wp\/v2\/posts\/8316","targetHints":{"allow":["GET"]}}],"collection":[{"href":"https:\/\/defrentealaverdad.com\/index.php\/wp-json\/wp\/v2\/posts"}],"about":[{"href":"https:\/\/defrentealaverdad.com\/index.php\/wp-json\/wp\/v2\/types\/post"}],"author":[{"embeddable":true,"href":"https:\/\/defrentealaverdad.com\/index.php\/wp-json\/wp\/v2\/users\/2"}],"replies":[{"embeddable":true,"href":"https:\/\/defrentealaverdad.com\/index.php\/wp-json\/wp\/v2\/comments?post=8316"}],"version-history":[{"count":1,"href":"https:\/\/defrentealaverdad.com\/index.php\/wp-json\/wp\/v2\/posts\/8316\/revisions"}],"predecessor-version":[{"id":8319,"href":"https:\/\/defrentealaverdad.com\/index.php\/wp-json\/wp\/v2\/posts\/8316\/revisions\/8319"}],"wp:attachment":[{"href":"https:\/\/defrentealaverdad.com\/index.php\/wp-json\/wp\/v2\/media?parent=8316"}],"wp:term":[{"taxonomy":"category","embeddable":true,"href":"https:\/\/defrentealaverdad.com\/index.php\/wp-json\/wp\/v2\/categories?post=8316"},{"taxonomy":"post_tag","embeddable":true,"href":"https:\/\/defrentealaverdad.com\/index.php\/wp-json\/wp\/v2\/tags?post=8316"}],"curies":[{"name":"wp","href":"https:\/\/api.w.org\/{rel}","templated":true}]}}