{"id":829,"date":"2021-12-28T03:23:28","date_gmt":"2021-12-28T03:23:28","guid":{"rendered":"https:\/\/defrentealaverdad.com\/?p=829"},"modified":"2022-04-08T19:15:46","modified_gmt":"2022-04-08T19:15:46","slug":"esther-r-vanderhorst-declara-libre-de-faraon-con-su-mas-reciente-sencillo","status":"publish","type":"post","link":"https:\/\/defrentealaverdad.com\/index.php\/2021\/12\/28\/esther-r-vanderhorst-declara-libre-de-faraon-con-su-mas-reciente-sencillo\/","title":{"rendered":"Esther R. Vanderhorst declara \u00abLibre de Fara\u00f3n\u00bb con su m\u00e1s reciente sencillo"},"content":{"rendered":"<table style=\"height: 1027px;\" width=\"825\">\n<tbody>\n<tr>\n<td width=\"624\"><em>Santo Domingo, Rep. Dom. (3 de diciembre de 2021) \u2013\u00a0<\/em>Esther R. Vanderhorst declara en adoraci\u00f3n\u00a0<a href=\"https:\/\/r20.rs6.net\/tn.jsp?f=001Q3a81JlTwlG-FDV2-ADClSoh3p5PinwZny1VNBa9mZigRqyQOwCZSyRselVvEuclyDOc5ynZBoAukBjYDgbccc7qDdzrV9ZsfVAYClTcdaIPv-0aGiS2XCPMsT_zGCsXpw8BHN-rdqZSY22ZeR2N_LtV1MOWCUWx&amp;c=YNhfqVC08qGaw3dqNzvtF3cJx_YZuipf9_vmrFdiAdQ_B-qwV7VWLQ==&amp;ch=IV_G4ekapnxgkk5uOELmNwZmB7ncjMZRNTFJDm1ulbT_Y6Og0IimVA==\"><strong><em>\u00abLibre de Fara\u00f3n\u00bb<\/em><\/strong><\/a>\u00a0es tiempo de libertad, la redenci\u00f3n lleg\u00f3 y Dios ha visto la aflicci\u00f3n de su pueblo. El m\u00e1s reciente sencillo, que refleja el sentir de la cantautora, ya est\u00e1 disponible en todas las plataformas y tiendas digitales.<\/p>\n<p>El trabajo en equipo ha sido la verdadera raz\u00f3n por la que es posible con la direcci\u00f3n y respaldo de Dios que la adoradora hoy nos presente este sencillo musical como parte de su \u00e1lbum completo FUEGO, PASI\u00d3N Y L\u00c1GRIMAS.<\/p>\n<p>La int\u00e9rprete asegura que\u00a0<em>\u00abes mi funci\u00f3n para esta generaci\u00f3n entregar al Padre una adoraci\u00f3n verdadera para que muchos sean sanados, restaurados y liberados de la opresi\u00f3n del alma a trav\u00e9s de Su presencia manifiesta. Es lo que llam\u00f3 \u00abAdoraci\u00f3n Prof\u00e9tica\u00bb\u00bb.<\/em><\/p>\n<p><a href=\"https:\/\/r20.rs6.net\/tn.jsp?f=001Q3a81JlTwlG-FDV2-ADClSoh3p5PinwZny1VNBa9mZigRqyQOwCZSyRselVvEuclyDOc5ynZBoAukBjYDgbccc7qDdzrV9ZsfVAYClTcdaIPv-0aGiS2XCPMsT_zGCsXpw8BHN-rdqZSY22ZeR2N_LtV1MOWCUWx&amp;c=YNhfqVC08qGaw3dqNzvtF3cJx_YZuipf9_vmrFdiAdQ_B-qwV7VWLQ==&amp;ch=IV_G4ekapnxgkk5uOELmNwZmB7ncjMZRNTFJDm1ulbT_Y6Og0IimVA==\"><strong><em>\u00abLibre de Fara\u00f3n\u00bb<\/em><\/strong><\/a><em>\u00a0<\/em>ya est\u00e1 disponible en todas las plataformas digitales y el video musical se estrena hoy, viernes 3 de diciembre, a las 6 pm (Hora de Republica Dominicana) en un evento realizado en la Iglesia Vi\u00f1a de Dios.<\/p>\n<p><strong>Sobre Esther R. Vanderhorst<\/strong><\/p>\n<p>Adoradora prof\u00e9tica. Nacida en un hogar cristiano como hija de pastores. Se dedica al Real State o Bienes ra\u00edces en donde dirige un equipo de ventas, aunque su gran pasi\u00f3n es cantar. Desde ni\u00f1a estuvo cantando en coros de la iglesia hasta que a los 17 a\u00f1os entendi\u00f3 que pod\u00eda ser usada por Dios a trav\u00e9s de la alabanza y no ha existido otra cosa que pueda satisfacer su coraz\u00f3n desde entonces.<\/p>\n<p>Con una adoraci\u00f3n prof\u00e9tica y cantos de liberaci\u00f3n Dios le ha permitido recorrer diferentes ciudades de Rep\u00fablica Dominicana como San Pedro de Macor\u00eds, La Romana, San Juan de la Maguana, Barahona as\u00ed tambi\u00e9n otros pa\u00edses como Colombia, M\u00e9xico, Venezuela, Costa Rica y Estados Unidos.<\/p>\n<p>&nbsp;<\/p>\n<p>.<\/td>\n<\/tr>\n<\/tbody>\n<\/table>\n","protected":false},"excerpt":{"rendered":"<p>Santo Domingo, Rep. Dom. (3 de diciembre de 2021) \u2013\u00a0Esther R. Vanderhorst declara en adoraci\u00f3n\u00a0\u00abLibre<\/p>\n","protected":false},"author":1,"featured_media":830,"comment_status":"open","ping_status":"open","sticky":false,"template":"","format":"standard","meta":{"footnotes":""},"categories":[13],"tags":[],"class_list":["post-829","post","type-post","status-publish","format-standard","has-post-thumbnail","hentry","category-sociales"],"_links":{"self":[{"href":"https:\/\/defrentealaverdad.com\/index.php\/wp-json\/wp\/v2\/posts\/829","targetHints":{"allow":["GET"]}}],"collection":[{"href":"https:\/\/defrentealaverdad.com\/index.php\/wp-json\/wp\/v2\/posts"}],"about":[{"href":"https:\/\/defrentealaverdad.com\/index.php\/wp-json\/wp\/v2\/types\/post"}],"author":[{"embeddable":true,"href":"https:\/\/defrentealaverdad.com\/index.php\/wp-json\/wp\/v2\/users\/1"}],"replies":[{"embeddable":true,"href":"https:\/\/defrentealaverdad.com\/index.php\/wp-json\/wp\/v2\/comments?post=829"}],"version-history":[{"count":2,"href":"https:\/\/defrentealaverdad.com\/index.php\/wp-json\/wp\/v2\/posts\/829\/revisions"}],"predecessor-version":[{"id":1057,"href":"https:\/\/defrentealaverdad.com\/index.php\/wp-json\/wp\/v2\/posts\/829\/revisions\/1057"}],"wp:featuredmedia":[{"embeddable":true,"href":"https:\/\/defrentealaverdad.com\/index.php\/wp-json\/wp\/v2\/media\/830"}],"wp:attachment":[{"href":"https:\/\/defrentealaverdad.com\/index.php\/wp-json\/wp\/v2\/media?parent=829"}],"wp:term":[{"taxonomy":"category","embeddable":true,"href":"https:\/\/defrentealaverdad.com\/index.php\/wp-json\/wp\/v2\/categories?post=829"},{"taxonomy":"post_tag","embeddable":true,"href":"https:\/\/defrentealaverdad.com\/index.php\/wp-json\/wp\/v2\/tags?post=829"}],"curies":[{"name":"wp","href":"https:\/\/api.w.org\/{rel}","templated":true}]}}