{"id":8250,"date":"2023-10-17T18:41:37","date_gmt":"2023-10-17T18:41:37","guid":{"rendered":"https:\/\/defrentealaverdad.com\/?p=8250"},"modified":"2023-10-17T18:41:37","modified_gmt":"2023-10-17T18:41:37","slug":"cevaldom-celebra-sus-20-anos-en-servicios-2","status":"publish","type":"post","link":"https:\/\/defrentealaverdad.com\/index.php\/2023\/10\/17\/cevaldom-celebra-sus-20-anos-en-servicios-2\/","title":{"rendered":"CEVALDOM celebra sus 20 a\u00f1os en servicios"},"content":{"rendered":"<p><img decoding=\"async\" class=\"size-medium wp-image-8251 alignleft lazyload\" data-src=\"https:\/\/defrentealaverdad.com\/wp-content\/uploads\/2023\/10\/WhatsApp-Image-2023-10-17-at-14.09.09-300x200.jpeg\" alt=\"\" width=\"300\" height=\"200\" data-srcset=\"https:\/\/defrentealaverdad.com\/wp-content\/uploads\/2023\/10\/WhatsApp-Image-2023-10-17-at-14.09.09-300x200.jpeg 300w, https:\/\/defrentealaverdad.com\/wp-content\/uploads\/2023\/10\/WhatsApp-Image-2023-10-17-at-14.09.09-1024x682.jpeg 1024w, https:\/\/defrentealaverdad.com\/wp-content\/uploads\/2023\/10\/WhatsApp-Image-2023-10-17-at-14.09.09-768x512.jpeg 768w, https:\/\/defrentealaverdad.com\/wp-content\/uploads\/2023\/10\/WhatsApp-Image-2023-10-17-at-14.09.09-1536x1023.jpeg 1536w, https:\/\/defrentealaverdad.com\/wp-content\/uploads\/2023\/10\/WhatsApp-Image-2023-10-17-at-14.09.09.jpeg 1600w\" data-sizes=\"(max-width: 300px) 100vw, 300px\" src=\"data:image\/svg+xml;base64,PHN2ZyB3aWR0aD0iMSIgaGVpZ2h0PSIxIiB4bWxucz0iaHR0cDovL3d3dy53My5vcmcvMjAwMC9zdmciPjwvc3ZnPg==\" style=\"--smush-placeholder-width: 300px; --smush-placeholder-aspect-ratio: 300\/200;\" \/><\/p>\n<p style=\"text-align: justify;\"><strong>Santo Domingo, DN. <\/strong>Con el objetivo de agradecer el crecimiento, los desaf\u00edos superados y los logros alcanzados, la familia CEVALDOM celebra sus 20 a\u00f1os de servicios y trayectoria.<\/p>\n<p style=\"text-align: justify;\">En el marco de la celebraci\u00f3n de su vig\u00e9simo aniversario, CEVALDOM realiz\u00f3 una misa de acci\u00f3n de gracias en la Catedral Primada de America Santa Mar\u00eda de la Encarnaci\u00f2n, oficiada por el reverendo Padre Jos\u00e9 Puerta, acompa\u00f1ados de sus accionistas, reguladores, miembros del consejo de administraci\u00f3n, clientes, colaboradores, amigos, y distinguidos invitados de la prensa.<\/p>\n<p style=\"text-align: justify;\">El discurso de agradecimiento en la misa estuvo a cargo de Freddy Rossi, gerente general de CEVALDOM quien record\u00f3 en sus palabras todos los retos as\u00ed como desaf\u00edos que han atravesado y superado, \u201cCon inmensa gratitud reconocemos hoy el esfuerzo, la dedicaci\u00f3n y el esmero que ha puesto un extraordinario grupo de profesionales por velar por el buen norte, la transparencia y la correcta ejecuci\u00f3n de cada plan trazado de esta gran aventura.\u201d enfatiz\u00f3.<\/p>\n<p style=\"text-align: justify;\">Cabe destacar que la empresa ha servido de soporte para la dinamizaci\u00f3n de procesos en el mercado de valores de la sociedad dominicana, basando sus servicios en una estructura s\u00f3lida, transparente y segura, bajo una plataforma tecnol\u00f3gica vanguardista, destacaron sus mentores.<\/p>\n<p style=\"text-align: justify;\">\u201cHoy quiero agradecer al equipo CEVALDOM. Que orgulloso me hace sentir representarles, poder llevarme la historia detr\u00e1s de cada uno de ustedes y como he sido testigo del poder que tienen de transformar una ilusi\u00f3n en un objetivo cumplido. En 20 a\u00f1os, he tenido la dicha de so\u00f1ar junto a gente apasionada, \u00edntegra e incansable. Hoy les agradezco su confianza y su entrega, que sean parte de esta historia, que nos dieran la oportunidad de alcanzar nuestro prop\u00f3sito como empresa a trav\u00e9s del trabajo bien hecho. Gracias muchachos.\u201d culmin\u00f3 su discurso el Sr. Rossi.<\/p>\n<p style=\"text-align: justify;\">Tras finalizar la misa de agradecimiento dicha instituci\u00f3n realiz\u00f3 un c\u00f3ctel en honor a todos sus invitados en el centro de eventos Portazul con la intenci\u00f3n de continuar con el festejo de sus 20 a\u00f1os.<\/p>\n<p style=\"text-align: justify;\">Las palabras de bienvenida del c\u00f3ctel estuvieron a cargo de Laura Hern\u00e1ndez, presidenta del consejo directores CEVALDOM, quien expres\u00f3 que: \u201cAgradezco la valent\u00eda que tuvieron nuestros accionistas de aventurarse a crear desde lo desconocido, confiados en que emprender este reto nos llevar\u00eda a aportar modernidad, pero, sobre todo, seguridad a ese renacer que experimentaba el Mercado de Valores en aquellos tiempos\u201d.<img decoding=\"async\" class=\"size-medium wp-image-8252 alignright lazyload\" data-src=\"https:\/\/defrentealaverdad.com\/wp-content\/uploads\/2023\/10\/WhatsApp-Image-2023-10-17-at-14.09.08-300x200.jpeg\" alt=\"\" width=\"300\" height=\"200\" data-srcset=\"https:\/\/defrentealaverdad.com\/wp-content\/uploads\/2023\/10\/WhatsApp-Image-2023-10-17-at-14.09.08-300x200.jpeg 300w, https:\/\/defrentealaverdad.com\/wp-content\/uploads\/2023\/10\/WhatsApp-Image-2023-10-17-at-14.09.08-1024x682.jpeg 1024w, https:\/\/defrentealaverdad.com\/wp-content\/uploads\/2023\/10\/WhatsApp-Image-2023-10-17-at-14.09.08-768x512.jpeg 768w, https:\/\/defrentealaverdad.com\/wp-content\/uploads\/2023\/10\/WhatsApp-Image-2023-10-17-at-14.09.08-1536x1023.jpeg 1536w, https:\/\/defrentealaverdad.com\/wp-content\/uploads\/2023\/10\/WhatsApp-Image-2023-10-17-at-14.09.08.jpeg 1600w\" data-sizes=\"(max-width: 300px) 100vw, 300px\" src=\"data:image\/svg+xml;base64,PHN2ZyB3aWR0aD0iMSIgaGVpZ2h0PSIxIiB4bWxucz0iaHR0cDovL3d3dy53My5vcmcvMjAwMC9zdmciPjwvc3ZnPg==\" style=\"--smush-placeholder-width: 300px; --smush-placeholder-aspect-ratio: 300\/200;\" \/><\/p>\n<p style=\"text-align: justify;\"><strong>Acerca de CEVALDOM<\/strong><\/p>\n<p style=\"text-align: justify;\">CEVALDOM nace de una iniciativa visionaria de la Bolsa de Valores, quien con la promulgaci\u00f3n de la Ley No. 249-17 sobre el Mercado de Valores y la creaci\u00f3n de la figura del dep\u00f3sito centralizado, reconoci\u00f3 el impacto de esta entidad en el desarrollo que hoy observamos en nuestro mercado. Es una infraestructura del mercado financiero que presta servicios esenciales al mercado de valores dominicano. Como tal contribuye en mantener la estabilidad, la resiliencia y la transparencia de dicho mercado, reduciendo riesgos sist\u00e9micos y salvaguardando los derechos de propiedad de los inversionistas sobre sus valores.<\/p>\n<p style=\"text-align: justify;\">Cabe destacar que la organizaci\u00f3n internacional Great Place to Work Caribe y Centroam\u00e9rica ha otorgado a CEVALDOM el reconocimiento como uno de los Mejores Lugares para Trabajar en la Rep\u00fablica Dominicana y el Caribe, ocupando el 6to lugar dentro del indicado ranking y el 4to lugar de las empresas del sector financiero.<\/p>\n<p>Fuente: Prensa\u00a0 CEVALDOM<\/p>\n<p>&nbsp;<\/p>\n","protected":false},"excerpt":{"rendered":"<p>Santo Domingo, DN. Con el objetivo de agradecer el crecimiento, los desaf\u00edos superados y los<\/p>\n","protected":false},"author":4,"featured_media":0,"comment_status":"open","ping_status":"open","sticky":false,"template":"","format":"standard","meta":{"footnotes":""},"categories":[2,7],"tags":[],"class_list":["post-8250","post","type-post","status-publish","format-standard","hentry","category-economicas","category-nacionales"],"_links":{"self":[{"href":"https:\/\/defrentealaverdad.com\/index.php\/wp-json\/wp\/v2\/posts\/8250","targetHints":{"allow":["GET"]}}],"collection":[{"href":"https:\/\/defrentealaverdad.com\/index.php\/wp-json\/wp\/v2\/posts"}],"about":[{"href":"https:\/\/defrentealaverdad.com\/index.php\/wp-json\/wp\/v2\/types\/post"}],"author":[{"embeddable":true,"href":"https:\/\/defrentealaverdad.com\/index.php\/wp-json\/wp\/v2\/users\/4"}],"replies":[{"embeddable":true,"href":"https:\/\/defrentealaverdad.com\/index.php\/wp-json\/wp\/v2\/comments?post=8250"}],"version-history":[{"count":1,"href":"https:\/\/defrentealaverdad.com\/index.php\/wp-json\/wp\/v2\/posts\/8250\/revisions"}],"predecessor-version":[{"id":8253,"href":"https:\/\/defrentealaverdad.com\/index.php\/wp-json\/wp\/v2\/posts\/8250\/revisions\/8253"}],"wp:attachment":[{"href":"https:\/\/defrentealaverdad.com\/index.php\/wp-json\/wp\/v2\/media?parent=8250"}],"wp:term":[{"taxonomy":"category","embeddable":true,"href":"https:\/\/defrentealaverdad.com\/index.php\/wp-json\/wp\/v2\/categories?post=8250"},{"taxonomy":"post_tag","embeddable":true,"href":"https:\/\/defrentealaverdad.com\/index.php\/wp-json\/wp\/v2\/tags?post=8250"}],"curies":[{"name":"wp","href":"https:\/\/api.w.org\/{rel}","templated":true}]}}