{"id":8215,"date":"2023-10-16T02:39:36","date_gmt":"2023-10-16T02:39:36","guid":{"rendered":"https:\/\/defrentealaverdad.com\/?p=8215"},"modified":"2023-10-17T02:44:56","modified_gmt":"2023-10-17T02:44:56","slug":"amedip-realizo-exitoso-taller-de-comunicacion-en-la-era-de-la-transformacion-digital-con-cristal-acevedo","status":"publish","type":"post","link":"https:\/\/defrentealaverdad.com\/index.php\/2023\/10\/16\/amedip-realizo-exitoso-taller-de-comunicacion-en-la-era-de-la-transformacion-digital-con-cristal-acevedo\/","title":{"rendered":"AMEDIP realiz\u00f3 exitoso taller de comunicaci\u00f3n en la era de la transformaci\u00f3n digital con Cristal Acevedo"},"content":{"rendered":"<p style=\"text-align: justify;\">\u00a0<img decoding=\"async\" class=\"size-medium wp-image-8217 alignright lazyload\" data-src=\"https:\/\/defrentealaverdad.com\/wp-content\/uploads\/2023\/10\/WhatsApp-Image-2023-10-16-at-22.39.17-300x200.jpeg\" alt=\"\" width=\"300\" height=\"200\" data-srcset=\"https:\/\/defrentealaverdad.com\/wp-content\/uploads\/2023\/10\/WhatsApp-Image-2023-10-16-at-22.39.17-300x200.jpeg 300w, https:\/\/defrentealaverdad.com\/wp-content\/uploads\/2023\/10\/WhatsApp-Image-2023-10-16-at-22.39.17-1024x681.jpeg 1024w, https:\/\/defrentealaverdad.com\/wp-content\/uploads\/2023\/10\/WhatsApp-Image-2023-10-16-at-22.39.17-768x511.jpeg 768w, https:\/\/defrentealaverdad.com\/wp-content\/uploads\/2023\/10\/WhatsApp-Image-2023-10-16-at-22.39.17.jpeg 1512w\" data-sizes=\"(max-width: 300px) 100vw, 300px\" src=\"data:image\/svg+xml;base64,PHN2ZyB3aWR0aD0iMSIgaGVpZ2h0PSIxIiB4bWxucz0iaHR0cDovL3d3dy53My5vcmcvMjAwMC9zdmciPjwvc3ZnPg==\" style=\"--smush-placeholder-width: 300px; --smush-placeholder-aspect-ratio: 300\/200;\" \/><\/p>\n<p style=\"text-align: justify;\">El pasado viernes 6 de octubre de 2023, la Asociaci\u00f3n de Medios Digitales Punta Cana &#8211; Higuey (AMEDIP) realiz\u00f3 el taller de comunicaci\u00f3n en la era de la transformaci\u00f3n digital, con la participaci\u00f3n especial de Cristal Acevedo, presidenta del Observatorio de Medios Digitales de Rep\u00fablica Dominicana.<\/p>\n<p style=\"text-align: justify;\">El taller, que tuvo lugar en las instalaciones de PYHEX WORK PUNTA CANA, cont\u00f3 con el apoyo de CEPM, el Observatorio de Medios Digitales de Rep\u00fablica Dominicana, PYHEX WORK PUNTA CANA, BavaroMagazine, BavaroDigital, Eden Travel Tours e impresi\u00f3nate, como marcas patrocinadoras.<\/p>\n<p style=\"text-align: justify;\">El objetivo del taller fue brindar a los medios de comunicaci\u00f3n y a los profesionales del sector las herramientas y las estrategias necesarias para adaptarse a los cambios y a las oportunidades que ofrece la transformaci\u00f3n digital.<\/p>\n<p style=\"text-align: justify;\"><img decoding=\"async\" class=\"size-medium wp-image-8216 alignleft lazyload\" data-src=\"https:\/\/defrentealaverdad.com\/wp-content\/uploads\/2023\/10\/WhatsApp-Image-2023-10-16-at-22.39.19-300x169.jpeg\" alt=\"\" width=\"300\" height=\"169\" data-srcset=\"https:\/\/defrentealaverdad.com\/wp-content\/uploads\/2023\/10\/WhatsApp-Image-2023-10-16-at-22.39.19-300x169.jpeg 300w, https:\/\/defrentealaverdad.com\/wp-content\/uploads\/2023\/10\/WhatsApp-Image-2023-10-16-at-22.39.19-1024x576.jpeg 1024w, https:\/\/defrentealaverdad.com\/wp-content\/uploads\/2023\/10\/WhatsApp-Image-2023-10-16-at-22.39.19-768x432.jpeg 768w, https:\/\/defrentealaverdad.com\/wp-content\/uploads\/2023\/10\/WhatsApp-Image-2023-10-16-at-22.39.19-1536x864.jpeg 1536w, https:\/\/defrentealaverdad.com\/wp-content\/uploads\/2023\/10\/WhatsApp-Image-2023-10-16-at-22.39.19-800x450.jpeg 800w, https:\/\/defrentealaverdad.com\/wp-content\/uploads\/2023\/10\/WhatsApp-Image-2023-10-16-at-22.39.19.jpeg 1600w\" data-sizes=\"(max-width: 300px) 100vw, 300px\" src=\"data:image\/svg+xml;base64,PHN2ZyB3aWR0aD0iMSIgaGVpZ2h0PSIxIiB4bWxucz0iaHR0cDovL3d3dy53My5vcmcvMjAwMC9zdmciPjwvc3ZnPg==\" style=\"--smush-placeholder-width: 300px; --smush-placeholder-aspect-ratio: 300\/169;\" \/>Cristal Acevedo comparti\u00f3 con los asistentes su experiencia y su visi\u00f3n sobre el panorama actual y futuro de los medios digitales, as\u00ed como las buenas pr\u00e1cticas y los casos de \u00e9xito que se han desarrollado en el pa\u00eds y en el mundo.<img decoding=\"async\" class=\"size-medium wp-image-8218 alignright lazyload\" data-src=\"https:\/\/defrentealaverdad.com\/wp-content\/uploads\/2023\/10\/WhatsApp-Image-2023-10-16-at-22.39.18-200x300.jpeg\" alt=\"\" width=\"200\" height=\"300\" data-srcset=\"https:\/\/defrentealaverdad.com\/wp-content\/uploads\/2023\/10\/WhatsApp-Image-2023-10-16-at-22.39.18-200x300.jpeg 200w, https:\/\/defrentealaverdad.com\/wp-content\/uploads\/2023\/10\/WhatsApp-Image-2023-10-16-at-22.39.18-681x1024.jpeg 681w, https:\/\/defrentealaverdad.com\/wp-content\/uploads\/2023\/10\/WhatsApp-Image-2023-10-16-at-22.39.18-768x1155.jpeg 768w, https:\/\/defrentealaverdad.com\/wp-content\/uploads\/2023\/10\/WhatsApp-Image-2023-10-16-at-22.39.18-1021x1536.jpeg 1021w, https:\/\/defrentealaverdad.com\/wp-content\/uploads\/2023\/10\/WhatsApp-Image-2023-10-16-at-22.39.18.jpeg 1064w\" data-sizes=\"(max-width: 200px) 100vw, 200px\" src=\"data:image\/svg+xml;base64,PHN2ZyB3aWR0aD0iMSIgaGVpZ2h0PSIxIiB4bWxucz0iaHR0cDovL3d3dy53My5vcmcvMjAwMC9zdmciPjwvc3ZnPg==\" style=\"--smush-placeholder-width: 200px; --smush-placeholder-aspect-ratio: 200\/300;\" \/><\/p>\n<p style=\"text-align: justify;\">El evento tambi\u00e9n cont\u00f3 con la participaci\u00f3n art\u00edstica especial de Enny Way, quien deleit\u00f3 al p\u00fablico con su m\u00fasica. Al finalizar el taller, se le realiz\u00f3 un reconocimiento a Franklin de la Cruz por sus 8 a\u00f1os de trayectoria en su emisora Punta Cana Hits 89.9 FM. Adem\u00e1s, se proyect\u00f3 en pantalla grande el nuevo video clip de la artista internacional Claudies y su tema \u00abAhora qu\u00e9?\u00bb.<\/p>\n<p style=\"text-align: justify;\">Las palabras de agradecimiento estuvieron a cargo del presidente de AMEDIP, \u00c1ngel Fern\u00e1ndez, quien resalt\u00f3 la importancia de este tipo de actividades para fortalecer el sector de los medios digitales. Las palabras de bienvenida estuvieron a cargo de Gery Soriano, director de eventos de AMEDIP y organizador del taller. Asimismo, Helena S\u00e1enz, gerente senior de comunicaci\u00f3n y valor compartido de CEPM, dio las palabras en apoyo al periodismo.<\/p>\n<p style=\"text-align: justify;\">El taller fue un \u00e9xito y cont\u00f3 con una gran asistencia y participaci\u00f3n. Los medios digitales demostraron su inter\u00e9s y su compromiso por mantenerse actualizados y ofrecer un servicio de calidad a sus audiencias.<\/p>\n<p style=\"text-align: justify;\">Fuente: AMEDIP<\/p>\n","protected":false},"excerpt":{"rendered":"<p>\u00a0 El pasado viernes 6 de octubre de 2023, la Asociaci\u00f3n de Medios Digitales Punta<\/p>\n","protected":false},"author":2,"featured_media":0,"comment_status":"open","ping_status":"open","sticky":false,"template":"","format":"standard","meta":{"footnotes":""},"categories":[7],"tags":[],"class_list":["post-8215","post","type-post","status-publish","format-standard","hentry","category-nacionales"],"_links":{"self":[{"href":"https:\/\/defrentealaverdad.com\/index.php\/wp-json\/wp\/v2\/posts\/8215","targetHints":{"allow":["GET"]}}],"collection":[{"href":"https:\/\/defrentealaverdad.com\/index.php\/wp-json\/wp\/v2\/posts"}],"about":[{"href":"https:\/\/defrentealaverdad.com\/index.php\/wp-json\/wp\/v2\/types\/post"}],"author":[{"embeddable":true,"href":"https:\/\/defrentealaverdad.com\/index.php\/wp-json\/wp\/v2\/users\/2"}],"replies":[{"embeddable":true,"href":"https:\/\/defrentealaverdad.com\/index.php\/wp-json\/wp\/v2\/comments?post=8215"}],"version-history":[{"count":1,"href":"https:\/\/defrentealaverdad.com\/index.php\/wp-json\/wp\/v2\/posts\/8215\/revisions"}],"predecessor-version":[{"id":8219,"href":"https:\/\/defrentealaverdad.com\/index.php\/wp-json\/wp\/v2\/posts\/8215\/revisions\/8219"}],"wp:attachment":[{"href":"https:\/\/defrentealaverdad.com\/index.php\/wp-json\/wp\/v2\/media?parent=8215"}],"wp:term":[{"taxonomy":"category","embeddable":true,"href":"https:\/\/defrentealaverdad.com\/index.php\/wp-json\/wp\/v2\/categories?post=8215"},{"taxonomy":"post_tag","embeddable":true,"href":"https:\/\/defrentealaverdad.com\/index.php\/wp-json\/wp\/v2\/tags?post=8215"}],"curies":[{"name":"wp","href":"https:\/\/api.w.org\/{rel}","templated":true}]}}