{"id":8198,"date":"2023-10-16T02:23:50","date_gmt":"2023-10-16T02:23:50","guid":{"rendered":"https:\/\/defrentealaverdad.com\/?p=8198"},"modified":"2023-10-17T02:28:09","modified_gmt":"2023-10-17T02:28:09","slug":"erika-lane-se-presento-en-la-segunda-edicion-de-la-conciencia-ambiental-y-la-responsabilidad-social-en-el-sector-de-las-mipymes-verdes","status":"publish","type":"post","link":"https:\/\/defrentealaverdad.com\/index.php\/2023\/10\/16\/erika-lane-se-presento-en-la-segunda-edicion-de-la-conciencia-ambiental-y-la-responsabilidad-social-en-el-sector-de-las-mipymes-verdes\/","title":{"rendered":"Erika Lane se present\u00f3 en la segunda edici\u00f3n de la conciencia ambiental y la responsabilidad social en el sector de las mipymes verdes."},"content":{"rendered":"<p style=\"text-align: justify;\"><img decoding=\"async\" class=\"size-medium wp-image-8199 alignleft lazyload\" data-src=\"https:\/\/defrentealaverdad.com\/wp-content\/uploads\/2023\/10\/WhatsApp-Image-2023-10-16-at-22.25.50-300x200.jpeg\" alt=\"\" width=\"300\" height=\"200\" data-srcset=\"https:\/\/defrentealaverdad.com\/wp-content\/uploads\/2023\/10\/WhatsApp-Image-2023-10-16-at-22.25.50-300x200.jpeg 300w, https:\/\/defrentealaverdad.com\/wp-content\/uploads\/2023\/10\/WhatsApp-Image-2023-10-16-at-22.25.50-1024x683.jpeg 1024w, https:\/\/defrentealaverdad.com\/wp-content\/uploads\/2023\/10\/WhatsApp-Image-2023-10-16-at-22.25.50-768x512.jpeg 768w, https:\/\/defrentealaverdad.com\/wp-content\/uploads\/2023\/10\/WhatsApp-Image-2023-10-16-at-22.25.50-1536x1024.jpeg 1536w, https:\/\/defrentealaverdad.com\/wp-content\/uploads\/2023\/10\/WhatsApp-Image-2023-10-16-at-22.25.50-2048x1366.jpeg 2048w\" data-sizes=\"(max-width: 300px) 100vw, 300px\" src=\"data:image\/svg+xml;base64,PHN2ZyB3aWR0aD0iMSIgaGVpZ2h0PSIxIiB4bWxucz0iaHR0cDovL3d3dy53My5vcmcvMjAwMC9zdmciPjwvc3ZnPg==\" style=\"--smush-placeholder-width: 300px; --smush-placeholder-aspect-ratio: 300\/200;\" \/><br \/>\nSanto Domingo. \u2013 La artista Erika Lane se present\u00f3 por primera vez en la 2da edici\u00f3n del lanzamiento oficial de la conciencia ambiental y la responsabilidad social en el sector de las Mipymes Verdes. El cual tiene como objetivo principal generar triple impacto en la comunidad: impacto econ\u00f3mico, social y ambiental. Donde fue lanzado oficialmente en las instalaciones del restaurante YAO en B\u00e1varo &#8211; Punta Cana.<\/p>\n<p style=\"text-align: justify;\">La Artista ofreci\u00f3 un show art\u00edstico a todos los presentes del evento donde tambien fue de madrina del mismo, resalto que, como madre emprendedora, soy amante de la preservaci\u00f3n y conservaci\u00f3n del medio ambiente, es por esto que me uno a este evento \u201cMypimes verdes\u201d impulsando a colaborar con el cuidado de nuestro h\u00e1bitat, recordando que tenemos un compromiso con las futuras generaciones. Indico la artista.<img decoding=\"async\" class=\"size-medium wp-image-8200 alignright lazyload\" data-src=\"https:\/\/defrentealaverdad.com\/wp-content\/uploads\/2023\/10\/WhatsApp-Image-2023-10-16-at-22.25.49-300x200.jpeg\" alt=\"\" width=\"300\" height=\"200\" data-srcset=\"https:\/\/defrentealaverdad.com\/wp-content\/uploads\/2023\/10\/WhatsApp-Image-2023-10-16-at-22.25.49-300x200.jpeg 300w, https:\/\/defrentealaverdad.com\/wp-content\/uploads\/2023\/10\/WhatsApp-Image-2023-10-16-at-22.25.49-1024x682.jpeg 1024w, https:\/\/defrentealaverdad.com\/wp-content\/uploads\/2023\/10\/WhatsApp-Image-2023-10-16-at-22.25.49-768x512.jpeg 768w, https:\/\/defrentealaverdad.com\/wp-content\/uploads\/2023\/10\/WhatsApp-Image-2023-10-16-at-22.25.49-1536x1024.jpeg 1536w, https:\/\/defrentealaverdad.com\/wp-content\/uploads\/2023\/10\/WhatsApp-Image-2023-10-16-at-22.25.49-2048x1365.jpeg 2048w\" data-sizes=\"(max-width: 300px) 100vw, 300px\" src=\"data:image\/svg+xml;base64,PHN2ZyB3aWR0aD0iMSIgaGVpZ2h0PSIxIiB4bWxucz0iaHR0cDovL3d3dy53My5vcmcvMjAwMC9zdmciPjwvc3ZnPg==\" style=\"--smush-placeholder-width: 300px; --smush-placeholder-aspect-ratio: 300\/200;\" \/><\/p>\n<p style=\"text-align: justify;\">se destac\u00f3 la relevancia de llevar a cabo el primer evento abierto al p\u00fablico y de gran magnitud a toda la comunidad de b\u00e1varo y con ella puedan asumir la responsabilidad del medio ambiente en el sector de las mipymes verdes, el impacto econ\u00f3mico, social y ambiental. La actividad, adem\u00e1s busca concientizar a la sociedad en general sobre la importancia de la responsabilidad ambiental y promover pr\u00e1cticas sostenibles en el \u00e1mbito empresarial.<\/p>\n<p style=\"text-align: justify;\">El evento cont\u00f3 con la presencia del director general de Promipyme, Porfirio Peralta, junto a Wagner Jim\u00e9nez, Sub-director de Cr\u00e9dito, \u00c1ngel Matos Aud\u00e9n, Subdirector de Gesti\u00f3n y Desarrollo Empresarial, Sra. Erika Lane, Rossi Disla Peralta, Gerente de Proyectos Especiales, Ezequiel Aquino, Director de Cr\u00e9dito, Escarla Cedano, Directora de Cr\u00e9dito Este Corto, Ennio Santana, Gerente de Medio Ambiente, Rosa Elena Moreno, Encargada de Servicios Generales, Sra. Alejandra Basanta, Directora de Saniconsult, y el Sr. Jes\u00fas Aponte, CEO de Naranja China.<\/p>\n<p>&nbsp;<\/p>\n<p>Fuente: RR.PP. Erika Lan<\/p>\n","protected":false},"excerpt":{"rendered":"<p>Santo Domingo. \u2013 La artista Erika Lane se present\u00f3 por primera vez en la 2da<\/p>\n","protected":false},"author":4,"featured_media":0,"comment_status":"open","ping_status":"open","sticky":false,"template":"","format":"standard","meta":{"footnotes":""},"categories":[6],"tags":[],"class_list":["post-8198","post","type-post","status-publish","format-standard","hentry","category-espectaculos"],"_links":{"self":[{"href":"https:\/\/defrentealaverdad.com\/index.php\/wp-json\/wp\/v2\/posts\/8198","targetHints":{"allow":["GET"]}}],"collection":[{"href":"https:\/\/defrentealaverdad.com\/index.php\/wp-json\/wp\/v2\/posts"}],"about":[{"href":"https:\/\/defrentealaverdad.com\/index.php\/wp-json\/wp\/v2\/types\/post"}],"author":[{"embeddable":true,"href":"https:\/\/defrentealaverdad.com\/index.php\/wp-json\/wp\/v2\/users\/4"}],"replies":[{"embeddable":true,"href":"https:\/\/defrentealaverdad.com\/index.php\/wp-json\/wp\/v2\/comments?post=8198"}],"version-history":[{"count":1,"href":"https:\/\/defrentealaverdad.com\/index.php\/wp-json\/wp\/v2\/posts\/8198\/revisions"}],"predecessor-version":[{"id":8201,"href":"https:\/\/defrentealaverdad.com\/index.php\/wp-json\/wp\/v2\/posts\/8198\/revisions\/8201"}],"wp:attachment":[{"href":"https:\/\/defrentealaverdad.com\/index.php\/wp-json\/wp\/v2\/media?parent=8198"}],"wp:term":[{"taxonomy":"category","embeddable":true,"href":"https:\/\/defrentealaverdad.com\/index.php\/wp-json\/wp\/v2\/categories?post=8198"},{"taxonomy":"post_tag","embeddable":true,"href":"https:\/\/defrentealaverdad.com\/index.php\/wp-json\/wp\/v2\/tags?post=8198"}],"curies":[{"name":"wp","href":"https:\/\/api.w.org\/{rel}","templated":true}]}}