{"id":8153,"date":"2023-10-15T03:59:52","date_gmt":"2023-10-15T03:59:52","guid":{"rendered":"https:\/\/defrentealaverdad.com\/?p=8153"},"modified":"2023-10-16T04:01:11","modified_gmt":"2023-10-16T04:01:11","slug":"alcalde-ignacio-rosa-impulsa-la-participacion-ciudadana-del-municipio-pepillo-salcedo-a-traves-del-presupuesto-participativo-2024","status":"publish","type":"post","link":"https:\/\/defrentealaverdad.com\/index.php\/2023\/10\/15\/alcalde-ignacio-rosa-impulsa-la-participacion-ciudadana-del-municipio-pepillo-salcedo-a-traves-del-presupuesto-participativo-2024\/","title":{"rendered":"Alcalde Ignacio Rosa Impulsa la Participaci\u00f3n Ciudadana del municipio Pepillo Salcedo a trav\u00e9s del Presupuesto Participativo 2024&#8243;"},"content":{"rendered":"<div class=\"separator\"><a href=\"https:\/\/blogger.googleusercontent.com\/img\/b\/R29vZ2xl\/AVvXsEgTgWXi-73Dfd65Lvuv8vbnQyuK1Hm8PyWxrTAVkrTICRe1_ynHD3ZzhbQwjjYOWjQi-WSeE9DBXmqOeoRuuHlYt2QMLf2Jy5Fbf_aQ6UzSx2jakBleU8jgU96bt-oLyauih6L3zGUoPdfFdmKGLsO4RnEyfRaIqs96lAFgXr8KkuLXsIxQEUUhhO8MYZMH\/s720\/Alcalde%20del%20Punicipio%20Pepillo%20Salcedo%20Ignacio%20Rosa.jpg\"><img decoding=\"async\" class=\"alignleft lazyload\" data-src=\"https:\/\/blogger.googleusercontent.com\/img\/b\/R29vZ2xl\/AVvXsEgTgWXi-73Dfd65Lvuv8vbnQyuK1Hm8PyWxrTAVkrTICRe1_ynHD3ZzhbQwjjYOWjQi-WSeE9DBXmqOeoRuuHlYt2QMLf2Jy5Fbf_aQ6UzSx2jakBleU8jgU96bt-oLyauih6L3zGUoPdfFdmKGLsO4RnEyfRaIqs96lAFgXr8KkuLXsIxQEUUhhO8MYZMH\/s320\/Alcalde%20del%20Punicipio%20Pepillo%20Salcedo%20Ignacio%20Rosa.jpg\" width=\"320\" height=\"320\" border=\"0\" data-original-height=\"720\" data-original-width=\"720\" src=\"data:image\/svg+xml;base64,PHN2ZyB3aWR0aD0iMSIgaGVpZ2h0PSIxIiB4bWxucz0iaHR0cDovL3d3dy53My5vcmcvMjAwMC9zdmciPjwvc3ZnPg==\" style=\"--smush-placeholder-width: 320px; --smush-placeholder-aspect-ratio: 320\/320;\" \/><\/a><\/div>\n<p style=\"text-align: justify;\">\u00a0\u00a0Manzanillo, Montecristi. En un acto de empoderamiento ciudadano y compromiso con el desarrollo local, el pasado jueves la comunidad de Manzanillo se erigi\u00f3 como principal protagonista de su futuro. Bajo la coordinaci\u00f3n de Ignacio Rosa, alcalde del municipio Pepillo Salcedo, se llev\u00f3 a cabo una asamblea general informativa, congregando a l\u00edderes de organizaciones sociales y comunitarias.<\/p>\n<p>El objetivo: informar sobre el lanzamiento del plan de asambleas comunitarias que se realizar\u00e1n en los diversos sectores de Manzanillo, todo orientado hacia la formulaci\u00f3n del Presupuesto Participativo para el a\u00f1o 2024, en el que la poblaci\u00f3n tomar\u00e1 decisiones claves sobre las obras y proyectos a implementarse.<\/p>\n<p>Frank Valenzuela, responsable de la Oficina de Planificaci\u00f3n y Programaci\u00f3n Municipal del Ayuntamiento de Pepillo Salcedo, destac\u00f3 que pese a la ausencia f\u00edsica con excusa del alcalde Rosa, su esp\u00edritu y visi\u00f3n resplandecieron en la iniciativa, continuando con una gesti\u00f3n caracterizada por la colaboraci\u00f3n y acci\u00f3n comunitaria. La implementaci\u00f3n integral del Presupuesto Participativo ha sido una constante en su mandato, resaltando su consistente compromiso con la transparencia y el empoderamiento ciudadano.<\/p>\n<p>El evento cont\u00f3 con la participaci\u00f3n de numerosas organizaciones sociales y comunitarias de la comunidad de Manzanillo, entre ellas, la Federaci\u00f3n de Junta de Vecinos y diversas juntas de sectores como Pueblo Nuevo y Alto de Las Palomas, Manhattan, Los Barracones, la 14, La Casita y El Cerro. Participaron adem\u00e1s, las juntas de Vecinos de los sectores, Villa Banack, Villa Raif, La Casita y El Cerro.<\/p>\n<div class=\"separator\" style=\"text-align: justify;\"><a href=\"https:\/\/blogger.googleusercontent.com\/img\/b\/R29vZ2xl\/AVvXsEgV8Hm9U81gXICWkXmG0ven50VuwAS5nOdANw2G6A5l8JZMbAusQmfw32RmrMIQQVHOQDRBYX3OrP-8hRTSVwS8IqMR1mw1O3SC-HeipJYN0Ir_QBECMEF2sRg7M1yDwI81AjF53QHoBkroNpb0jw8WoC6ZAg3HMByPrPzu1h49tlcwijX_ySWjsUCuDDZi\/s1024\/Los-participantes-en-la-Asamblea-rotated.jpg\"><img decoding=\"async\" class=\"alignright lazyload\" data-src=\"https:\/\/blogger.googleusercontent.com\/img\/b\/R29vZ2xl\/AVvXsEgV8Hm9U81gXICWkXmG0ven50VuwAS5nOdANw2G6A5l8JZMbAusQmfw32RmrMIQQVHOQDRBYX3OrP-8hRTSVwS8IqMR1mw1O3SC-HeipJYN0Ir_QBECMEF2sRg7M1yDwI81AjF53QHoBkroNpb0jw8WoC6ZAg3HMByPrPzu1h49tlcwijX_ySWjsUCuDDZi\/s320\/Los-participantes-en-la-Asamblea-rotated.jpg\" width=\"320\" height=\"180\" border=\"0\" data-original-height=\"577\" data-original-width=\"1024\" src=\"data:image\/svg+xml;base64,PHN2ZyB3aWR0aD0iMSIgaGVpZ2h0PSIxIiB4bWxucz0iaHR0cDovL3d3dy53My5vcmcvMjAwMC9zdmciPjwvc3ZnPg==\" style=\"--smush-placeholder-width: 320px; --smush-placeholder-aspect-ratio: 320\/180;\" \/><\/a><\/div>\n<p style=\"text-align: justify;\">El Consejo de Desarrollo del Municipio Pepillo Salcedo, La Defensa Civil, el Club de Golf, la Asociaci\u00f3n de Marinos Mercantes, el Cluster Tur\u00edstico de Manzanillo y representantes de diferentes creencias religiosas tambi\u00e9n enriquecieron la asamblea con su presencia y propuestas, entre ellas la iglesia Misionera, Adventista y Pentecost\u00e9s, evidenciando la diversidad y unidad que caracteriza a Manzanillo. Todos unidos con un \u00fanico prop\u00f3sito: el desarrollo comunitario.<\/p>\n<div class=\"separator\" style=\"text-align: justify;\"><a href=\"https:\/\/blogger.googleusercontent.com\/img\/b\/R29vZ2xl\/AVvXsEifwI6VdThrwLJbsO9_W19DOo2EBmBxjltrviDjgo1wRISAkLmTME6Z-wkVU6CMzwpGnni8QDD0TqYr4X857LusgMwqrM-rsyVbtsjBew54G1esTVlJxYDjnX_ZOWvu5XEL42Fz3ge3O-xS42tHcHEJSOnxH7XTtcg00nNlB_iuw7dbaQDjsfljrIrIYVKC\/s1024\/lIDERES%20DE%20LAS%20ORGANIZACIONES%20COMUNITARIAS%20QUE%20ASISTIERRON%20A%20ASAMBLEA.jpg\"><img decoding=\"async\" class=\"alignleft lazyload\" data-src=\"https:\/\/blogger.googleusercontent.com\/img\/b\/R29vZ2xl\/AVvXsEifwI6VdThrwLJbsO9_W19DOo2EBmBxjltrviDjgo1wRISAkLmTME6Z-wkVU6CMzwpGnni8QDD0TqYr4X857LusgMwqrM-rsyVbtsjBew54G1esTVlJxYDjnX_ZOWvu5XEL42Fz3ge3O-xS42tHcHEJSOnxH7XTtcg00nNlB_iuw7dbaQDjsfljrIrIYVKC\/s320\/lIDERES%20DE%20LAS%20ORGANIZACIONES%20COMUNITARIAS%20QUE%20ASISTIERRON%20A%20ASAMBLEA.jpg\" width=\"320\" height=\"240\" border=\"0\" data-original-height=\"768\" data-original-width=\"1024\" src=\"data:image\/svg+xml;base64,PHN2ZyB3aWR0aD0iMSIgaGVpZ2h0PSIxIiB4bWxucz0iaHR0cDovL3d3dy53My5vcmcvMjAwMC9zdmciPjwvc3ZnPg==\" style=\"--smush-placeholder-width: 320px; --smush-placeholder-aspect-ratio: 320\/240;\" \/><\/a><\/div>\n<p style=\"text-align: justify;\">En un evento, en que actu\u00f3 como maestra de ceremonia la profesora Antonia Perdono, quien coordin\u00f3 magistralmente la actividad, cada voz fue escuchada y cada propuesta considerada, fortaleciendo la esencia de este proceso y asegurando una ejecuci\u00f3n que resuene con las necesidades aut\u00e9nticas de la poblaci\u00f3n.<\/p>\n<p>Igualmente, Helvio Bejar\u00e1n, coordinador del Consejo de Desarrollo de Pepillo Salcedo, haciendo uso de las palabras, destac\u00f3 a trav\u00e9s de importantes reflexiones el papel crucial de las asambleas comunitarias en la planificaci\u00f3n municipal, compartiendo la visi\u00f3n proyectada hacia 2030, que busca no solo construir un futuro sino hacerlo de la mano con la ciudadan\u00eda.<\/p>\n<p>Con una agenda definida, del 16 al 29 de octubre, Frank Valenzuela, de la Oficina de Planificaci\u00f3n y Programaci\u00f3n Municipal, explic\u00f3 que se realizar\u00e1n 9 asambleas comunitarias, una en cada sector de Manzanillo, donde los ciudadanos podr\u00e1n realizar propuestas de ideas de proyectos, permitiendo que los diversos sectores prioricen sus necesidades y seleccionen las obras de mayor urgencia para ser incorporadas en el presupuesto del pr\u00f3ximo a\u00f1o.<\/p>\n<p>Valenzuela destac\u00f3 que el alcalde Ignacio Rosa, con un destacado fervor c\u00edvico, enfatiza la trascendental importancia de que los ciudadanos ejerzan un rol activo en la determinaci\u00f3n de su futuro, afianzando as\u00ed la fortaleza del gobierno local. \u00abLa participaci\u00f3n ciudadana es la piedra angular del fortalecimiento de nuestro gobierno local\u00bb, expuso con Valenzuela, en un evento marcado por una nutrida y activa participaci\u00f3n.<\/p>\n<p>Destac\u00f3 que m\u00faltiples sectores de la comunidad, en un acto de integraci\u00f3n y cohesi\u00f3n, unieron fuerzas y propuestas en b\u00fasqueda del progreso comunitario. La inclusi\u00f3n de diferentes credos religiosos y asociaciones demostr\u00f3 que la uni\u00f3n, en todas sus expresiones, prevalece como eje de desarrollo.<\/p>\n<p>El encargado de la Oficina de Planificaci\u00f3n y Programaci\u00f3n Municipal consider\u00f3 adem\u00e1s que el m\u00e9todo del Presupuesto Participativo, alineado con la Ley 176-07, se erige como un valioso mecanismo de democracia y transparencia, posibilitando que la ciudadan\u00eda participe activamente en las decisiones presupuestarias y fortalezca la gesti\u00f3n p\u00fablica.<\/p>\n<p>Revel\u00f3 que es vital mencionar que, hasta el presente mes de octubre, el 97% de las obras y proyectos del Presupuesto Participativo 2023 han sido exitosamente ejecutados. Esta cifra no es solo un n\u00famero, sino un testimonio del compromiso con la ejecuci\u00f3n y la materializaci\u00f3n de las propuestas ciudadanas.<\/p>\n<p>Destac\u00f3 que m\u00e1s all\u00e1 de la selecci\u00f3n, cada propuesta ser\u00e1 elevada a asambleas de delegados de cada sector y posteriormente al Concejo de Regidores para su aprobaci\u00f3n e implementaci\u00f3n, garantizando que las decisiones comunitarias se traduzcan en acciones concretas del gobierno local.<\/p>\n<p>Esta estrategia, m\u00e1s que un simple proceso selectivo, busca que cada ciudadano se convierta en un actor esencial, tanto en el diagn\u00f3stico como en la formulaci\u00f3n y ejecuci\u00f3n de soluciones, asegurando un desarrollo sincronizado con las aut\u00e9nticas necesidades y aspiraciones de la poblaci\u00f3n.<\/p>\n<p>Por consiguiente, Manzanillo se consolida como un ejemplo de participaci\u00f3n colectiva y activa, albergando una comunidad cuyas voces resuenan y propuestas son valoradas intr\u00ednsecamente.<\/p>\n<p>El Presupuesto Participativo 2024 trasciende ser una estrategia de gesti\u00f3n, al manifestarse como la concreci\u00f3n de una comunidad implicada en la toma de decisiones y administraci\u00f3n p\u00fablica.<\/p>\n<p>Finalmente, Valenzuela inform\u00f3 que este abordaje del presupuesto participativo reafirma el papel del gobierno local como facilitador y mediador, y no simplemente como ejecutor, destacando el papel crucial de la comunidad en las decisiones y en la gesti\u00f3n p\u00fablica, en sinton\u00eda con un gobierno municipal que escucha, incluye y ejecuta en beneficio de todos.<\/p>\n<p style=\"text-align: justify;\">\n<p style=\"text-align: justify;\">Fuente: Informaciones a Nivel<\/p>\n","protected":false},"excerpt":{"rendered":"<p>\u00a0\u00a0Manzanillo, Montecristi. En un acto de empoderamiento ciudadano y compromiso con el desarrollo local, el<\/p>\n","protected":false},"author":1,"featured_media":0,"comment_status":"open","ping_status":"open","sticky":false,"template":"","format":"standard","meta":{"footnotes":""},"categories":[7],"tags":[],"class_list":["post-8153","post","type-post","status-publish","format-standard","hentry","category-nacionales"],"_links":{"self":[{"href":"https:\/\/defrentealaverdad.com\/index.php\/wp-json\/wp\/v2\/posts\/8153","targetHints":{"allow":["GET"]}}],"collection":[{"href":"https:\/\/defrentealaverdad.com\/index.php\/wp-json\/wp\/v2\/posts"}],"about":[{"href":"https:\/\/defrentealaverdad.com\/index.php\/wp-json\/wp\/v2\/types\/post"}],"author":[{"embeddable":true,"href":"https:\/\/defrentealaverdad.com\/index.php\/wp-json\/wp\/v2\/users\/1"}],"replies":[{"embeddable":true,"href":"https:\/\/defrentealaverdad.com\/index.php\/wp-json\/wp\/v2\/comments?post=8153"}],"version-history":[{"count":1,"href":"https:\/\/defrentealaverdad.com\/index.php\/wp-json\/wp\/v2\/posts\/8153\/revisions"}],"predecessor-version":[{"id":8154,"href":"https:\/\/defrentealaverdad.com\/index.php\/wp-json\/wp\/v2\/posts\/8153\/revisions\/8154"}],"wp:attachment":[{"href":"https:\/\/defrentealaverdad.com\/index.php\/wp-json\/wp\/v2\/media?parent=8153"}],"wp:term":[{"taxonomy":"category","embeddable":true,"href":"https:\/\/defrentealaverdad.com\/index.php\/wp-json\/wp\/v2\/categories?post=8153"},{"taxonomy":"post_tag","embeddable":true,"href":"https:\/\/defrentealaverdad.com\/index.php\/wp-json\/wp\/v2\/tags?post=8153"}],"curies":[{"name":"wp","href":"https:\/\/api.w.org\/{rel}","templated":true}]}}