{"id":8105,"date":"2023-10-15T03:02:28","date_gmt":"2023-10-15T03:02:28","guid":{"rendered":"https:\/\/defrentealaverdad.com\/?p=8105"},"modified":"2023-10-16T03:08:52","modified_gmt":"2023-10-16T03:08:52","slug":"apec-invita-a-la-conferencia-religiosidad-y-afrofuturismo-caribeno-en-la-ficcion-especulativa-dominicana","status":"publish","type":"post","link":"https:\/\/defrentealaverdad.com\/index.php\/2023\/10\/15\/apec-invita-a-la-conferencia-religiosidad-y-afrofuturismo-caribeno-en-la-ficcion-especulativa-dominicana\/","title":{"rendered":"APEC invita a la conferencia \u00abReligiosidad y afrofuturismo caribe\u00f1o en la ficci\u00f3n especulativa dominicana\u00bb"},"content":{"rendered":"<p style=\"text-align: justify;\"><img decoding=\"async\" class=\"size-medium wp-image-8106 aligncenter lazyload\" data-src=\"https:\/\/defrentealaverdad.com\/wp-content\/uploads\/2023\/10\/IMG-20231015-WA0144-300x300.jpg\" alt=\"\" width=\"300\" height=\"300\" data-srcset=\"https:\/\/defrentealaverdad.com\/wp-content\/uploads\/2023\/10\/IMG-20231015-WA0144-300x300.jpg 300w, https:\/\/defrentealaverdad.com\/wp-content\/uploads\/2023\/10\/IMG-20231015-WA0144-1024x1024.jpg 1024w, https:\/\/defrentealaverdad.com\/wp-content\/uploads\/2023\/10\/IMG-20231015-WA0144-150x150.jpg 150w, https:\/\/defrentealaverdad.com\/wp-content\/uploads\/2023\/10\/IMG-20231015-WA0144-768x768.jpg 768w, https:\/\/defrentealaverdad.com\/wp-content\/uploads\/2023\/10\/IMG-20231015-WA0144.jpg 1080w\" data-sizes=\"(max-width: 300px) 100vw, 300px\" src=\"data:image\/svg+xml;base64,PHN2ZyB3aWR0aD0iMSIgaGVpZ2h0PSIxIiB4bWxucz0iaHR0cDovL3d3dy53My5vcmcvMjAwMC9zdmciPjwvc3ZnPg==\" style=\"--smush-placeholder-width: 300px; --smush-placeholder-aspect-ratio: 300\/300;\" \/><\/p>\n<p style=\"text-align: justify;\">Santo Domingo. <strong>La Universidad APEC<\/strong> invita a la conferencia \u00abReligiosidad y Afrofuturismo caribe\u00f1o en la Ficci\u00f3n Especulativa Dominicana\u00bb, el pr\u00f3ximo mi\u00e9rcoles 18 de octubre a las 7:00 p.m. impartida por el escritor y publicista Isidro Jim\u00e9nez Guill\u00e9n.<\/p>\n<p style=\"text-align: justify;\"><strong>Sobre el conferencista<\/strong><\/p>\n<p style=\"text-align: justify;\">Isidro Jim\u00e9nez Guill\u00e9n, naci\u00f3 en la Ciudad de San Crist\u00f3bal, Rep\u00fablica Dominicana, 1ro de febrero de 1987. Escritor y publicista, ganador del Premio Joven de Cuento de la Feria Internacional del Libro 2013) y el 1er Lugar del Certamen para Escritores de la Regi\u00f3n Sur (Feria Regional del Libro 2014 y 2020), entre otros reconocimientos en el Concurso de Cuentos de Radio Santa Mar\u00eda (2009, 2015 y 2018).<\/p>\n<p style=\"text-align: justify;\"><img decoding=\"async\" class=\"size-medium wp-image-8107 aligncenter lazyload\" data-src=\"https:\/\/defrentealaverdad.com\/wp-content\/uploads\/2023\/10\/IMG-20231015-WA0143-300x300.jpg\" alt=\"\" width=\"300\" height=\"300\" data-srcset=\"https:\/\/defrentealaverdad.com\/wp-content\/uploads\/2023\/10\/IMG-20231015-WA0143-300x300.jpg 300w, https:\/\/defrentealaverdad.com\/wp-content\/uploads\/2023\/10\/IMG-20231015-WA0143-150x150.jpg 150w, https:\/\/defrentealaverdad.com\/wp-content\/uploads\/2023\/10\/IMG-20231015-WA0143.jpg 469w\" data-sizes=\"(max-width: 300px) 100vw, 300px\" src=\"data:image\/svg+xml;base64,PHN2ZyB3aWR0aD0iMSIgaGVpZ2h0PSIxIiB4bWxucz0iaHR0cDovL3d3dy53My5vcmcvMjAwMC9zdmciPjwvc3ZnPg==\" style=\"--smush-placeholder-width: 300px; --smush-placeholder-aspect-ratio: 300\/300;\" \/><\/p>\n<p style=\"text-align: justify;\">Ha sido jurado en cert\u00e1menes como el Premio Joven de Cuento del 2021, entre otros.<\/p>\n<p style=\"text-align: justify;\">Ha participado en eventos internacionales como la Feria del Libro de New Jersey, EE.UU. en el 2021 (virtual), as\u00ed como en el 1er Festival internacional de Poes\u00eda Vallenata en la ciudad de Valledupar, Colombia en el 2023.<\/p>\n<p style=\"text-align: justify;\"><strong>Bibliograf\u00eda activa<\/strong><\/p>\n<ul style=\"text-align: justify;\">\n<li><em>Vertebral<\/em>, art\u00edculos sobre literatura (Peri\u00f3dico El Nuevo Diario, 2015-2016).<\/li>\n<li><em>Naboria<\/em>, cuentos (UME, 2019).<\/li>\n<li><em>De la esquina se ve todo<\/em>, novela (Editora Nacional, 2020).<\/li>\n<li><em>Art\u00edculos sobre pel\u00edculas y series<\/em> (Revista GACETA RD, 2020-2021).<\/li>\n<\/ul>\n<p style=\"text-align: justify;\"><strong>Antolog\u00edas y otras compilaciones<\/strong><img decoding=\"async\" class=\"size-medium wp-image-8109 aligncenter lazyload\" data-src=\"https:\/\/defrentealaverdad.com\/wp-content\/uploads\/2023\/10\/IMG-20231015-WA0145-240x300.jpg\" alt=\"\" width=\"240\" height=\"300\" data-srcset=\"https:\/\/defrentealaverdad.com\/wp-content\/uploads\/2023\/10\/IMG-20231015-WA0145-240x300.jpg 240w, https:\/\/defrentealaverdad.com\/wp-content\/uploads\/2023\/10\/IMG-20231015-WA0145.jpg 700w\" data-sizes=\"(max-width: 240px) 100vw, 240px\" src=\"data:image\/svg+xml;base64,PHN2ZyB3aWR0aD0iMSIgaGVpZ2h0PSIxIiB4bWxucz0iaHR0cDovL3d3dy53My5vcmcvMjAwMC9zdmciPjwvc3ZnPg==\" style=\"--smush-placeholder-width: 240px; --smush-placeholder-aspect-ratio: 240\/300;\" \/><\/p>\n<p style=\"text-align: justify;\">\u2022 Ganadores del 16to Concurso de Cuentos Radio Santa Mar\u00eda 2009.<\/p>\n<p style=\"text-align: justify;\">\u2022 N\u00famero para los Guti\u00e9rrez y otros cuentos, Antolog\u00eda de ganadores del Premio Joven de Cuento, Feria Internacional del Libro, Santo Domingo 2013.<\/p>\n<p style=\"text-align: justify;\">\u2022 13 LUEGO DE LAS 6, Antolog\u00eda del Taller Literario Narradores de Santo Domingo, 2014.<\/p>\n<p style=\"text-align: justify;\">\u2022 El Sur Fecundo, textos ganadores del Certamen para Escritores de la Regi\u00f3n Sur, Peravia 2014.<\/p>\n<p style=\"text-align: justify;\">\u2022 Ganadores del 22do Concurso de Cuentos Radio Santa Mar\u00eda 2015.<\/p>\n<p style=\"text-align: justify;\">\u2022 Ganadores del 25to Concurso de Cuentos Radio Santa Mar\u00eda 2018.<\/p>\n<p style=\"text-align: justify;\">\u2022 Sospecha Colectiva, Antolog\u00eda del Taller Literario Narradores de Santo Domingo, 2018.<\/p>\n<p style=\"text-align: justify;\">\u2022 Paula, textos ganadores del Certamen para Escritores de la Regi\u00f3n Sur, Bahoruco 2020.<\/p>\n<p style=\"text-align: justify;\">Fuente: Al Asunto<\/p>\n","protected":false},"excerpt":{"rendered":"<p>Santo Domingo. La Universidad APEC invita a la conferencia \u00abReligiosidad y Afrofuturismo caribe\u00f1o en la<\/p>\n","protected":false},"author":2,"featured_media":0,"comment_status":"open","ping_status":"open","sticky":false,"template":"","format":"standard","meta":{"footnotes":""},"categories":[7],"tags":[],"class_list":["post-8105","post","type-post","status-publish","format-standard","hentry","category-nacionales"],"_links":{"self":[{"href":"https:\/\/defrentealaverdad.com\/index.php\/wp-json\/wp\/v2\/posts\/8105","targetHints":{"allow":["GET"]}}],"collection":[{"href":"https:\/\/defrentealaverdad.com\/index.php\/wp-json\/wp\/v2\/posts"}],"about":[{"href":"https:\/\/defrentealaverdad.com\/index.php\/wp-json\/wp\/v2\/types\/post"}],"author":[{"embeddable":true,"href":"https:\/\/defrentealaverdad.com\/index.php\/wp-json\/wp\/v2\/users\/2"}],"replies":[{"embeddable":true,"href":"https:\/\/defrentealaverdad.com\/index.php\/wp-json\/wp\/v2\/comments?post=8105"}],"version-history":[{"count":2,"href":"https:\/\/defrentealaverdad.com\/index.php\/wp-json\/wp\/v2\/posts\/8105\/revisions"}],"predecessor-version":[{"id":8111,"href":"https:\/\/defrentealaverdad.com\/index.php\/wp-json\/wp\/v2\/posts\/8105\/revisions\/8111"}],"wp:attachment":[{"href":"https:\/\/defrentealaverdad.com\/index.php\/wp-json\/wp\/v2\/media?parent=8105"}],"wp:term":[{"taxonomy":"category","embeddable":true,"href":"https:\/\/defrentealaverdad.com\/index.php\/wp-json\/wp\/v2\/categories?post=8105"},{"taxonomy":"post_tag","embeddable":true,"href":"https:\/\/defrentealaverdad.com\/index.php\/wp-json\/wp\/v2\/tags?post=8105"}],"curies":[{"name":"wp","href":"https:\/\/api.w.org\/{rel}","templated":true}]}}