{"id":8040,"date":"2023-10-13T02:09:41","date_gmt":"2023-10-13T02:09:41","guid":{"rendered":"https:\/\/defrentealaverdad.com\/?p=8040"},"modified":"2023-10-15T02:11:10","modified_gmt":"2023-10-15T02:11:10","slug":"precandidato-declina-en-favor-del-periodista-julio-disla","status":"publish","type":"post","link":"https:\/\/defrentealaverdad.com\/index.php\/2023\/10\/13\/precandidato-declina-en-favor-del-periodista-julio-disla\/","title":{"rendered":"Precandidato declina en favor del periodista Julio Disla"},"content":{"rendered":"<p style=\"text-align: justify;\"><img decoding=\"async\" class=\"size-medium wp-image-8041 alignleft lazyload\" data-src=\"https:\/\/defrentealaverdad.com\/wp-content\/uploads\/2023\/10\/WhatsApp-Image-2023-10-14-at-21.34.07-256x300.jpeg\" alt=\"\" width=\"256\" height=\"300\" data-srcset=\"https:\/\/defrentealaverdad.com\/wp-content\/uploads\/2023\/10\/WhatsApp-Image-2023-10-14-at-21.34.07-256x300.jpeg 256w, https:\/\/defrentealaverdad.com\/wp-content\/uploads\/2023\/10\/WhatsApp-Image-2023-10-14-at-21.34.07.jpeg 462w\" data-sizes=\"(max-width: 256px) 100vw, 256px\" src=\"data:image\/svg+xml;base64,PHN2ZyB3aWR0aD0iMSIgaGVpZ2h0PSIxIiB4bWxucz0iaHR0cDovL3d3dy53My5vcmcvMjAwMC9zdmciPjwvc3ZnPg==\" style=\"--smush-placeholder-width: 256px; --smush-placeholder-aspect-ratio: 256\/300;\" \/>El precandidato a Diputado de Ultramar por el Partido Frente Amplio, licenciado Radham\u00e9s Peguero, anunci\u00f3 tras una profunda reflexi\u00f3n, declinar su candidatura en favor del periodista Julio Disla. Dijo que esa decisi\u00f3n no ha sido f\u00e1cil, pero cree que es la mejor manera de garantizar una representaci\u00f3n solida y unificada para \u201ctodos los que compartimos una visi\u00f3n de futuro para los ciudadanos dominicanos residentes en los Estados Unidos\u201d.<\/p>\n<p style=\"text-align: justify;\">Indic\u00f3 que desde el inicio de su campa\u00f1a fue trabajar en beneficio de la comunidad dominicana, y cree sinceramente que esa decisi\u00f3n es coherente con ese compromiso. Dijo que al unificar sus fuerzas detr\u00e1s de Julio Disla,\u201d estamos fortaleciendo nuestras posibilidades de lograr las transformaciones y los cambios reales y positivos en provecho de la di\u00e1spora nacional\u201d.<\/p>\n<p style=\"text-align: justify;\">Radham\u00e9s Peguero expres\u00f3 que quiere agradecer de coraz\u00f3n a \u201ctodos los voluntarios, partidarios y simpatizantes que han estado a su lado durante esta campa\u00f1a. Sostuvo que el esfuerzo y apoyo de todos es invaluable y espera que sigan comprometidos en esta nueva fase de la campa\u00f1a, trabajando codo a codo con el periodista Julio Disla y su equipo.<\/p>\n<p style=\"text-align: justify;\">Manifest\u00f3 Peguero que juntos podemos construir un futuro mas brillante y equitativo para todos los dominicanos en nuestra comunidad. \u00a0Subraya que aprecia y comprende que el apoyo continuo en este momento a la candidatura a diputado de Ultramar del periodista Julio Disla, llevar\u00e1 sus aspiraciones con determinaci\u00f3n y pasi\u00f3n hasta coronar la victoria de las fuerzas progresistas y de avanzadas.<\/p>\n<p style=\"text-align: justify;\">Por otro lado, el licenciado Samuel S\u00e1nchez tambi\u00e9n anunci\u00f3 su respaldo a la candidatura a diputado de ultramar al comunicador y escritor Julio Disla.<\/p>\n<p style=\"text-align: justify;\">S\u00e1nchez empresario y comunicador social, dijo que la candidatura de Disla suma simpat\u00eda y sigue creciendo y sumando apoyo de los dominicanos residentes en los Estados Unidos.<\/p>\n<p style=\"text-align: justify;\">\n<p style=\"text-align: justify;\">Fuente: Prensa y Gente<\/p>\n","protected":false},"excerpt":{"rendered":"<p>El precandidato a Diputado de Ultramar por el Partido Frente Amplio, licenciado Radham\u00e9s Peguero, anunci\u00f3<\/p>\n","protected":false},"author":1,"featured_media":0,"comment_status":"open","ping_status":"open","sticky":false,"template":"","format":"standard","meta":{"footnotes":""},"categories":[7,12],"tags":[],"class_list":["post-8040","post","type-post","status-publish","format-standard","hentry","category-nacionales","category-politicas"],"_links":{"self":[{"href":"https:\/\/defrentealaverdad.com\/index.php\/wp-json\/wp\/v2\/posts\/8040","targetHints":{"allow":["GET"]}}],"collection":[{"href":"https:\/\/defrentealaverdad.com\/index.php\/wp-json\/wp\/v2\/posts"}],"about":[{"href":"https:\/\/defrentealaverdad.com\/index.php\/wp-json\/wp\/v2\/types\/post"}],"author":[{"embeddable":true,"href":"https:\/\/defrentealaverdad.com\/index.php\/wp-json\/wp\/v2\/users\/1"}],"replies":[{"embeddable":true,"href":"https:\/\/defrentealaverdad.com\/index.php\/wp-json\/wp\/v2\/comments?post=8040"}],"version-history":[{"count":1,"href":"https:\/\/defrentealaverdad.com\/index.php\/wp-json\/wp\/v2\/posts\/8040\/revisions"}],"predecessor-version":[{"id":8042,"href":"https:\/\/defrentealaverdad.com\/index.php\/wp-json\/wp\/v2\/posts\/8040\/revisions\/8042"}],"wp:attachment":[{"href":"https:\/\/defrentealaverdad.com\/index.php\/wp-json\/wp\/v2\/media?parent=8040"}],"wp:term":[{"taxonomy":"category","embeddable":true,"href":"https:\/\/defrentealaverdad.com\/index.php\/wp-json\/wp\/v2\/categories?post=8040"},{"taxonomy":"post_tag","embeddable":true,"href":"https:\/\/defrentealaverdad.com\/index.php\/wp-json\/wp\/v2\/tags?post=8040"}],"curies":[{"name":"wp","href":"https:\/\/api.w.org\/{rel}","templated":true}]}}