{"id":8002,"date":"2023-10-12T00:22:41","date_gmt":"2023-10-12T00:22:41","guid":{"rendered":"https:\/\/defrentealaverdad.com\/?p=8002"},"modified":"2023-10-15T00:25:08","modified_gmt":"2023-10-15T00:25:08","slug":"pastoral-universitaria-realizara-concierto-benefico-viviendo-en-la-fuente","status":"publish","type":"post","link":"https:\/\/defrentealaverdad.com\/index.php\/2023\/10\/12\/pastoral-universitaria-realizara-concierto-benefico-viviendo-en-la-fuente\/","title":{"rendered":"Pastoral Universitaria realizar\u00e1 concierto ben\u00e9fico \u201cViviendo en la fuente\u201d."},"content":{"rendered":"<p style=\"text-align: justify;\"><img decoding=\"async\" class=\"wp-image-8003 aligncenter lazyload\" data-src=\"https:\/\/defrentealaverdad.com\/wp-content\/uploads\/2023\/10\/WhatsApp-Image-2023-10-14-at-19.53.24-300x300.jpeg\" alt=\"\" width=\"664\" height=\"664\" data-srcset=\"https:\/\/defrentealaverdad.com\/wp-content\/uploads\/2023\/10\/WhatsApp-Image-2023-10-14-at-19.53.24-300x300.jpeg 300w, https:\/\/defrentealaverdad.com\/wp-content\/uploads\/2023\/10\/WhatsApp-Image-2023-10-14-at-19.53.24-1024x1024.jpeg 1024w, https:\/\/defrentealaverdad.com\/wp-content\/uploads\/2023\/10\/WhatsApp-Image-2023-10-14-at-19.53.24-150x150.jpeg 150w, https:\/\/defrentealaverdad.com\/wp-content\/uploads\/2023\/10\/WhatsApp-Image-2023-10-14-at-19.53.24-768x768.jpeg 768w, https:\/\/defrentealaverdad.com\/wp-content\/uploads\/2023\/10\/WhatsApp-Image-2023-10-14-at-19.53.24-1536x1536.jpeg 1536w, https:\/\/defrentealaverdad.com\/wp-content\/uploads\/2023\/10\/WhatsApp-Image-2023-10-14-at-19.53.24.jpeg 1600w\" data-sizes=\"(max-width: 664px) 100vw, 664px\" src=\"data:image\/svg+xml;base64,PHN2ZyB3aWR0aD0iMSIgaGVpZ2h0PSIxIiB4bWxucz0iaHR0cDovL3d3dy53My5vcmcvMjAwMC9zdmciPjwvc3ZnPg==\" style=\"--smush-placeholder-width: 664px; --smush-placeholder-aspect-ratio: 664\/664;\" \/><\/p>\n<p style=\"text-align: justify;\">Distrito Nacional, Rep. Dom.- La Pastoral Universitaria de la Universidad Cat\u00f3lica Santo Domingo, realizar\u00e1 el concierto \u00abViviendo en la Fuente\u00bb, el cual tiene la finalidad de recaudar fondos para llevar a cabo la edici\u00f3n del \u201cApostolado Navidad es Jes\u00fas\u201d de este a\u00f1o.<\/p>\n<p style=\"text-align: justify;\">La actividad art\u00edstica est\u00e1 pautada para el pr\u00f3ximo 20 de octubre, a las 7 de la noche, en el auditorio de la biblioteca de la UCSD, con la participaci\u00f3n del grupo Propiedad de Cristo y los artistas<\/p>\n<p style=\"text-align: justify;\"><strong>Alisber Zapata y Joel Antigua.<\/strong><\/p>\n<blockquote>\n<p style=\"text-align: justify;\">\u201cNavidad es Jes\u00fas es un apostolado del Movimiento de Vida Cristiana que lleg\u00f3 a Rep\u00fablica Dominicana en 2007 con las laicas consagradas de la Fraternidad Mariana de la Reconciliaci\u00f3n. Consiste en visitar una comunidad vulnerable cada a\u00f1o para llevar alegr\u00eda y esp\u00edritu navide\u00f1o a todos los ni\u00f1os y sus familiares; llevamos juguetes y raciones alimenticias para un alrededor de 350-400 ni\u00f1os\u201d, indic\u00f3 Joaqu\u00edn Ruiz, representante de la pastoral.<\/p>\n<\/blockquote>\n<p style=\"text-align: justify;\">Ruiz indic\u00f3 que la entrega de este a\u00f1o ser\u00e1 en la comunidad Don Juan, en Monte Plata, el 10 de diciembre. El objetivo de este concierto es recaudar cien mil pesos para la compra de alimentos para las familias y juguetes para los ni\u00f1os. El aporte de cada participante en el concierto es de solo RD$400.00 pesos por persona m\u00e1s un juguete. Las boletas se pueden adquirir a trav\u00e9s del Instagram de @pastoraluniversitariaucsd o al n\u00famero 849-408-3008.<\/p>\n<p><img decoding=\"async\" class=\"wp-image-8004 alignleft lazyload\" data-src=\"https:\/\/defrentealaverdad.com\/wp-content\/uploads\/2023\/10\/WhatsApp-Image-2023-10-14-at-19.53.25-219x300.jpeg\" alt=\"\" width=\"165\" height=\"226\" data-srcset=\"https:\/\/defrentealaverdad.com\/wp-content\/uploads\/2023\/10\/WhatsApp-Image-2023-10-14-at-19.53.25-219x300.jpeg 219w, https:\/\/defrentealaverdad.com\/wp-content\/uploads\/2023\/10\/WhatsApp-Image-2023-10-14-at-19.53.25-748x1024.jpeg 748w, https:\/\/defrentealaverdad.com\/wp-content\/uploads\/2023\/10\/WhatsApp-Image-2023-10-14-at-19.53.25-768x1051.jpeg 768w, https:\/\/defrentealaverdad.com\/wp-content\/uploads\/2023\/10\/WhatsApp-Image-2023-10-14-at-19.53.25-1122x1536.jpeg 1122w, https:\/\/defrentealaverdad.com\/wp-content\/uploads\/2023\/10\/WhatsApp-Image-2023-10-14-at-19.53.25.jpeg 1169w\" data-sizes=\"(max-width: 165px) 100vw, 165px\" src=\"data:image\/svg+xml;base64,PHN2ZyB3aWR0aD0iMSIgaGVpZ2h0PSIxIiB4bWxucz0iaHR0cDovL3d3dy53My5vcmcvMjAwMC9zdmciPjwvc3ZnPg==\" style=\"--smush-placeholder-width: 165px; --smush-placeholder-aspect-ratio: 165\/226;\" \/><\/p>\n<p style=\"text-align: justify;\"><strong>Sobre la Pastoral Universitaria<\/strong><\/p>\n<p style=\"text-align: justify;\">La Pastoral Universitaria busca propiciar los medios para que se viva un constante encuentro con Dios, fomentando una Vida de Gracia frecuente a trav\u00e9s de la activa vida lit\u00fargica y sacramental buscando que todos puedan vivir una vida cristiana y una conversi\u00f3n continua.<\/p>\n<p style=\"text-align: justify;\">Busca acompa\u00f1ar a los estudiantes a descubrir, seguir y comprometerse con Jes\u00fas.<\/p>\n<p style=\"text-align: justify;\">La Pastoral Universitaria de la Universidad Cat\u00f3lica Santo Domingo desempe\u00f1a un papel esencial en la realizaci\u00f3n de este evento, desplegando su compromiso y dedicaci\u00f3n para garantizar que el Apostolado Navidad es Jes\u00fas contin\u00fae llevando esperanza y alegr\u00eda a quienes lo requieren.<\/p>\n<p style=\"text-align: justify;\">\n<p style=\"text-align: justify;\">Fuente: Pastoral Universitaria<\/p>\n","protected":false},"excerpt":{"rendered":"<p>Distrito Nacional, Rep. Dom.- La Pastoral Universitaria de la Universidad Cat\u00f3lica Santo Domingo, realizar\u00e1 el<\/p>\n","protected":false},"author":2,"featured_media":0,"comment_status":"open","ping_status":"open","sticky":false,"template":"","format":"standard","meta":{"footnotes":""},"categories":[7],"tags":[],"class_list":["post-8002","post","type-post","status-publish","format-standard","hentry","category-nacionales"],"_links":{"self":[{"href":"https:\/\/defrentealaverdad.com\/index.php\/wp-json\/wp\/v2\/posts\/8002","targetHints":{"allow":["GET"]}}],"collection":[{"href":"https:\/\/defrentealaverdad.com\/index.php\/wp-json\/wp\/v2\/posts"}],"about":[{"href":"https:\/\/defrentealaverdad.com\/index.php\/wp-json\/wp\/v2\/types\/post"}],"author":[{"embeddable":true,"href":"https:\/\/defrentealaverdad.com\/index.php\/wp-json\/wp\/v2\/users\/2"}],"replies":[{"embeddable":true,"href":"https:\/\/defrentealaverdad.com\/index.php\/wp-json\/wp\/v2\/comments?post=8002"}],"version-history":[{"count":1,"href":"https:\/\/defrentealaverdad.com\/index.php\/wp-json\/wp\/v2\/posts\/8002\/revisions"}],"predecessor-version":[{"id":8005,"href":"https:\/\/defrentealaverdad.com\/index.php\/wp-json\/wp\/v2\/posts\/8002\/revisions\/8005"}],"wp:attachment":[{"href":"https:\/\/defrentealaverdad.com\/index.php\/wp-json\/wp\/v2\/media?parent=8002"}],"wp:term":[{"taxonomy":"category","embeddable":true,"href":"https:\/\/defrentealaverdad.com\/index.php\/wp-json\/wp\/v2\/categories?post=8002"},{"taxonomy":"post_tag","embeddable":true,"href":"https:\/\/defrentealaverdad.com\/index.php\/wp-json\/wp\/v2\/tags?post=8002"}],"curies":[{"name":"wp","href":"https:\/\/api.w.org\/{rel}","templated":true}]}}