{"id":7985,"date":"2023-10-12T22:37:36","date_gmt":"2023-10-12T22:37:36","guid":{"rendered":"https:\/\/defrentealaverdad.com\/?p=7985"},"modified":"2023-10-14T22:41:27","modified_gmt":"2023-10-14T22:41:27","slug":"caesco-capacitara-a-periodistas-y-comunicadores-en-politicas-publicas","status":"publish","type":"post","link":"https:\/\/defrentealaverdad.com\/index.php\/2023\/10\/12\/caesco-capacitara-a-periodistas-y-comunicadores-en-politicas-publicas\/","title":{"rendered":"CAESCO capacitar\u00e1 a periodistas y comunicadores en pol\u00edticas p\u00fablicas"},"content":{"rendered":"<p><img decoding=\"async\" class=\"aligncenter lazyload\" data-src=\"https:\/\/hoy.com.do\/wp-content\/uploads\/2023\/10\/Miguel-Otanez-presidente-de-CAESCO-scaled.jpg\" alt=\"CAESCO capacitar\u00e1 a periodistas y comunicadores en pol\u00edticas p\u00fablicas\" src=\"data:image\/svg+xml;base64,PHN2ZyB3aWR0aD0iMSIgaGVpZ2h0PSIxIiB4bWxucz0iaHR0cDovL3d3dy53My5vcmcvMjAwMC9zdmciPjwvc3ZnPg==\" \/><\/p>\n<p style=\"text-align: justify;\">El Centro de An\u00e1lisis y Estudio de la Comunicaci\u00f3n (CAESCO) inform\u00f3 que el pr\u00f3ximo s\u00e1bado 28 de octubre de 2023, siete especialistas capacitar\u00e1n a periodistas y comunicadores en pol\u00edticas p\u00fablicas, as\u00ed como en otras materias complementarias.<\/p>\n<p style=\"text-align: justify;\">El cuerpo de facilitadores estar\u00e1 conformado por Lilliana Rodr\u00edguez \u00c1lvarez, economista y especialistas en pol\u00edticas p\u00fablicas sociales; Jennifer V\u00e1zquez, comunicadora con maestr\u00eda en pol\u00edticas p\u00fablicas; Stephany Rosario, especialista en contrataciones p\u00fablicas; Cinthia Aquino, especialista en planificaci\u00f3n territorial; Miguel Ot\u00e1\u00f1ez, presidente de CAESCO; Mary Lisbeth N\u00fa\u00f1ez, presidenta de la Asociaci\u00f3n de Estudiantes de Sociolog\u00eda de la UASD y Jos\u00e9 Alejandro Rodr\u00edguez, especialista en microfinanzas.<\/p>\n<p style=\"text-align: justify;\">El presidente de CAESCO, Miguel Ot\u00e1\u00f1ez, explic\u00f3 que dentro de los retos de los periodistas y comunicadores est\u00e1 seguir especializ\u00e1ndose para comprender mejor los cambios sociales y en ese sentido tener una visi\u00f3n m\u00e1s amplia a la hora de llevar a los ciudadanos una imagen lo m\u00e1s cercana posible a la realidad.<\/p>\n<blockquote><p>\n\u00abEn CAESCO sabemos que m\u00e1s informaci\u00f3n necesariamente no lleva a la toma de mejores decisiones o a tener una sociedad m\u00e1s y mejor informada. Por eso seguir creando ese puente entre los profesionales de la comunicaci\u00f3n y nuevos conocimientos, siempre ser\u00e1 un compromiso nuestro\u00bb, apunt\u00f3.<\/p><\/blockquote>\n<p style=\"text-align: justify;\">\nLa Masterclass ser\u00e1 el s\u00e1bado 28 de octubre de 8:30 de la ma\u00f1ana a 1 de la tarde en el Sal\u00f3n Octagonal de la Universidad Cat\u00f3lica Santo Domingo. La capacitaci\u00f3n ser\u00e1 libre de costo, con cupo limitado por reservaci\u00f3n y los interesados pueden inscribirse accediendo y llenando el formulario (<a href=\"https:\/\/docs.google.com\/forms\/d\/1NHihpN5iUufKqwXh_PVT4S3uInXkyDayucx-WR6KCng\/viewform?edit_requested=true\"> http:\/\/bit.ly\/MasterClassEnPoliticasPublicasParaPeriodistasyComunicadores<\/a> ), el cual tambi\u00e9n encontraran en sus redes sociales y p\u00e1gina web. La actividad cuenta con el apoyo de La Asociaci\u00f3n de Instituciones Rurales de Ahorro y Cr\u00e9dito (AIRAC) y la Federaci\u00f3n Nacional de Cooperativas de Ahorro, Cr\u00e9ditos y Afines, Inc. (FENCOOP).<\/p>\n<p style=\"text-align: justify;\">\n<strong>Sobre CAESCO<\/strong><\/p>\n<p style=\"text-align: justify;\">El Centro de An\u00e1lisis y Estudio de la Comunicaci\u00f3n en Rep\u00fablica Dominicana (CAESCO) es una instituci\u00f3n privada sin \u00e1nimo de lucro que tiene como objetivo identificar c\u00f3mo va evolucionando la comunicaci\u00f3n en el pa\u00eds, aportando al debate y a la calidad de la comunicaci\u00f3n en el pa\u00eds; fomentando las actividades educativas relacionadas a la comunicaci\u00f3n y contribuyendo al fortalecimiento del clima democr\u00e1tico y libertad de expresi\u00f3n.<\/p>\n<p>&nbsp;<\/p>\n<p>Fuente:\u00a0 Periodico Hoy<\/p>\n","protected":false},"excerpt":{"rendered":"<p>El Centro de An\u00e1lisis y Estudio de la Comunicaci\u00f3n (CAESCO) inform\u00f3 que el pr\u00f3ximo s\u00e1bado<\/p>\n","protected":false},"author":2,"featured_media":0,"comment_status":"open","ping_status":"open","sticky":false,"template":"","format":"standard","meta":{"footnotes":""},"categories":[7],"tags":[],"class_list":["post-7985","post","type-post","status-publish","format-standard","hentry","category-nacionales"],"_links":{"self":[{"href":"https:\/\/defrentealaverdad.com\/index.php\/wp-json\/wp\/v2\/posts\/7985","targetHints":{"allow":["GET"]}}],"collection":[{"href":"https:\/\/defrentealaverdad.com\/index.php\/wp-json\/wp\/v2\/posts"}],"about":[{"href":"https:\/\/defrentealaverdad.com\/index.php\/wp-json\/wp\/v2\/types\/post"}],"author":[{"embeddable":true,"href":"https:\/\/defrentealaverdad.com\/index.php\/wp-json\/wp\/v2\/users\/2"}],"replies":[{"embeddable":true,"href":"https:\/\/defrentealaverdad.com\/index.php\/wp-json\/wp\/v2\/comments?post=7985"}],"version-history":[{"count":1,"href":"https:\/\/defrentealaverdad.com\/index.php\/wp-json\/wp\/v2\/posts\/7985\/revisions"}],"predecessor-version":[{"id":7986,"href":"https:\/\/defrentealaverdad.com\/index.php\/wp-json\/wp\/v2\/posts\/7985\/revisions\/7986"}],"wp:attachment":[{"href":"https:\/\/defrentealaverdad.com\/index.php\/wp-json\/wp\/v2\/media?parent=7985"}],"wp:term":[{"taxonomy":"category","embeddable":true,"href":"https:\/\/defrentealaverdad.com\/index.php\/wp-json\/wp\/v2\/categories?post=7985"},{"taxonomy":"post_tag","embeddable":true,"href":"https:\/\/defrentealaverdad.com\/index.php\/wp-json\/wp\/v2\/tags?post=7985"}],"curies":[{"name":"wp","href":"https:\/\/api.w.org\/{rel}","templated":true}]}}