{"id":7973,"date":"2023-10-14T22:04:40","date_gmt":"2023-10-14T22:04:40","guid":{"rendered":"https:\/\/defrentealaverdad.com\/?p=7973"},"modified":"2023-10-14T22:05:41","modified_gmt":"2023-10-14T22:05:41","slug":"geopolitica-disciplina-por-la-cual-se-encara-politicamente-el-espacio-geografico","status":"publish","type":"post","link":"https:\/\/defrentealaverdad.com\/index.php\/2023\/10\/14\/geopolitica-disciplina-por-la-cual-se-encara-politicamente-el-espacio-geografico\/","title":{"rendered":"Geopol\u00edtica: disciplina por la cual se encara pol\u00edticamente el espacio geogr\u00e1fico"},"content":{"rendered":"<div class=\"post-header\">\n<div style=\"text-align: justify;\"><img decoding=\"async\" class=\"alignleft lazyload\" title=\"IMG-20231014-WA0562\" data-src=\"https:\/\/blogger.googleusercontent.com\/img\/b\/R29vZ2xl\/AVvXsEhMPzBzXl07r4joFVwiISl0VenmYdvdarNpkaTdJVXQAHIbT7RB6i4T5z3yDmUfrr13qvtRJPR_vfj0on0UpblyjXsRLQTQYYYDFIZ5n_6KkBtBQiMCekaJAwWISUoN9MKf1y725TapCPpHJZzMsj4ekNco6LTagwBilj3jZeLwuL-itjPjxsnr7Sxq1oE\/s320\/IMG-20231014-WA0562.jpg\" alt=\"IMG-20231014-WA0562\" width=\"320\" height=\"212\" border=\"0\" data-original-height=\"816\" data-original-width=\"1232\" src=\"data:image\/svg+xml;base64,PHN2ZyB3aWR0aD0iMSIgaGVpZ2h0PSIxIiB4bWxucz0iaHR0cDovL3d3dy53My5vcmcvMjAwMC9zdmciPjwvc3ZnPg==\" style=\"--smush-placeholder-width: 320px; --smush-placeholder-aspect-ratio: 320\/212;\" \/><\/div>\n<\/div>\n<article>\n<div id=\"post-body-3938029080169859988\" class=\"post-body entry-content\">\n<p style=\"text-align: justify;\">Santo Domingo: La geopol\u00edtica es la disciplina por la cual se encara pol\u00edticamente el espacio geogr\u00e1fico, tanto en la idea como en los hechos, de acuerdos con los fen\u00f3menos del poder que actuaron, act\u00faan y puedan actuar\u201d<\/p>\n<p style=\"text-align: justify;\">En m\u00faltiples ocasiones hemos tenido que dirimir y hacer valer nuestros derechos en los campos de batallas de Azua, Santiago, El\u00edas Pi\u00f1a, San Juan y Dajab\u00f3n: El Memiso, Tortuguero, La Estrelleta, Beller, El N\u00famero, Las Carreras, Santome, Cambronal, Sabana Larga, Capotillo y La Canela. Doce batallas militares para la consolidaci\u00f3n de la Independencia Nacional; en un periodo de doce a\u00f1os. (1844-1856).<\/p>\n<p style=\"text-align: justify;\">Si partimos de la invasi\u00f3n llevada a efecto en el a\u00f1o 1822 por los haitianos, luego de proclamarse la Independencia Ef\u00edmera del Lic. N\u00fa\u00f1ez de C\u00e1ceres, al d\u00eda de la fecha, doscientos a\u00f1os despu\u00e9s, el territorio dominicano continua siendo agredido por sus vecinos, en esta ocasi\u00f3n no reconociendo el Tratado Fronterizo del 21 de enero de 1929 el cual fue ratificado en 1936, iniciando la construcci\u00f3n de un canal sobre un rio lim\u00edtrofe entre ambos pa\u00edses, sin el consentimiento de la parte afectada, la Rep\u00fablica Dominicana.<\/p>\n<\/div>\n<\/article>\n<p style=\"text-align: justify;\">Fuente: Mayor Gral., (r) C\u00e9sar N. Castaing J. (ERD)<\/p>\n","protected":false},"excerpt":{"rendered":"<p>Santo Domingo: La geopol\u00edtica es la disciplina por la cual se encara pol\u00edticamente el espacio<\/p>\n","protected":false},"author":1,"featured_media":0,"comment_status":"open","ping_status":"open","sticky":false,"template":"","format":"standard","meta":{"footnotes":""},"categories":[7,4],"tags":[],"class_list":["post-7973","post","type-post","status-publish","format-standard","hentry","category-nacionales","category-opiniones"],"_links":{"self":[{"href":"https:\/\/defrentealaverdad.com\/index.php\/wp-json\/wp\/v2\/posts\/7973","targetHints":{"allow":["GET"]}}],"collection":[{"href":"https:\/\/defrentealaverdad.com\/index.php\/wp-json\/wp\/v2\/posts"}],"about":[{"href":"https:\/\/defrentealaverdad.com\/index.php\/wp-json\/wp\/v2\/types\/post"}],"author":[{"embeddable":true,"href":"https:\/\/defrentealaverdad.com\/index.php\/wp-json\/wp\/v2\/users\/1"}],"replies":[{"embeddable":true,"href":"https:\/\/defrentealaverdad.com\/index.php\/wp-json\/wp\/v2\/comments?post=7973"}],"version-history":[{"count":3,"href":"https:\/\/defrentealaverdad.com\/index.php\/wp-json\/wp\/v2\/posts\/7973\/revisions"}],"predecessor-version":[{"id":7977,"href":"https:\/\/defrentealaverdad.com\/index.php\/wp-json\/wp\/v2\/posts\/7973\/revisions\/7977"}],"wp:attachment":[{"href":"https:\/\/defrentealaverdad.com\/index.php\/wp-json\/wp\/v2\/media?parent=7973"}],"wp:term":[{"taxonomy":"category","embeddable":true,"href":"https:\/\/defrentealaverdad.com\/index.php\/wp-json\/wp\/v2\/categories?post=7973"},{"taxonomy":"post_tag","embeddable":true,"href":"https:\/\/defrentealaverdad.com\/index.php\/wp-json\/wp\/v2\/tags?post=7973"}],"curies":[{"name":"wp","href":"https:\/\/api.w.org\/{rel}","templated":true}]}}