{"id":7970,"date":"2023-10-14T22:01:22","date_gmt":"2023-10-14T22:01:22","guid":{"rendered":"https:\/\/defrentealaverdad.com\/?p=7970"},"modified":"2023-10-14T22:01:22","modified_gmt":"2023-10-14T22:01:22","slug":"fard-deja-abierta-al-publico-exposicion-artistica-pinceles-del-aire-en-barahona","status":"publish","type":"post","link":"https:\/\/defrentealaverdad.com\/index.php\/2023\/10\/14\/fard-deja-abierta-al-publico-exposicion-artistica-pinceles-del-aire-en-barahona\/","title":{"rendered":"FARD deja abierta al p\u00fablico exposici\u00f3n art\u00edstica \u201cPinceles del Aire\u201d en Barahona"},"content":{"rendered":"<div class=\"article-content entry-content\">\n<div class=\"separator\"><\/div>\n<div>\n<div>Por Felix Rubio<\/div>\n<div style=\"text-align: justify;\"><a href=\"https:\/\/blogger.googleusercontent.com\/img\/b\/R29vZ2xl\/AVvXsEjA8tIeEptCneXe2PJPtE8TrhA2vUjvujooJYvcw9bVe66INhhC6_D863ZqLoM_vIv9sFxqlUAanH-CD6IgcBy_qY2XwjVN_-meLWXDYvrtgKCgmYRY1ZBygyjN2Kt_1mtowVRRChdjm9mrTX1ChZkyVk8WKHzGMjbZ1FseszyP8P4I_8Wc9h2AuSkYQwk\/s2560\/IMG-20231014-WA0160.jpg\"><img decoding=\"async\" class=\"aligncenter lazyload\" data-src=\"https:\/\/blogger.googleusercontent.com\/img\/b\/R29vZ2xl\/AVvXsEjA8tIeEptCneXe2PJPtE8TrhA2vUjvujooJYvcw9bVe66INhhC6_D863ZqLoM_vIv9sFxqlUAanH-CD6IgcBy_qY2XwjVN_-meLWXDYvrtgKCgmYRY1ZBygyjN2Kt_1mtowVRRChdjm9mrTX1ChZkyVk8WKHzGMjbZ1FseszyP8P4I_8Wc9h2AuSkYQwk\/w400-h266\/IMG-20231014-WA0160.jpg\" width=\"400\" height=\"266\" border=\"0\" data-original-height=\"1706\" data-original-width=\"2560\" src=\"data:image\/svg+xml;base64,PHN2ZyB3aWR0aD0iMSIgaGVpZ2h0PSIxIiB4bWxucz0iaHR0cDovL3d3dy53My5vcmcvMjAwMC9zdmciPjwvc3ZnPg==\" style=\"--smush-placeholder-width: 400px; --smush-placeholder-aspect-ratio: 400\/266;\" \/><\/a><\/div>\n<div style=\"text-align: justify;\"><\/div>\n<div style=\"text-align: justify;\">La Fuerza A\u00e9rea de Rep\u00fablica Dominicana (FARD), contin\u00faa celebrando su 75 aniversario, por esta raz\u00f3n dej\u00f3 inaugurada la exposici\u00f3n de arte colectiva \u201cPinceles del Aire\u201d, en esta ocasi\u00f3n en la provincia Barahona.<\/div>\n<div style=\"text-align: justify;\">\n<div class=\"separator\"><a href=\"https:\/\/blogger.googleusercontent.com\/img\/b\/R29vZ2xl\/AVvXsEieMObIEC9XgjlH-clujeTDyIudU_6L_XHW2ICunqtOrHa7cvi4TsRIs_EXggwe5uavHrOKQs3hn9cdrUk4TRvJUVfMDE9cP3DDfYcbXpa1Os7o7W-OAbc-spmrZYl5oxs9gSG6j8oIL6nJSy2Z0MC_MvpKaP99xDbXms3AKlr3SA-DOiQDz2O3vOl7ysQ\/s2560\/IMG-20231014-WA0156.jpg\"><img decoding=\"async\" class=\"alignleft lazyload\" data-src=\"https:\/\/blogger.googleusercontent.com\/img\/b\/R29vZ2xl\/AVvXsEieMObIEC9XgjlH-clujeTDyIudU_6L_XHW2ICunqtOrHa7cvi4TsRIs_EXggwe5uavHrOKQs3hn9cdrUk4TRvJUVfMDE9cP3DDfYcbXpa1Os7o7W-OAbc-spmrZYl5oxs9gSG6j8oIL6nJSy2Z0MC_MvpKaP99xDbXms3AKlr3SA-DOiQDz2O3vOl7ysQ\/s320\/IMG-20231014-WA0156.jpg\" width=\"320\" height=\"214\" border=\"0\" data-original-height=\"1712\" data-original-width=\"2560\" src=\"data:image\/svg+xml;base64,PHN2ZyB3aWR0aD0iMSIgaGVpZ2h0PSIxIiB4bWxucz0iaHR0cDovL3d3dy53My5vcmcvMjAwMC9zdmciPjwvc3ZnPg==\" style=\"--smush-placeholder-width: 320px; --smush-placeholder-aspect-ratio: 320\/214;\" \/><\/a><\/div>\n<\/div>\n<div style=\"text-align: justify;\">El evento, donde se pone de manifiesto la combinaci\u00f3n del arte y la historia de la FARD, estuvo encabezado por el General de Brigada Paraca\u00eddistas Mauricio Fern\u00e1ndez Garc\u00eda, Subcomandante\u00a0 General de la instituci\u00f3n, quien asisti\u00f3 en representaci\u00f3n del Mayor General T\u00e9cnico de Aviaci\u00f3n Carlos Ram\u00f3n Febrillet Rodriguez, Comandante General de la FARD., y el Coronel Paracaidista Ricardo De Jes\u00fas C\u00e9spedes L\u00f3pez, Director de la Casa de la Cultura \u201cCoronel C\u00e1ndido Bid\u00f3 Ventura\u201d.<\/div>\n<div style=\"text-align: justify;\"><\/div>\n<div style=\"text-align: justify;\">\n<div class=\"separator\"><a href=\"https:\/\/blogger.googleusercontent.com\/img\/b\/R29vZ2xl\/AVvXsEiftsZs18GpCzhi1lBd7vIWs5yqGNstHN0XThPr9ctnzdgQt0DS-71X4CD7BkEPU55eOWsP62tNDoUok6ytAlx7WxKbr3MlIuRr7TygeM1B-JcbjjEQ2pMhP91a0CyHDiqjXm5Lplix9cVAVidxs0Rwj7DLlbPgqHaYPT4CE6ZeJVnXQHy5rl9ZZ75MxZY\/s2560\/IMG-20231014-WA0164.jpg\"><img decoding=\"async\" class=\"alignright lazyload\" data-src=\"https:\/\/blogger.googleusercontent.com\/img\/b\/R29vZ2xl\/AVvXsEiftsZs18GpCzhi1lBd7vIWs5yqGNstHN0XThPr9ctnzdgQt0DS-71X4CD7BkEPU55eOWsP62tNDoUok6ytAlx7WxKbr3MlIuRr7TygeM1B-JcbjjEQ2pMhP91a0CyHDiqjXm5Lplix9cVAVidxs0Rwj7DLlbPgqHaYPT4CE6ZeJVnXQHy5rl9ZZ75MxZY\/s320\/IMG-20231014-WA0164.jpg\" width=\"320\" height=\"213\" border=\"0\" data-original-height=\"1706\" data-original-width=\"2560\" src=\"data:image\/svg+xml;base64,PHN2ZyB3aWR0aD0iMSIgaGVpZ2h0PSIxIiB4bWxucz0iaHR0cDovL3d3dy53My5vcmcvMjAwMC9zdmciPjwvc3ZnPg==\" style=\"--smush-placeholder-width: 320px; --smush-placeholder-aspect-ratio: 320\/213;\" \/><\/a><\/div>\n<p>Al dirigirse a los presentes, el Coronel C\u00e9spedes L\u00f3pez, extern\u00f3\u00a0 que esta exposici\u00f3n muestra de manera emblem\u00e1tica las diferentes estructuras y faenas cotidianas de la FARD.<\/p><\/div>\n<div style=\"text-align: justify;\"><\/div>\n<div style=\"text-align: justify;\">\n<div class=\"separator\">\u201cLa cultura permite el avance de los pueblos, por eso la Fuerza A\u00e9rea de Rep\u00fablica Dominicana apuesta al desarrollo del arte. Esta exposici\u00f3n combina la expresi\u00f3n art\u00edstica y las ciencias aeron\u00e1uticas\u201d, expres\u00f3 el General de Brigada Fern\u00e1ndez Garc\u00eda.<\/div>\n<\/div>\n<div style=\"text-align: justify;\"><\/div>\n<div style=\"text-align: justify;\">\n<div class=\"separator\"><a href=\"https:\/\/blogger.googleusercontent.com\/img\/b\/R29vZ2xl\/AVvXsEie5KStrXwcYnOn20sU0Q6WiXnNJZvUQyRBKUaKvvhS0fO3d8-EL8IkJsiaeF-HuBX-XTfaLFQ-YBjFxH4VXHlPWtPPwXDT30OLzUhopDCJEgry0_lhzNSNwQgtcMgvUGVTrfk804LsZCloVNu_sMOrhcEHB5EkP64vYGp-Ay4bS7abuZ72KCn3ayv201Q\/s2560\/IMG-20231014-WA0160.jpg\"><img decoding=\"async\" class=\"alignleft lazyload\" data-src=\"https:\/\/blogger.googleusercontent.com\/img\/b\/R29vZ2xl\/AVvXsEie5KStrXwcYnOn20sU0Q6WiXnNJZvUQyRBKUaKvvhS0fO3d8-EL8IkJsiaeF-HuBX-XTfaLFQ-YBjFxH4VXHlPWtPPwXDT30OLzUhopDCJEgry0_lhzNSNwQgtcMgvUGVTrfk804LsZCloVNu_sMOrhcEHB5EkP64vYGp-Ay4bS7abuZ72KCn3ayv201Q\/s320\/IMG-20231014-WA0160.jpg\" width=\"234\" height=\"156\" border=\"0\" data-original-height=\"1706\" data-original-width=\"2560\" src=\"data:image\/svg+xml;base64,PHN2ZyB3aWR0aD0iMSIgaGVpZ2h0PSIxIiB4bWxucz0iaHR0cDovL3d3dy53My5vcmcvMjAwMC9zdmciPjwvc3ZnPg==\" style=\"--smush-placeholder-width: 234px; --smush-placeholder-aspect-ratio: 234\/156;\" \/><\/a><\/div>\n<p>Pinceles del Aire\u201d, es una colecci\u00f3n de 75 obras de artes (pinturas), realizadas por artistas nacionales e internacionales, las cuales plasman la historia, personalidades, hechos importantes, entre otros, que forman parte de la evoluci\u00f3n de la Fuerza A\u00e9rea.<\/p><\/div>\n<div style=\"text-align: justify;\">La exposici\u00f3n estar\u00e1 abierta al p\u00fablico desde el 13 al 21 de octubre del a\u00f1o en curso, en las instalaciones del Pabell\u00f3n de baloncesto del polideportivo de Villa Central, en la provincia Barahona. Es la primera vez que dicha colecci\u00f3n de obras sale de la sede principal de la FARD.<\/div>\n<div style=\"text-align: justify;\"><\/div>\n<div style=\"text-align: justify;\">Tambi\u00e9n asistieron el General de Brigada Paracaidista Rafael Castellanos Dotel, Comandante de la Base A\u00e9rea San Isidro; General de Brigada Piloto Manuel Abad Garc\u00eda Lithgow, Comandante de la Base A\u00e9rea Puerto Plata, Coronel Paracaidista V\u00edctor de Pe\u00f1a Paradas, Comandante de la Base A\u00e9rea Barahona; el se\u00f1or Franklin De La Mota N\u00fa\u00f1ez, Viceministro de Deporte Federado y Alto Rendimiento de\u00a0 la citada provincia, V\u00edctor Cuello, Alcalde del Municipio de Barahona, V\u00edctor Cuello, Director Regional de Cultura, entre otras personalidades.<\/div>\n<\/div>\n<\/div>\n<div><\/div>\n<div>Fuente: FARD<\/div>\n","protected":false},"excerpt":{"rendered":"<p>Por Felix Rubio La Fuerza A\u00e9rea de Rep\u00fablica Dominicana (FARD), contin\u00faa celebrando su 75 aniversario,<\/p>\n","protected":false},"author":1,"featured_media":0,"comment_status":"open","ping_status":"open","sticky":false,"template":"","format":"standard","meta":{"footnotes":""},"categories":[7],"tags":[],"class_list":["post-7970","post","type-post","status-publish","format-standard","hentry","category-nacionales"],"_links":{"self":[{"href":"https:\/\/defrentealaverdad.com\/index.php\/wp-json\/wp\/v2\/posts\/7970","targetHints":{"allow":["GET"]}}],"collection":[{"href":"https:\/\/defrentealaverdad.com\/index.php\/wp-json\/wp\/v2\/posts"}],"about":[{"href":"https:\/\/defrentealaverdad.com\/index.php\/wp-json\/wp\/v2\/types\/post"}],"author":[{"embeddable":true,"href":"https:\/\/defrentealaverdad.com\/index.php\/wp-json\/wp\/v2\/users\/1"}],"replies":[{"embeddable":true,"href":"https:\/\/defrentealaverdad.com\/index.php\/wp-json\/wp\/v2\/comments?post=7970"}],"version-history":[{"count":1,"href":"https:\/\/defrentealaverdad.com\/index.php\/wp-json\/wp\/v2\/posts\/7970\/revisions"}],"predecessor-version":[{"id":7971,"href":"https:\/\/defrentealaverdad.com\/index.php\/wp-json\/wp\/v2\/posts\/7970\/revisions\/7971"}],"wp:attachment":[{"href":"https:\/\/defrentealaverdad.com\/index.php\/wp-json\/wp\/v2\/media?parent=7970"}],"wp:term":[{"taxonomy":"category","embeddable":true,"href":"https:\/\/defrentealaverdad.com\/index.php\/wp-json\/wp\/v2\/categories?post=7970"},{"taxonomy":"post_tag","embeddable":true,"href":"https:\/\/defrentealaverdad.com\/index.php\/wp-json\/wp\/v2\/tags?post=7970"}],"curies":[{"name":"wp","href":"https:\/\/api.w.org\/{rel}","templated":true}]}}