{"id":7933,"date":"2023-10-14T05:59:37","date_gmt":"2023-10-14T05:59:37","guid":{"rendered":"https:\/\/defrentealaverdad.com\/?p=7933"},"modified":"2023-10-14T05:59:37","modified_gmt":"2023-10-14T05:59:37","slug":"servicio-militar-voluntario-del-mide-gradua-primeros-participantes-en-curso-de-entrenamiento-militar-basico","status":"publish","type":"post","link":"https:\/\/defrentealaverdad.com\/index.php\/2023\/10\/14\/servicio-militar-voluntario-del-mide-gradua-primeros-participantes-en-curso-de-entrenamiento-militar-basico\/","title":{"rendered":"Servicio Militar Voluntario del MIDE grad\u00faa primeros participantes en curso de Entrenamiento Militar B\u00e1sico"},"content":{"rendered":"<p style=\"text-align: justify;\">\n<blockquote><p>Graduaci\u00f3n fue en honor al embajador Wiliam P\u00e1ez Piantini durante la cual se le otorg\u00f3 un reconocimiento<\/p><\/blockquote>\n<p style=\"text-align: justify;\">Felix Rubio<\/p>\n<p style=\"text-align: justify;\"><img decoding=\"async\" class=\"size-medium wp-image-7936 aligncenter lazyload\" data-src=\"https:\/\/defrentealaverdad.com\/wp-content\/uploads\/2023\/10\/Screenshot_2023-10-14_021318-300x194.png\" alt=\"\" width=\"300\" height=\"194\" data-srcset=\"https:\/\/defrentealaverdad.com\/wp-content\/uploads\/2023\/10\/Screenshot_2023-10-14_021318-300x194.png 300w, https:\/\/defrentealaverdad.com\/wp-content\/uploads\/2023\/10\/Screenshot_2023-10-14_021318-768x497.png 768w, https:\/\/defrentealaverdad.com\/wp-content\/uploads\/2023\/10\/Screenshot_2023-10-14_021318.png 1015w\" data-sizes=\"(max-width: 300px) 100vw, 300px\" src=\"data:image\/svg+xml;base64,PHN2ZyB3aWR0aD0iMSIgaGVpZ2h0PSIxIiB4bWxucz0iaHR0cDovL3d3dy53My5vcmcvMjAwMC9zdmciPjwvc3ZnPg==\" style=\"--smush-placeholder-width: 300px; --smush-placeholder-aspect-ratio: 300\/194;\" \/><\/p>\n<p style=\"text-align: justify;\">La Direcci\u00f3n General del Servicio Militar Voluntario (SMV), del Ministerio de Defensa (MIDE) celebr\u00f3 su novena graduaci\u00f3n ordinaria del Entrenamiento Militar B\u00e1sico en la que 58 j\u00f3venes de ambos sexos completaron satisfactoriamente el programa, en un acto presidido por el ministro de Defensa, teniente general Carlos Luciano D\u00edaz Morfa, ERD.<\/p>\n<p style=\"text-align: justify;\">El mayor general Justo Am\u00edlcar Fern\u00e1ndez Tejada ERD, director del SMV, dijo que \u201cformar j\u00f3venes con vocaci\u00f3n de servicio es la esencia de este entrenamiento, fortaleciendo el sentimiento patri\u00f3tico, el amor y respeto a los s\u00edmbolos patrios y a todos los ciudadanos, dispuestos a defender la dominicanidad, la soberan\u00eda y la paz nacional\u201d.<\/p>\n<p style=\"text-align: justify;\">Se\u00f1al\u00f3 que l\u00edderes de la sociedad civil han sugerido que se establezca en el pa\u00eds el servicio militar obligatorio, para lo que ser\u00eda necesario hacer reformas legales.<\/p>\n<p style=\"text-align: justify;\">Es importante resaltar que desde hace dos a\u00f1os el Presidente Luis Abinader hab\u00eda sugerido introducir cambios en el Servicio Militar Voluntario, atendiendo a estas instrucciones, explic\u00f3 Fern\u00e1ndez, se crearon dos modalidades: el entrenamiento b\u00e1sico militar interno en los cuarteles, dirigido a j\u00f3venes bachilleres, y el programa de formaci\u00f3n en valores en los centros educativos de tanda extendida, ambos con participaci\u00f3n voluntaria, para lo que se hicieron las gestiones necesarias y ya lo estamos ejecutando.<\/p>\n<p style=\"text-align: justify;\">Explic\u00f3 que esta es la primera graduaci\u00f3n de j\u00f3venes que escogieron la modalidad entrenamiento b\u00e1sico militar, y que el objetivo es ir creciendo para responder a la demanda de j\u00f3venes escolares.<\/p>\n<p style=\"text-align: justify;\">Fern\u00e1ndez inform\u00f3 que en los pr\u00f3ximos d\u00edas se inicia el programa de formaci\u00f3n en valores en los centros educativos de tanda extendida, en los que se espera la participaci\u00f3n de 6,000 j\u00f3venes este a\u00f1o<\/p>\n<p style=\"text-align: justify;\">Los egresados del entrenamiento b\u00e1sico militar con m\u00e9ritos fueron: Lu\u00eds de Jes\u00fas David Santos y Wilmary Elianne Smith, quienes recibieron una laptop como premio. Tambi\u00e9n fue reconocido el voluntario Joel Salvador Soriano por su sobresaliente desempe\u00f1o en el tiro de familiarizaci\u00f3n al acertar en la Diana 20 de 20 intentos.<\/p>\n<p style=\"text-align: justify;\">En sus palabras de agradecimiento el graduado de honor Lu\u00eds de Jes\u00fas David Santos se\u00f1al\u00f3 que la formaci\u00f3n recibida \u201cnos ha servido para fortalecer nuestro sentimiento patri\u00f3tico, nuestro amor y respeto a los s\u00edmbolos patrios y a todos nuestros conciudadanos\u201d. Santos, estudiante de medicina, dijo que todos los egresados del programa tienen el inter\u00e9s de ingresar a las Fuerzas Armadas.<\/p>\n<p style=\"text-align: justify;\">El acto de graduaci\u00f3n fue celebrado en honor al Embajador William P\u00e1ez Piantini, al cual se le otorg\u00f3 un reconocimiento en agradecimiento a su laboriosa y destacada entrega en la formaci\u00f3n acad\u00e9mica de los miembros de las Fuerzas Armadas en materia de asuntos fronterizos y de fortalecimiento de las relaciones bilaterales entre la Rep\u00fablica Dominicana y Hait\u00ed.<\/p>\n<p style=\"text-align: justify;\">El ministro D\u00edaz Morfa estuvo acompa\u00f1ado por el ex presidente de la Rep\u00fablica, Hip\u00f3lito Mej\u00eda, el Estado Mayor General de las Fuerzas Armadas, el Estado Mayor Conjunto, Directores de Cuerpos Especializados, Oficiales Generales, Almirantes, Oficiales Superiores, Oficiales Subalternos, Suboficiales, Clases, Alistados e Invitados Especiales.<\/p>\n<p style=\"text-align: justify;\">\n<p style=\"text-align: justify;\">Fuente<\/p>\n<p style=\"text-align: justify;\">\n","protected":false},"excerpt":{"rendered":"<p>Graduaci\u00f3n fue en honor al embajador Wiliam P\u00e1ez Piantini durante la cual se le otorg\u00f3<\/p>\n","protected":false},"author":1,"featured_media":0,"comment_status":"open","ping_status":"open","sticky":false,"template":"","format":"standard","meta":{"footnotes":""},"categories":[7],"tags":[],"class_list":["post-7933","post","type-post","status-publish","format-standard","hentry","category-nacionales"],"_links":{"self":[{"href":"https:\/\/defrentealaverdad.com\/index.php\/wp-json\/wp\/v2\/posts\/7933","targetHints":{"allow":["GET"]}}],"collection":[{"href":"https:\/\/defrentealaverdad.com\/index.php\/wp-json\/wp\/v2\/posts"}],"about":[{"href":"https:\/\/defrentealaverdad.com\/index.php\/wp-json\/wp\/v2\/types\/post"}],"author":[{"embeddable":true,"href":"https:\/\/defrentealaverdad.com\/index.php\/wp-json\/wp\/v2\/users\/1"}],"replies":[{"embeddable":true,"href":"https:\/\/defrentealaverdad.com\/index.php\/wp-json\/wp\/v2\/comments?post=7933"}],"version-history":[{"count":1,"href":"https:\/\/defrentealaverdad.com\/index.php\/wp-json\/wp\/v2\/posts\/7933\/revisions"}],"predecessor-version":[{"id":7937,"href":"https:\/\/defrentealaverdad.com\/index.php\/wp-json\/wp\/v2\/posts\/7933\/revisions\/7937"}],"wp:attachment":[{"href":"https:\/\/defrentealaverdad.com\/index.php\/wp-json\/wp\/v2\/media?parent=7933"}],"wp:term":[{"taxonomy":"category","embeddable":true,"href":"https:\/\/defrentealaverdad.com\/index.php\/wp-json\/wp\/v2\/categories?post=7933"},{"taxonomy":"post_tag","embeddable":true,"href":"https:\/\/defrentealaverdad.com\/index.php\/wp-json\/wp\/v2\/tags?post=7933"}],"curies":[{"name":"wp","href":"https:\/\/api.w.org\/{rel}","templated":true}]}}