{"id":7926,"date":"2023-10-13T05:55:09","date_gmt":"2023-10-13T05:55:09","guid":{"rendered":"https:\/\/defrentealaverdad.com\/?p=7926"},"modified":"2024-11-19T19:41:20","modified_gmt":"2024-11-19T19:41:20","slug":"residentes-medicos-de-hospitales-militares-participan-en-jornada-cientifica-sobre-desafios-y-perspectivas-del-envejecimiento","status":"publish","type":"post","link":"https:\/\/defrentealaverdad.com\/index.php\/2023\/10\/13\/residentes-medicos-de-hospitales-militares-participan-en-jornada-cientifica-sobre-desafios-y-perspectivas-del-envejecimiento\/","title":{"rendered":"Residentes m\u00e9dicos de Hospitales militares participan en jornada cient\u00edfica sobre desaf\u00edos y perspectivas del envejecimiento"},"content":{"rendered":"<p style=\"text-align: justify;\">\n<p style=\"text-align: justify;\"><img decoding=\"async\" class=\"size-medium wp-image-7929 alignleft lazyload\" data-src=\"https:\/\/defrentealaverdad.com\/wp-content\/uploads\/2023\/10\/Screenshot_2023-10-14_020746-300x213.png\" alt=\"\" width=\"300\" height=\"213\" data-srcset=\"https:\/\/defrentealaverdad.com\/wp-content\/uploads\/2023\/10\/Screenshot_2023-10-14_020746-300x213.png 300w, https:\/\/defrentealaverdad.com\/wp-content\/uploads\/2023\/10\/Screenshot_2023-10-14_020746-768x546.png 768w, https:\/\/defrentealaverdad.com\/wp-content\/uploads\/2023\/10\/Screenshot_2023-10-14_020746.png 855w\" data-sizes=\"(max-width: 300px) 100vw, 300px\" src=\"data:image\/svg+xml;base64,PHN2ZyB3aWR0aD0iMSIgaGVpZ2h0PSIxIiB4bWxucz0iaHR0cDovL3d3dy53My5vcmcvMjAwMC9zdmciPjwvc3ZnPg==\" style=\"--smush-placeholder-width: 300px; --smush-placeholder-aspect-ratio: 300\/213;\" \/><\/p>\n<p style=\"text-align: justify;\">SANTO DOMINGO.-La Direcci\u00f3n General de Residencias M\u00e9dicas y Postgrado de la universidad nacional para la Defensa (UNADE), realiz\u00f3 la primera Jornada Cient\u00edfica Cl\u00ednico-Quir\u00fargica de los hospitales militares de las FF AA, titulada \u201cEnfoque Interdisciplinario sobre el envejecimiento: Desaf\u00edos y perspectivas en el adulto mayor\u201d.<\/p>\n<p style=\"text-align: justify;\">La jornada tuvo por objetivo fomentar la educaci\u00f3n m\u00e9dica continua y la formaci\u00f3n de los profesionales de la salud, para actualizarlos y promover la investigaci\u00f3n, el estudio y el aprendizaje en torno a este tema.<\/p>\n<p style=\"text-align: justify;\">La actividad, realizada en el Sal\u00f3n Independencia del MIDE, fue dedicada al general de brigada (r) M\u00e9dico Internista Geriatra, FARD. Dr. Manuel Oscar Mora y apoyada por la Asociaci\u00f3n Dominicana de Esposas de Oficiales de las Fuerzas Armadas (ADEOFA).<\/p>\n<p style=\"text-align: justify;\"><img decoding=\"async\" class=\"alignnone size-medium wp-image-7930 lazyload\" data-src=\"https:\/\/defrentealaverdad.com\/wp-content\/uploads\/2023\/10\/Screenshot_2023-10-14_020709-300x205.png\" alt=\"\" width=\"300\" height=\"205\" data-srcset=\"https:\/\/defrentealaverdad.com\/wp-content\/uploads\/2023\/10\/Screenshot_2023-10-14_020709-300x205.png 300w, https:\/\/defrentealaverdad.com\/wp-content\/uploads\/2023\/10\/Screenshot_2023-10-14_020709-768x525.png 768w, https:\/\/defrentealaverdad.com\/wp-content\/uploads\/2023\/10\/Screenshot_2023-10-14_020709.png 984w\" data-sizes=\"(max-width: 300px) 100vw, 300px\" src=\"data:image\/svg+xml;base64,PHN2ZyB3aWR0aD0iMSIgaGVpZ2h0PSIxIiB4bWxucz0iaHR0cDovL3d3dy53My5vcmcvMjAwMC9zdmciPjwvc3ZnPg==\" style=\"--smush-placeholder-width: 300px; --smush-placeholder-aspect-ratio: 300\/205;\" \/><\/p>\n<p style=\"text-align: justify;\">Participaron como conferencistas ocho (8) m\u00e9dicos especialistas en medicina interna, geriatr\u00eda, medicina familiar y comunitaria, gastroenterolog\u00eda, nefrolog\u00eda, psiquiatr\u00eda, nutrici\u00f3n e im\u00e1genes diagn\u00f3sticas y radiolog\u00eda, quienes promueven el envejecimiento activo a trav\u00e9s de acciones educativas, con una perspectiva del ciclo vital en la que se contemple la promoci\u00f3n de la salud y la prevenci\u00f3n de la enfermedad.<\/p>\n<p style=\"text-align: justify;\">La actividad se realiza con el aval acad\u00e9mico de la UNADE y de instituciones de educaci\u00f3n superior para fomentar los factores del buen funcionamiento cognitivo y generar estudios investigativos y de innovaci\u00f3n, capaces de originar propuestas acertadas a las necesidades fundamentales de las personas mayores.<\/p>\n<p style=\"text-align: justify;\">\n<p style=\"text-align: justify;\">\n<p style=\"text-align: justify;\">\n<p style=\"text-align: justify;\">\n<p style=\"text-align: justify;\">\n","protected":false},"excerpt":{"rendered":"<p>SANTO DOMINGO.-La Direcci\u00f3n General de Residencias M\u00e9dicas y Postgrado de la universidad nacional para la<\/p>\n","protected":false},"author":1,"featured_media":0,"comment_status":"open","ping_status":"open","sticky":false,"template":"","format":"standard","meta":{"footnotes":""},"categories":[221],"tags":[],"class_list":["post-7926","post","type-post","status-publish","format-standard","hentry","category-salud"],"_links":{"self":[{"href":"https:\/\/defrentealaverdad.com\/index.php\/wp-json\/wp\/v2\/posts\/7926","targetHints":{"allow":["GET"]}}],"collection":[{"href":"https:\/\/defrentealaverdad.com\/index.php\/wp-json\/wp\/v2\/posts"}],"about":[{"href":"https:\/\/defrentealaverdad.com\/index.php\/wp-json\/wp\/v2\/types\/post"}],"author":[{"embeddable":true,"href":"https:\/\/defrentealaverdad.com\/index.php\/wp-json\/wp\/v2\/users\/1"}],"replies":[{"embeddable":true,"href":"https:\/\/defrentealaverdad.com\/index.php\/wp-json\/wp\/v2\/comments?post=7926"}],"version-history":[{"count":2,"href":"https:\/\/defrentealaverdad.com\/index.php\/wp-json\/wp\/v2\/posts\/7926\/revisions"}],"predecessor-version":[{"id":7932,"href":"https:\/\/defrentealaverdad.com\/index.php\/wp-json\/wp\/v2\/posts\/7926\/revisions\/7932"}],"wp:attachment":[{"href":"https:\/\/defrentealaverdad.com\/index.php\/wp-json\/wp\/v2\/media?parent=7926"}],"wp:term":[{"taxonomy":"category","embeddable":true,"href":"https:\/\/defrentealaverdad.com\/index.php\/wp-json\/wp\/v2\/categories?post=7926"},{"taxonomy":"post_tag","embeddable":true,"href":"https:\/\/defrentealaverdad.com\/index.php\/wp-json\/wp\/v2\/tags?post=7926"}],"curies":[{"name":"wp","href":"https:\/\/api.w.org\/{rel}","templated":true}]}}