{"id":7883,"date":"2023-10-13T20:35:55","date_gmt":"2023-10-13T20:35:55","guid":{"rendered":"https:\/\/defrentealaverdad.com\/?p=7883"},"modified":"2024-11-19T19:33:12","modified_gmt":"2024-11-19T19:33:12","slug":"mescyt-e-itsc-otorgan-mas-de-200-becas-a-tecnicos-superiores","status":"publish","type":"post","link":"https:\/\/defrentealaverdad.com\/index.php\/2023\/10\/13\/mescyt-e-itsc-otorgan-mas-de-200-becas-a-tecnicos-superiores\/","title":{"rendered":"MESCyT e ITSC otorgan m\u00e1s de 200 becas a t\u00e9cnicos superiores"},"content":{"rendered":"<p style=\"text-align: justify;\"><img decoding=\"async\" class=\"size-medium wp-image-7884 lazyload\" data-src=\"https:\/\/defrentealaverdad.com\/wp-content\/uploads\/2023\/10\/IMG-20231013-WA0129-300x245.jpg\" alt=\"\" width=\"300\" height=\"245\" data-srcset=\"https:\/\/defrentealaverdad.com\/wp-content\/uploads\/2023\/10\/IMG-20231013-WA0129-300x245.jpg 300w, https:\/\/defrentealaverdad.com\/wp-content\/uploads\/2023\/10\/IMG-20231013-WA0129-1024x838.jpg 1024w, https:\/\/defrentealaverdad.com\/wp-content\/uploads\/2023\/10\/IMG-20231013-WA0129-768x628.jpg 768w, https:\/\/defrentealaverdad.com\/wp-content\/uploads\/2023\/10\/IMG-20231013-WA0129.jpg 1271w\" data-sizes=\"(max-width: 300px) 100vw, 300px\" src=\"data:image\/svg+xml;base64,PHN2ZyB3aWR0aD0iMSIgaGVpZ2h0PSIxIiB4bWxucz0iaHR0cDovL3d3dy53My5vcmcvMjAwMC9zdmciPjwvc3ZnPg==\" style=\"--smush-placeholder-width: 300px; --smush-placeholder-aspect-ratio: 300\/245;\" \/><\/p>\n<p style=\"text-align: justify;\">San Luis, Santo Domingo Este. Con la presencia del Dr. Franklin Garc\u00eda Ferm\u00edn, titular del Ministerio de Educaci\u00f3n Superior, Ciencia y Tecnolog\u00eda (MESCyT), 204 alumnos del Instituto T\u00e9cnico Superior Comunitario (ITSC), resultaron beneficiados con igual cantidad de becas, gracias al Programa de Becas Nacionales, creado por dicho ministerio e iniciativas de la Rector\u00eda y el Departamento de Servicios Estudiantiles del reconocido community college.<\/p>\n<p style=\"text-align: justify;\">Al tomar la palabra, Garc\u00eda Ferm\u00edn extern\u00f3 su complacencia de poder aportar a la valiosa labor que ha venido realizando el ITSC, con las poblaciones vulnerables de Santo Domingo Este y gran parte del pa\u00eds.<\/p>\n<blockquote><p>\u00abSabemos que este Instituto ha sido una respuesta s\u00famamente efectiva a la gran necesidad que tienen muchos de nuestros j\u00f3venes, de lograr una educaci\u00f3n, a nivel t\u00e9cnico superior, que les permita insertarse, de manera exitosa, en el mercado laboral\u00bb, afirm\u00f3 el funcionario.<\/p><\/blockquote>\n<p style=\"text-align: justify;\">En ese mismo tenor, el titular del MESCyT detall\u00f3 que en el gobierno del presidente Lu\u00eds Abinader, \u00abse han entregado 24,000 becas nacionales, de las cuales 9,744 corresponden a estudiantes del interior del pais, representando el 40.6 % del total\u00bb.<\/p>\n<p style=\"text-align: justify;\">Asimismo, el Lic. Pedro Antonio Quezada Cepeda, rector de la alta casa de estudios, agradeci\u00f3 el importante aporte realizado por el MESCyT, que permitir\u00e1 a muchos j\u00f3venes valiosos continuar su preparaci\u00f3n acad\u00e9mica.<\/p>\n<blockquote><p>\u00abAprovecho para informar que, adem\u00e1s de estas 40 becas del MESCyT, tambi\u00e9n contamos con 100 becas aportadas por el CODESSD, organizaci\u00f3n del sector privado en el que confluyen ONG\u00b4s tanto nacionales como extranjeras, as\u00ed como tambi\u00e9n empresas desde sus cap\u00edtulos de responsabilidad social corporativa; todos enfocados en un mismo objetivo: promover el desarrollo integral de la Rep\u00fablica Dominicana\u00bb, anunci\u00f3 Quezada Cepeda.<\/p><\/blockquote>\n<p style=\"text-align: justify;\">La autoridad educativa precis\u00f3 que las becas del CODESSD ser\u00e1n entregadas 50 en esta primera etapa, en tanto, para las otras 50, se abrir\u00e1 convocatoria y ser\u00e1n entregadas en el Cuatrimestre 1-2024.<\/p>\n<p style=\"text-align: justify;\">\u00abSabemos con seguridad que este apoyo acad\u00e9mico ser\u00e1 de gran valor para la Rep\u00fablica Dominicana\u00bb, afirm\u00f3.<\/p>\n<p style=\"text-align: justify;\">De igual manera, el acad\u00e9mico inform\u00f3 que ser\u00e1n becados los estudiantes que \u00abparticipen en los distintos grupos art\u00edsticos que pertecen al \u00c1rea de Arte y Cultura de nuestro Instituto y a los equipos deportivos\u00bb.<\/p>\n<p style=\"text-align: justify;\">La mesa de honor tambi\u00e9n estuvo conformada por Jos\u00e9 Cancel, viceministro Administrativo y Financiero del MESCyT; Rafael Mart\u00ednez, coordinador de Becas Nacionales; Lic. Carlos Mendieta, vicerrector Acad\u00e9mico; Dra. Maritza Contreras, vicerrectora Administrativa y Financiera; Lic. Alfredo Herrera, vicerrector de Vinculaci\u00f3n y Extensi\u00f3n; Lilian De Los Santos. Encargada de Servicios Estudiantiles y Carlos Gonz\u00e1lez, encargado de Becas.<\/p>\n<p style=\"text-align: justify;\">Otras autoridades presentes fueron Kaking Choi, asesor ITSC, Iris Ram\u00edrez, asesora ITSC y el Lic. Miguel Inoa, director de Planificaci\u00f3n y Desarrollo.<\/p>\n<p style=\"text-align: justify;\">Las becas del MESCyT fueron entregadas a alumnos de las carreras T\u00e9cnico Superior en: Desarrollo de Software, Dise\u00f1o Gr\u00e1fico, Gastronom\u00eda, Enfermer\u00eda, Mec\u00e1nica Dental, Soporte Inform\u00e1tico, Higiene Dental, Im\u00e1genes M\u00e9dicas, Mec\u00e1nica Automotriz, Informaci\u00f3n Tur\u00edstica, Alimentos y Bebidas y Log\u00edstica.<\/p>\n<p style=\"text-align: justify;\">En tanto, las palabras de agradecimiento fueron dadas por el estudiante Elimelet Caraballo Abad, T\u00e9cnico Superior en Desarrollo de Software y la parte art\u00edstica estuvo a cargo de la Banda Avanzar, del ITSC.<\/p>\n<p>&nbsp;<\/p>\n<p>Fuente: Prensa ITSC<\/p>\n","protected":false},"excerpt":{"rendered":"<p>San Luis, Santo Domingo Este. Con la presencia del Dr. Franklin Garc\u00eda Ferm\u00edn, titular del<\/p>\n","protected":false},"author":2,"featured_media":0,"comment_status":"open","ping_status":"open","sticky":false,"template":"","format":"standard","meta":{"footnotes":""},"categories":[7],"tags":[],"class_list":["post-7883","post","type-post","status-publish","format-standard","hentry","category-nacionales"],"_links":{"self":[{"href":"https:\/\/defrentealaverdad.com\/index.php\/wp-json\/wp\/v2\/posts\/7883","targetHints":{"allow":["GET"]}}],"collection":[{"href":"https:\/\/defrentealaverdad.com\/index.php\/wp-json\/wp\/v2\/posts"}],"about":[{"href":"https:\/\/defrentealaverdad.com\/index.php\/wp-json\/wp\/v2\/types\/post"}],"author":[{"embeddable":true,"href":"https:\/\/defrentealaverdad.com\/index.php\/wp-json\/wp\/v2\/users\/2"}],"replies":[{"embeddable":true,"href":"https:\/\/defrentealaverdad.com\/index.php\/wp-json\/wp\/v2\/comments?post=7883"}],"version-history":[{"count":2,"href":"https:\/\/defrentealaverdad.com\/index.php\/wp-json\/wp\/v2\/posts\/7883\/revisions"}],"predecessor-version":[{"id":7886,"href":"https:\/\/defrentealaverdad.com\/index.php\/wp-json\/wp\/v2\/posts\/7883\/revisions\/7886"}],"wp:attachment":[{"href":"https:\/\/defrentealaverdad.com\/index.php\/wp-json\/wp\/v2\/media?parent=7883"}],"wp:term":[{"taxonomy":"category","embeddable":true,"href":"https:\/\/defrentealaverdad.com\/index.php\/wp-json\/wp\/v2\/categories?post=7883"},{"taxonomy":"post_tag","embeddable":true,"href":"https:\/\/defrentealaverdad.com\/index.php\/wp-json\/wp\/v2\/tags?post=7883"}],"curies":[{"name":"wp","href":"https:\/\/api.w.org\/{rel}","templated":true}]}}