{"id":7856,"date":"2023-10-12T19:51:41","date_gmt":"2023-10-12T19:51:41","guid":{"rendered":"https:\/\/defrentealaverdad.com\/?p=7856"},"modified":"2023-10-12T19:52:40","modified_gmt":"2023-10-12T19:52:40","slug":"12-de-octubre-conmemoramos-o-recordamos-la-riqueza-de-la-diversidad-cultural","status":"publish","type":"post","link":"https:\/\/defrentealaverdad.com\/index.php\/2023\/10\/12\/12-de-octubre-conmemoramos-o-recordamos-la-riqueza-de-la-diversidad-cultural\/","title":{"rendered":"12 de octubre: Conmemoraci\u00f3n de la riqueza y la diversidad cultural"},"content":{"rendered":"<p>Por Mirla Hern\u00e1ndez<\/p>\n<p style=\"text-align: justify;\"><strong>El 12 de octubre se celebra el D\u00eda del Respeto a la Diversidad Cultural, tambi\u00e9n conocido como D\u00eda de la Raza.\u00a0<\/strong>En este d\u00eda se conmemora el descubrimiento de Am\u00e9rica por el navegante Crist\u00f3bal Col\u00f3n en el a\u00f1o 1492, constituyendo el inicio del intercambio de culturas entre los pueblos ind\u00edgenas y los conquistadores espa\u00f1oles.<\/p>\n<p style=\"text-align: justify;\"><img decoding=\"async\" class=\"alignright lazyload\" data-src=\"https:\/\/www.canal26.com\/media\/image\/2018\/10\/12\/401320.jpg\" alt=\"12 de octubre: \u00bfPor qu\u00e9 se celebra el D\u00eda del Respeto a la Diversidad Cultural y ya no el D\u00eda de la Raza? | Canal 26\" src=\"data:image\/svg+xml;base64,PHN2ZyB3aWR0aD0iMSIgaGVpZ2h0PSIxIiB4bWxucz0iaHR0cDovL3d3dy53My5vcmcvMjAwMC9zdmciPjwvc3ZnPg==\" \/><\/p>\n<p style=\"text-align: justify;\">Tiene varias denominaciones, pero con un mismo objetivo: conmemorar el \u00abprimer encuentro entre dos mundos\u00bb. Se conoce como\u00a0<strong>D\u00eda de la Raza, D\u00eda de la Resistencia Ind\u00edgena, D\u00eda de la Hispanidad, D\u00eda de la Diversidad Cultural\u00a0<\/strong>y en Espa\u00f1a espec\u00edficamente como\u00a0<strong>D\u00eda de la Hispanidad<\/strong>.<\/p>\n<h2 id=\"resTit_2\" style=\"text-align: justify;\">\u00bfPor qu\u00e9 este d\u00eda es controvertido?<\/h2>\n<p style=\"text-align: justify;\"><strong>La celebraci\u00f3n de este d\u00eda ha sido motivo de pol\u00e9micas y diversos puntos de vista, en torno a la conquista de Am\u00e9rica\u00a0<\/strong>por parte de las potencias europeas, sometiendo a los pueblos precolombinos y afectando las culturas nativas americanas.<\/p>\n<p style=\"text-align: justify;\">Otras posiciones estiman este d\u00eda como un acontecimiento hist\u00f3rico que permiti\u00f3 establecer un contacto entre habitantes del continente europeo y del continente americano, propiciando la\u00a0<strong>fusi\u00f3n de culturas y el nacimiento de la civilizaci\u00f3n hispanoamericana.<\/strong><\/p>\n<p style=\"text-align: justify;\">Estas distintas posturas propiciaron que en algunos pa\u00edses se modificara la denominaci\u00f3n de este d\u00eda conocido inicialmente y de manera generalizada como D\u00eda de la Raza por otras denominaciones que aluden al intercambio cultural, la hispanidad y la resistencia ind\u00edgena. Inclusive, este d\u00eda no es considerado festivo por parte de algunas naciones como Panam\u00e1 y Per\u00fa.<\/p>\n<p style=\"text-align: justify;\">Por otra parte, algunos descubrimientos e investigaciones se\u00f1alan que Col\u00f3n no fue el primer europeo en llegar a Am\u00e9rica, encontrando registros de la llegada por parte de vikingos 500 a\u00f1os antes del viaje de Crist\u00f3bal Col\u00f3n, as\u00ed como evidencias de la llegada de portugueses en el a\u00f1o 1424.<\/p>\n<h2 id=\"resTit_3\" style=\"text-align: justify;\">\u00bfDesde cu\u00e1ndo se celebra el D\u00eda de la Raza?<\/h2>\n<p style=\"text-align: justify;\">La celebraci\u00f3n de este d\u00eda se remonta a inicios del siglo XX, de forma no oficial. En el a\u00f1o 1913 el presidente de la Uni\u00f3n Ibero-Americana Faustino Rodr\u00edguez-San Pedro eligi\u00f3 el d\u00eda 12 de octubre como Fiesta de la Raza para unificar la celebraci\u00f3n de este d\u00eda en Espa\u00f1a e Iberoam\u00e9rica. A partir del a\u00f1o 1915 se denomin\u00f3\u00a0<strong>D\u00eda de la Raza<\/strong>.<\/p>\n<h2 id=\"resTit_4\" style=\"text-align: justify;\">\u00bfC\u00f3mo se celebra el D\u00eda de la Raza en el mundo?<\/h2>\n<p style=\"text-align: justify;\">Este d\u00eda se conmemora en varios pa\u00edses de Hispanoam\u00e9rica, Espa\u00f1a y Estados Unidos, con diversas denominaciones:<\/p>\n<p style=\"text-align: justify;\"><strong><em>En Argentina:<\/em><\/strong><\/p>\n<ul style=\"text-align: justify;\">\n<li>En el a\u00f1o 1917 el presidente de la Rep\u00fablica Argentina declar\u00f3 ese d\u00eda fiesta nacional como D\u00eda de la Raza. A fines del a\u00f1o 1920 el Monse\u00f1or Zacar\u00edas de Vizcarra propuso renombrarlo como D\u00eda de la Hispanidad.<\/li>\n<li>En la actualidad se conoce como\u00a0<strong>D\u00eda del Respeto a la Diversidad Cultural<\/strong>.<\/li>\n<\/ul>\n<p style=\"text-align: justify;\"><strong><em>En Bahamas:<\/em><\/strong><\/p>\n<ul style=\"text-align: justify;\">\n<li>Este d\u00eda festivo se denomina\u00a0<strong>Discovery Day (D\u00eda del Descubrimiento)<\/strong>.<\/li>\n<\/ul>\n<p style=\"text-align: justify;\"><strong><em>En Belice:<\/em><\/strong><\/p>\n<ul style=\"text-align: justify;\">\n<li>Se conoce como\u00a0<strong>Pan-American Day (D\u00eda Panamericano)<\/strong>.<\/li>\n<\/ul>\n<p style=\"text-align: justify;\"><strong><em>En Bolivia:<\/em><\/strong><\/p>\n<ul style=\"text-align: justify;\">\n<li>Actualmente se conoce como\u00a0<strong>D\u00eda de la Descolonizaci\u00f3n<\/strong>\u00a0(por decreto de fecha 12\/10\/2011).<\/li>\n<\/ul>\n<p style=\"text-align: justify;\"><strong><em>En Chile:<\/em><\/strong><\/p>\n<ul style=\"text-align: justify;\">\n<li>Este d\u00eda se renombr\u00f3 como\u00a0<strong>D\u00eda del Encuentro de Dos Mundos<\/strong>, seg\u00fan la ley 19.668 del a\u00f1o 2000.<\/li>\n<li>Se celebra el lunes m\u00e1s cercano al 12 de octubre (si esta fecha cae entre martes y viernes)<\/li>\n<\/ul>\n<p style=\"text-align: justify;\"><strong><em>En Colombia:<\/em><\/strong><\/p>\n<ul style=\"text-align: justify;\">\n<li>Se conoce como\u00a0<strong>D\u00eda de la Raza y la Hispanidad<\/strong>, de acuerdo a la Ley 35 del a\u00f1o 1939.<\/li>\n<li>Se celebra el d\u00eda lunes siguiente.<\/li>\n<\/ul>\n<p style=\"text-align: justify;\"><strong><em>En Costa Rica:<\/em><\/strong><\/p>\n<ul style=\"text-align: justify;\">\n<li>Este d\u00eda no es festivo. En el a\u00f1o 2019 se elimin\u00f3 el festivo del 12 de octubre y se sustituy\u00f3 por el Aniversario de la Abolici\u00f3n del Ej\u00e9rcito, celebrado el d\u00eda 1 de diciembre.<\/li>\n<\/ul>\n<p style=\"text-align: justify;\"><strong><em>En Espa\u00f1a:<\/em><\/strong><\/p>\n<ul style=\"text-align: justify;\">\n<li>Inicialmente se celebraba como Fiesta de la Raza hasta el a\u00f1o 1958.<\/li>\n<li>En la actualidad se conoce como\u00a0<strong>Fiesta Nacional de Espa\u00f1a<\/strong>.<\/li>\n<\/ul>\n<p style=\"text-align: justify;\"><strong><em>En Estados Unidos:<\/em><\/strong><\/p>\n<ul style=\"text-align: justify;\">\n<li>Se conoce como\u00a0<strong>D\u00eda de Col\u00f3n (Columbus Day)<\/strong>.<\/li>\n<li>En algunos estados se estim\u00f3 el cambio de denominaci\u00f3n por el\u00a0<strong>D\u00eda de los Pueblos Ind\u00edgenas<\/strong>, tomando en cuenta la procedencia de muchos de sus habitantes.<\/li>\n<\/ul>\n<p style=\"text-align: justify;\"><strong><em>En Uruguay:<\/em><\/strong><\/p>\n<ul style=\"text-align: justify;\">\n<li>Se celebra el\u00a0<strong>D\u00eda de la Diversidad Cultural<\/strong>.<\/li>\n<\/ul>\n<p style=\"text-align: justify;\"><strong><em>En Venezuela:<\/em><\/strong><\/p>\n<ul style=\"text-align: justify;\">\n<li>Se conoce como\u00a0<strong>D\u00eda de la Resistencia Ind\u00edgena\u00a0<\/strong>a partir del a\u00f1o 2002, por solicitud de las organizaciones ind\u00edgenas.<\/li>\n<\/ul>\n<p style=\"text-align: justify;\">M\u00e1s all\u00e1 de las controversias y pol\u00e9micas que se ha generado en torno al tema, la celebraci\u00f3n de este d\u00eda debe ser un elemento de reflexi\u00f3n, respeto y celebraci\u00f3n de la identidad cultural de los pueblos y su historia.<\/p>\n<p style=\"text-align: justify;\">Fuente: Dia Internacional de<\/p>\n","protected":false},"excerpt":{"rendered":"<p>Por Mirla Hern\u00e1ndez El 12 de octubre se celebra el D\u00eda del Respeto a la<\/p>\n","protected":false},"author":4,"featured_media":0,"comment_status":"open","ping_status":"open","sticky":false,"template":"","format":"standard","meta":{"footnotes":""},"categories":[16],"tags":[],"class_list":["post-7856","post","type-post","status-publish","format-standard","hentry","category-internacionales"],"_links":{"self":[{"href":"https:\/\/defrentealaverdad.com\/index.php\/wp-json\/wp\/v2\/posts\/7856","targetHints":{"allow":["GET"]}}],"collection":[{"href":"https:\/\/defrentealaverdad.com\/index.php\/wp-json\/wp\/v2\/posts"}],"about":[{"href":"https:\/\/defrentealaverdad.com\/index.php\/wp-json\/wp\/v2\/types\/post"}],"author":[{"embeddable":true,"href":"https:\/\/defrentealaverdad.com\/index.php\/wp-json\/wp\/v2\/users\/4"}],"replies":[{"embeddable":true,"href":"https:\/\/defrentealaverdad.com\/index.php\/wp-json\/wp\/v2\/comments?post=7856"}],"version-history":[{"count":2,"href":"https:\/\/defrentealaverdad.com\/index.php\/wp-json\/wp\/v2\/posts\/7856\/revisions"}],"predecessor-version":[{"id":7858,"href":"https:\/\/defrentealaverdad.com\/index.php\/wp-json\/wp\/v2\/posts\/7856\/revisions\/7858"}],"wp:attachment":[{"href":"https:\/\/defrentealaverdad.com\/index.php\/wp-json\/wp\/v2\/media?parent=7856"}],"wp:term":[{"taxonomy":"category","embeddable":true,"href":"https:\/\/defrentealaverdad.com\/index.php\/wp-json\/wp\/v2\/categories?post=7856"},{"taxonomy":"post_tag","embeddable":true,"href":"https:\/\/defrentealaverdad.com\/index.php\/wp-json\/wp\/v2\/tags?post=7856"}],"curies":[{"name":"wp","href":"https:\/\/api.w.org\/{rel}","templated":true}]}}