{"id":7830,"date":"2023-10-11T23:11:14","date_gmt":"2023-10-11T23:11:14","guid":{"rendered":"https:\/\/defrentealaverdad.com\/?p=7830"},"modified":"2023-10-11T23:11:14","modified_gmt":"2023-10-11T23:11:14","slug":"policia-nacional-ofrece-charla-a-mas-de-100-agentes-al-conmemorarse-el-dia-mundial-de-la-salud-mental","status":"publish","type":"post","link":"https:\/\/defrentealaverdad.com\/index.php\/2023\/10\/11\/policia-nacional-ofrece-charla-a-mas-de-100-agentes-al-conmemorarse-el-dia-mundial-de-la-salud-mental\/","title":{"rendered":"Polic\u00eda Nacional ofrece charla a m\u00e1s de 100 agentes al conmemorarse el D\u00eda Mundial de la Salud Mental"},"content":{"rendered":"<p style=\"text-align: justify;\">Por Felix Rubio<\/p>\n<p><img decoding=\"async\" class=\"aligncenter lazyload\" data-src=\"https:\/\/www.policianacional.gob.do\/wp-content\/uploads\/2023\/10\/76cb0ad3-3b12-48d5-bb5d-640087ba04ff-1024x682.jpeg\" src=\"data:image\/svg+xml;base64,PHN2ZyB3aWR0aD0iMSIgaGVpZ2h0PSIxIiB4bWxucz0iaHR0cDovL3d3dy53My5vcmcvMjAwMC9zdmciPjwvc3ZnPg==\" style=\"--smush-placeholder-width: 1024px; --smush-placeholder-aspect-ratio: 1024\/682;\" \/><\/p>\n<p style=\"text-align: justify;\">M\u00e1s de un centenar de miembros de la Polic\u00eda Nacional fueron part\u00edcipes de la charla \u201cLa Salud Mental desde una Perspectiva de G\u00e9nero en el \u00c1mbito Policial\u201d, como parte del proceso de trasformaci\u00f3n y profesionalizaci\u00f3n de la instituci\u00f3n del orden, que tiene como uno de sus objetivos contar con hombres y mujeres capacitados en los temas que ayuden a tener un mejor desenvolvimiento dentro de la sociedad.<\/p>\n<p style=\"text-align: justify;\">El conversatorio fue organizado por el Departamento de Equidad de G\u00e9nero y Desarrollo de la Polic\u00eda Nacional, a cargo de la teniente coronel Alexandra Familia Acevedo, al conmemorarse el \u201cD\u00eda Mundial de la Salud Mental\u201d. La actividad cont\u00f3 con la presencia de la coronel Belkis Asi\u00e1tico Almonte, presidenta de la Asociaci\u00f3n de Esposas de oficiales de la Polic\u00eda (Aseopna).<\/p>\n<p style=\"text-align: justify;\">Asimismo, estuvo presente la mayor Martha Fr\u00edas, sub-encargada del Departamento de Equidad de G\u00e9nero.<\/p>\n<p style=\"text-align: justify;\">La charla fue disertada por la segundo teniente psic\u00f3loga Yisel S\u00e1nchez Familia, en el Club para Oficiales del cuerpo del orden, ubicado en la sede central, y tuvo como objetivo orientar a los asistentes sobre el sistema de equidad que se promueve dentro de la instituci\u00f3n, a cargo del director general, mayor general Eduardo Alberto Then.<\/p>\n<p style=\"text-align: justify;\">S\u00e1nchez Familia, interactuando con los presentes, desarroll\u00f3 temas como: Importancia e impacto de la perspectiva de g\u00e9nero en la salud mental, casos en que puede haber perspectivas de g\u00e9nero, cu\u00e1l es el rol de la mujer en la sociedad actual, as\u00ed como tambi\u00e9n qu\u00e9 g\u00e9nero sufre m\u00e1s trastornos mentales.<\/p>\n<p>&nbsp;<\/p>\n<p>Fuente: Todo en su Punto<\/p>\n","protected":false},"excerpt":{"rendered":"<p>Por Felix Rubio M\u00e1s de un centenar de miembros de la Polic\u00eda Nacional fueron part\u00edcipes<\/p>\n","protected":false},"author":1,"featured_media":0,"comment_status":"open","ping_status":"open","sticky":false,"template":"","format":"standard","meta":{"footnotes":""},"categories":[7],"tags":[],"class_list":["post-7830","post","type-post","status-publish","format-standard","hentry","category-nacionales"],"_links":{"self":[{"href":"https:\/\/defrentealaverdad.com\/index.php\/wp-json\/wp\/v2\/posts\/7830","targetHints":{"allow":["GET"]}}],"collection":[{"href":"https:\/\/defrentealaverdad.com\/index.php\/wp-json\/wp\/v2\/posts"}],"about":[{"href":"https:\/\/defrentealaverdad.com\/index.php\/wp-json\/wp\/v2\/types\/post"}],"author":[{"embeddable":true,"href":"https:\/\/defrentealaverdad.com\/index.php\/wp-json\/wp\/v2\/users\/1"}],"replies":[{"embeddable":true,"href":"https:\/\/defrentealaverdad.com\/index.php\/wp-json\/wp\/v2\/comments?post=7830"}],"version-history":[{"count":1,"href":"https:\/\/defrentealaverdad.com\/index.php\/wp-json\/wp\/v2\/posts\/7830\/revisions"}],"predecessor-version":[{"id":7831,"href":"https:\/\/defrentealaverdad.com\/index.php\/wp-json\/wp\/v2\/posts\/7830\/revisions\/7831"}],"wp:attachment":[{"href":"https:\/\/defrentealaverdad.com\/index.php\/wp-json\/wp\/v2\/media?parent=7830"}],"wp:term":[{"taxonomy":"category","embeddable":true,"href":"https:\/\/defrentealaverdad.com\/index.php\/wp-json\/wp\/v2\/categories?post=7830"},{"taxonomy":"post_tag","embeddable":true,"href":"https:\/\/defrentealaverdad.com\/index.php\/wp-json\/wp\/v2\/tags?post=7830"}],"curies":[{"name":"wp","href":"https:\/\/api.w.org\/{rel}","templated":true}]}}