{"id":7807,"date":"2023-10-11T22:42:57","date_gmt":"2023-10-11T22:42:57","guid":{"rendered":"https:\/\/defrentealaverdad.com\/?p=7807"},"modified":"2023-10-11T22:42:57","modified_gmt":"2023-10-11T22:42:57","slug":"federico-reynoso-senasa-es-la-principal-aseguradora-del-pais-con-75-millones-dominicanos-afiliados-activos","status":"publish","type":"post","link":"https:\/\/defrentealaverdad.com\/index.php\/2023\/10\/11\/federico-reynoso-senasa-es-la-principal-aseguradora-del-pais-con-75-millones-dominicanos-afiliados-activos\/","title":{"rendered":"Federico Reynoso: SENASA es la principal aseguradora del pa\u00eds con 7,5 millones dominicanos afiliados activos"},"content":{"rendered":"<p style=\"text-align: justify;\">SANTO DOMINGO. Rep\u00fablica Dominicana. El director de Medios de la Presidencia .Federico Reynoso Benzan, inform\u00f3 que durante la gesti\u00f3n del presidente Luis Abinader el Seguro Nacional de Salud (SENASA) se ha convertido en la principal aseguradora del pa\u00eds, impactando en la vida de m\u00e1s de 7,5 millones dominicanos afiliados activos con una inversi\u00f3n que sobre pasa los 102 mil 321 millones de pesos.<\/p>\n<p style=\"text-align: justify;\"><img decoding=\"async\" class=\"size-medium wp-image-7808 alignleft lazyload\" data-src=\"https:\/\/defrentealaverdad.com\/wp-content\/uploads\/2023\/10\/IMG-20231011-WA0057-300x169.jpg\" alt=\"\" width=\"300\" height=\"169\" data-srcset=\"https:\/\/defrentealaverdad.com\/wp-content\/uploads\/2023\/10\/IMG-20231011-WA0057-300x169.jpg 300w, https:\/\/defrentealaverdad.com\/wp-content\/uploads\/2023\/10\/IMG-20231011-WA0057-1024x575.jpg 1024w, https:\/\/defrentealaverdad.com\/wp-content\/uploads\/2023\/10\/IMG-20231011-WA0057-768x431.jpg 768w, https:\/\/defrentealaverdad.com\/wp-content\/uploads\/2023\/10\/IMG-20231011-WA0057-800x450.jpg 800w, https:\/\/defrentealaverdad.com\/wp-content\/uploads\/2023\/10\/IMG-20231011-WA0057.jpg 1280w\" data-sizes=\"(max-width: 300px) 100vw, 300px\" src=\"data:image\/svg+xml;base64,PHN2ZyB3aWR0aD0iMSIgaGVpZ2h0PSIxIiB4bWxucz0iaHR0cDovL3d3dy53My5vcmcvMjAwMC9zdmciPjwvc3ZnPg==\" style=\"--smush-placeholder-width: 300px; --smush-placeholder-aspect-ratio: 300\/169;\" \/><\/p>\n<p style=\"text-align: justify;\">Reynoso puntualiz\u00f3 que la entidad ha extendido su cobertura de manera impresionante, pasando de 4,978,764 afiliados en los a\u00f1os previos al nuevo mandato a 7,546,416 en el a\u00f1o 2023.<\/p>\n<p style=\"text-align: justify;\">Asimismo, detall\u00f3 que los afiliados activos se distribuyen en 5,795,063 en el R\u00e9gimen Subsidiado, mientras que 1,663,718 est\u00e1n inscritos en el R\u00e9gimen Contributivo. Adem\u00e1s, 87,635 pensionados est\u00e1n respaldados por el plan especial de salud, quienes se han beneficiado de los servicios de salud que ofrece.<\/p>\n<p style=\"text-align: justify;\"><img decoding=\"async\" class=\"size-medium wp-image-7809 alignright lazyload\" data-src=\"https:\/\/defrentealaverdad.com\/wp-content\/uploads\/2023\/10\/IMG-20231011-WA0056-200x300.jpg\" alt=\"\" width=\"200\" height=\"300\" data-srcset=\"https:\/\/defrentealaverdad.com\/wp-content\/uploads\/2023\/10\/IMG-20231011-WA0056-200x300.jpg 200w, https:\/\/defrentealaverdad.com\/wp-content\/uploads\/2023\/10\/IMG-20231011-WA0056-682x1024.jpg 682w, https:\/\/defrentealaverdad.com\/wp-content\/uploads\/2023\/10\/IMG-20231011-WA0056-768x1154.jpg 768w, https:\/\/defrentealaverdad.com\/wp-content\/uploads\/2023\/10\/IMG-20231011-WA0056.jpg 852w\" data-sizes=\"(max-width: 200px) 100vw, 200px\" src=\"data:image\/svg+xml;base64,PHN2ZyB3aWR0aD0iMSIgaGVpZ2h0PSIxIiB4bWxucz0iaHR0cDovL3d3dy53My5vcmcvMjAwMC9zdmciPjwvc3ZnPg==\" style=\"--smush-placeholder-width: 200px; --smush-placeholder-aspect-ratio: 200\/300;\" \/><\/p>\n<p style=\"text-align: justify;\">\u00abEste hito es un reflejo del compromiso del gobierno con la salud y el bienestar de la poblaci\u00f3n dominicana. Gracias a este esfuerzo, m\u00e1s dominicanos tienen acceso a servicios m\u00e9dicos de calidad, sin importar su situaci\u00f3n econ\u00f3mica\u00bb, indic\u00f3 Reynoso<\/p>\n<p style=\"text-align: justify;\">Reynoso Benzan expres\u00f3 que el *SENASA* es un pilar fundamental en la atenci\u00f3n m\u00e9dica y la seguridad social para la poblaci\u00f3n dominicana.<\/p>\n<p style=\"text-align: justify;\">De igual manera, el director de *Medios de la Presidencia* tambi\u00e9n resalt\u00f3 el compromiso del gobierno dominicano y la administraci\u00f3n de la entidad con la inversi\u00f3n en salud. En el a\u00f1o 2022, se destinaron 36,534 millones de pesos para asegurar una atenci\u00f3n m\u00e9dica adecuada y oportuna para la poblaci\u00f3n, en comparaci\u00f3n con los 33,102 millones de pesos invertidos en 2021. Se proyecta que, en el a\u00f1o 2023, la inversi\u00f3n alcance la cifra de RD$ 43,621 millones.<\/p>\n<p style=\"text-align: justify;\">\u00abEn los \u00faltimos a\u00f1os, el *SENASA* ha experimentado un crecimiento excepcional, tanto en t\u00e9rminos de afiliados como de inversi\u00f3n, gracias al liderazgo s\u00f3lido del presidente *Luis Abinader* y la direcci\u00f3n efectiva de del director ejecutivo del *SENASA*, *Santiago Hazim*\u201d, dijo.<\/p>\n<p style=\"text-align: justify;\">\n<p style=\"text-align: justify;\">Fuente: Dir. Comunicaciones SENASA<\/p>\n","protected":false},"excerpt":{"rendered":"<p>SANTO DOMINGO. Rep\u00fablica Dominicana. El director de Medios de la Presidencia .Federico Reynoso Benzan, inform\u00f3<\/p>\n","protected":false},"author":2,"featured_media":0,"comment_status":"open","ping_status":"open","sticky":false,"template":"","format":"standard","meta":{"footnotes":""},"categories":[7],"tags":[],"class_list":["post-7807","post","type-post","status-publish","format-standard","hentry","category-nacionales"],"_links":{"self":[{"href":"https:\/\/defrentealaverdad.com\/index.php\/wp-json\/wp\/v2\/posts\/7807","targetHints":{"allow":["GET"]}}],"collection":[{"href":"https:\/\/defrentealaverdad.com\/index.php\/wp-json\/wp\/v2\/posts"}],"about":[{"href":"https:\/\/defrentealaverdad.com\/index.php\/wp-json\/wp\/v2\/types\/post"}],"author":[{"embeddable":true,"href":"https:\/\/defrentealaverdad.com\/index.php\/wp-json\/wp\/v2\/users\/2"}],"replies":[{"embeddable":true,"href":"https:\/\/defrentealaverdad.com\/index.php\/wp-json\/wp\/v2\/comments?post=7807"}],"version-history":[{"count":1,"href":"https:\/\/defrentealaverdad.com\/index.php\/wp-json\/wp\/v2\/posts\/7807\/revisions"}],"predecessor-version":[{"id":7810,"href":"https:\/\/defrentealaverdad.com\/index.php\/wp-json\/wp\/v2\/posts\/7807\/revisions\/7810"}],"wp:attachment":[{"href":"https:\/\/defrentealaverdad.com\/index.php\/wp-json\/wp\/v2\/media?parent=7807"}],"wp:term":[{"taxonomy":"category","embeddable":true,"href":"https:\/\/defrentealaverdad.com\/index.php\/wp-json\/wp\/v2\/categories?post=7807"},{"taxonomy":"post_tag","embeddable":true,"href":"https:\/\/defrentealaverdad.com\/index.php\/wp-json\/wp\/v2\/tags?post=7807"}],"curies":[{"name":"wp","href":"https:\/\/api.w.org\/{rel}","templated":true}]}}