{"id":7727,"date":"2023-10-10T03:50:35","date_gmt":"2023-10-10T03:50:35","guid":{"rendered":"https:\/\/defrentealaverdad.com\/?p=7727"},"modified":"2023-10-11T03:52:13","modified_gmt":"2023-10-11T03:52:13","slug":"cdp-distrito-nacional-llama-a-duenos-de-medios-de-comunicacion-a-dignificar-salario-de-los-periodistas","status":"publish","type":"post","link":"https:\/\/defrentealaverdad.com\/index.php\/2023\/10\/10\/cdp-distrito-nacional-llama-a-duenos-de-medios-de-comunicacion-a-dignificar-salario-de-los-periodistas\/","title":{"rendered":"CDP Distrito Nacional llama a due\u00f1os de medios de comunicaci\u00f3n a dignificar salario de los periodistas\u00a0"},"content":{"rendered":"<p style=\"text-align: justify;\">\n<blockquote><p>Destaca la importancia de preservar el talento period\u00edstico y evitar la migraci\u00f3n de los profesionales<\/p><\/blockquote>\n<p style=\"text-align: justify;\">SANTO DOMINGO. El reci\u00e9n electo secretario general del Colegiado Dominicano de Periodistas (CDP), Distrito Nacional, Wilder Richard P\u00e1ez Popoter, llam\u00f3 hoy a los due\u00f1os de medios de comunicaci\u00f3n del pa\u00eds a dignificar los salarios de los periodistas, en esta era tan importante de la Informaci\u00f3n.<\/p>\n<blockquote><p>\u00abDebemos ya romper con los viejos tab\u00faes del periodismo dominicano, donde los comunicadores eran vistos como jornaleros obligados a defender causas social y a poner en peligro sus vidas, siendo hist\u00f3ricamente mal remunerados\u00bb, expres\u00f3 P\u00e1ez.<\/p><\/blockquote>\n<p style=\"text-align: justify;\">Dice que el periodismo siempre ser\u00e1 un oficio de vocaci\u00f3n, sin embargo, cree que los buenos periodistas est\u00e1n migrando a empresas con intereses particulares porque all\u00ed perciben mejores salarios.<\/p>\n<p style=\"text-align: justify;\"><em><img decoding=\"async\" class=\"size-medium wp-image-7728 aligncenter lazyload\" data-src=\"https:\/\/defrentealaverdad.com\/wp-content\/uploads\/2023\/10\/IMG-20231010-WA0091-300x225.jpg\" alt=\"\" width=\"300\" height=\"225\" data-srcset=\"https:\/\/defrentealaverdad.com\/wp-content\/uploads\/2023\/10\/IMG-20231010-WA0091-300x225.jpg 300w, https:\/\/defrentealaverdad.com\/wp-content\/uploads\/2023\/10\/IMG-20231010-WA0091-1024x768.jpg 1024w, https:\/\/defrentealaverdad.com\/wp-content\/uploads\/2023\/10\/IMG-20231010-WA0091-768x576.jpg 768w, https:\/\/defrentealaverdad.com\/wp-content\/uploads\/2023\/10\/IMG-20231010-WA0091-720x540.jpg 720w, https:\/\/defrentealaverdad.com\/wp-content\/uploads\/2023\/10\/IMG-20231010-WA0091.jpg 1280w\" data-sizes=\"(max-width: 300px) 100vw, 300px\" src=\"data:image\/svg+xml;base64,PHN2ZyB3aWR0aD0iMSIgaGVpZ2h0PSIxIiB4bWxucz0iaHR0cDovL3d3dy53My5vcmcvMjAwMC9zdmciPjwvc3ZnPg==\" style=\"--smush-placeholder-width: 300px; --smush-placeholder-aspect-ratio: 300\/225;\" \/><\/em><\/p>\n<p style=\"text-align: justify;\">El comunicador manifest\u00f3 que, el hacer periodismo reviste compromiso, \u00e9tica, esfuerzo y seriedad, en un mundo predominado por falsos informantes.<\/p>\n<p style=\"text-align: justify;\">\u00abHay mucha copia, mucho fake news (noticias falsas) y solo los periodistas verdaderos garantizan la verdad y sustentan la democracia del pa\u00eds\u00bb, declar\u00f3 el secretario general del CDP Distrito Nacional.<\/p>\n<p style=\"text-align: justify;\">Agreg\u00f3 que, los periodistas de hoy est\u00e1n percibiendo salarios que oscilan desde los 15 mil a 25 pesos mensuales, misma remuneraci\u00f3n que se les otorga a colaboradores que no tienen en sus manos el gran compromiso que reviste ser periodista.<\/p>\n<p style=\"text-align: justify;\">Para P\u00e1ez el trabajo de un periodista es de gran trascendencia social, ya que trabaja con informaciones que van desde el presidente de la Rep\u00fablica hasta la m\u00e1s simple ama de casa.<\/p>\n<p style=\"text-align: justify;\">El periodista felicit\u00f3 a todos los empresarios que desde siempre han luchado en \u00e9pocas de crisis para mantener a flote sus medios de comunicaci\u00f3n; as\u00ed como a las nuevas plataformas que han venido a traer oportunidades a los expertos en mensajes.<\/p>\n<blockquote><p>\u00abLos medios de comunicaci\u00f3n debemos preservarlos, as\u00ed como, debemos garantizar la \u00e9tica y esto se logra digficando la clase\u00bb, dijo.<\/p><\/blockquote>\n<p style=\"text-align: justify;\">\n<p style=\"text-align: justify;\">\n<p style=\"text-align: justify;\">\n<p style=\"text-align: justify;\">Junto a P\u00e1ez forman la directiva del CDP Distrito Nacional los periodistas Aurelia S\u00e1nchez, secretaria de Organizaci\u00f3n; Odil Beato, Tesorera; Milly Suero, secretaria de Educaci\u00f3n; Pilar Moreno, secretaria de Actas; Ram\u00f3n Benz\u00e1n, secretario de Relaciones P\u00fablicas y Rolando Correa como vocal.<\/p>\n<p style=\"text-align: justify;\">El \u00faltimo estudio del Observatorio Comunicaci\u00f3n y Democracia (OCD) indica que gran parte de los periodistas dominicanos perciben entre 18 y 20 mil pesos.<\/p>\n","protected":false},"excerpt":{"rendered":"<p>Destaca la importancia de preservar el talento period\u00edstico y evitar la migraci\u00f3n de los profesionales<\/p>\n","protected":false},"author":1,"featured_media":0,"comment_status":"open","ping_status":"open","sticky":false,"template":"","format":"standard","meta":{"footnotes":""},"categories":[7],"tags":[],"class_list":["post-7727","post","type-post","status-publish","format-standard","hentry","category-nacionales"],"_links":{"self":[{"href":"https:\/\/defrentealaverdad.com\/index.php\/wp-json\/wp\/v2\/posts\/7727","targetHints":{"allow":["GET"]}}],"collection":[{"href":"https:\/\/defrentealaverdad.com\/index.php\/wp-json\/wp\/v2\/posts"}],"about":[{"href":"https:\/\/defrentealaverdad.com\/index.php\/wp-json\/wp\/v2\/types\/post"}],"author":[{"embeddable":true,"href":"https:\/\/defrentealaverdad.com\/index.php\/wp-json\/wp\/v2\/users\/1"}],"replies":[{"embeddable":true,"href":"https:\/\/defrentealaverdad.com\/index.php\/wp-json\/wp\/v2\/comments?post=7727"}],"version-history":[{"count":1,"href":"https:\/\/defrentealaverdad.com\/index.php\/wp-json\/wp\/v2\/posts\/7727\/revisions"}],"predecessor-version":[{"id":7729,"href":"https:\/\/defrentealaverdad.com\/index.php\/wp-json\/wp\/v2\/posts\/7727\/revisions\/7729"}],"wp:attachment":[{"href":"https:\/\/defrentealaverdad.com\/index.php\/wp-json\/wp\/v2\/media?parent=7727"}],"wp:term":[{"taxonomy":"category","embeddable":true,"href":"https:\/\/defrentealaverdad.com\/index.php\/wp-json\/wp\/v2\/categories?post=7727"},{"taxonomy":"post_tag","embeddable":true,"href":"https:\/\/defrentealaverdad.com\/index.php\/wp-json\/wp\/v2\/tags?post=7727"}],"curies":[{"name":"wp","href":"https:\/\/api.w.org\/{rel}","templated":true}]}}