{"id":7610,"date":"2023-10-08T00:42:35","date_gmt":"2023-10-08T00:42:35","guid":{"rendered":"https:\/\/defrentealaverdad.com\/?p=7610"},"modified":"2023-10-09T01:17:59","modified_gmt":"2023-10-09T01:17:59","slug":"escalada-represiva-en-monte-grande-eso-denuncia-la-coalicion-enriquillo","status":"publish","type":"post","link":"https:\/\/defrentealaverdad.com\/index.php\/2023\/10\/08\/escalada-represiva-en-monte-grande-eso-denuncia-la-coalicion-enriquillo\/","title":{"rendered":"\u00bfEscalada represiva en Monte Grande?&#8230; Eso denuncia la Coalici\u00f3n Enriquillo"},"content":{"rendered":"<div id=\"post-body-3995825079608372129\" class=\"post-body entry-content\">\n<blockquote>\n<div style=\"text-align: justify;\"><b>Campesinos est\u00e1n en contra de inauguraci\u00f3n de la obra sin terminar, pero son reprimidos y apresados por las autoridades y los constructores.<\/b><\/div>\n<\/blockquote>\n<p style=\"text-align: justify;\"><b>Monte Grande Azua\/Barahona.-\u00a0<\/b>La Coalici\u00f3n Enriquillo denunci\u00f3 ante la opini\u00f3n p\u00fablica nacional e internacional el inicio de una escalada represiva en la Presa de Monte contra dirigentes comunitarios y trabajadores por parte de la seguridad militar del proyecto, respondiendo a \u00f3rdenes del Ingeniero Carlos Javier, director de la Unidad Ejecutora del INDRHI, y del brasileiro Renhato C. Linhares, gerente de obras, del Consorcio Andrade Guti\u00e9rrez-Servinca.<\/p>\n<p style=\"text-align: justify;\">La represi\u00f3n oficial se inici\u00f3 el jueves, 5 de octubre, con el apresamiento de dos (2) miembros de los Comit\u00e9s de Protecci\u00f3n y Defensa de las Comunidades afectadas por la construcci\u00f3n de la Presa de Monte Grande (CPD-PMG) y continu\u00f3 la ma\u00f1ana del s\u00e1bado, 7 de octubre, con la detenci\u00f3n del l\u00edder comunitario Santo Esteban Ferreras, a quien mantienen en preso en el campamento de la obra.<\/p>\n<p style=\"text-align: justify;\">Los trabajadores de la presa, contando con el respaldo de los CDP, mantienen paralizado los trabajos desde anteayer, en reclamo de que gobierno cumpla con los compromisos contra\u00eddos con sus comunidades al inicio de la construcci\u00f3n del proyecto, pero que el presidente de la Rep\u00fablica y el director del INDRHI no han cumplido a cabalidad, convirti\u00e9ndose todo un permanente mareo de promesas incumplidas.<a href=\"https:\/\/blogger.googleusercontent.com\/img\/b\/R29vZ2xl\/AVvXsEiVQ7-e2rVZPTXA6XlPL2xcBbowXuEdI-wGEFKg6kcvcYKdAOPUThSVdys9G9l0_wDfQt5fxIIBD02jRR4LtSMW6Ib_XFKCu9m8An0OvrC50wDUqwqomp-2i6YtdwG9k9NsfJ9LBrVPa8f9jJL9WAzu_SWDAQc7ylX8nWMItyZ0CVp1pj6vIJ5av_4Kwc0\/s599\/Presa%20de%20Monte%20Grande.jpg\"><img decoding=\"async\" class=\"alignleft lazyload\" data-src=\"https:\/\/blogger.googleusercontent.com\/img\/b\/R29vZ2xl\/AVvXsEiVQ7-e2rVZPTXA6XlPL2xcBbowXuEdI-wGEFKg6kcvcYKdAOPUThSVdys9G9l0_wDfQt5fxIIBD02jRR4LtSMW6Ib_XFKCu9m8An0OvrC50wDUqwqomp-2i6YtdwG9k9NsfJ9LBrVPa8f9jJL9WAzu_SWDAQc7ylX8nWMItyZ0CVp1pj6vIJ5av_4Kwc0\/w647-h365\/Presa%20de%20Monte%20Grande.jpg\" width=\"280\" height=\"157\" border=\"0\" data-original-height=\"398\" data-original-width=\"599\" src=\"data:image\/svg+xml;base64,PHN2ZyB3aWR0aD0iMSIgaGVpZ2h0PSIxIiB4bWxucz0iaHR0cDovL3d3dy53My5vcmcvMjAwMC9zdmciPjwvc3ZnPg==\" style=\"--smush-placeholder-width: 280px; --smush-placeholder-aspect-ratio: 280\/157;\" \/><\/a><\/p>\n<p style=\"text-align: justify;\">Se recuerda que los compromisos establecidos por el acuerdo, firmado por la direcci\u00f3n ejecutiva del INDRHI y los directivos de los CPD-PMG incluye:1. Entrega de 60 tareas de tierra a cada una de las 294 familias desalojadas por la construcci\u00f3n en un proyecto agr\u00edcola a desarrollar por el Estado a trav\u00e9s del IAD, con agua permanente;2. Pago de una indemnizaci\u00f3n de m\u00e1s de RS$300 MM al conjunto de familias damnificadas por la destrucci\u00f3n de sus fincas y cosechas;3. Construcci\u00f3n de un centro poblado seguro, dotado de todos los servicios sociales p\u00fablicos.<\/p>\n<p style=\"text-align: justify;\">Hasta ahora, y despu\u00e9s de decenas de reuniones y encuentros, el gobierno s\u00f3lo ha cumplido con la entrega de las casas, calles y aceras, pero llenas de vicios de construcci\u00f3n, y a\u00fan sin servicios de agua, alcantarillado y energ\u00eda el\u00e9ctrica muy deficientes. Adem\u00e1s, la escuela, el centro comunitario y de salud, la iglesia, el campo deportivo, la estaciones de PN y de bomberos no est\u00e1n terminados.<\/p>\n<p style=\"text-align: justify;\">Con el inicio de la represi\u00f3n contra los obreros y sus dirigentes, el sector oficial rompe la mesa del dialogo mantenida desde inicios de la obra, dando p\u00ede al surgimiento de acciones m\u00e1s contundentes por parte de los trabajadores y sus comunidades que pudieren afectar la paz de las comunidades y de la regi\u00f3n Suroeste y retrasar de manera indefinida el proceso de la Presa de Monte Grande, a cuya inauguraci\u00f3n los trabajadores y pobladores se oponen si antes no se cumple con los acuerdos.<\/p>\n<p style=\"text-align: justify;\">Exigimos al presidente de la Rep\u00fablica la libertad inmediata de Santo Esteban Ferreras y dem\u00e1s dirigentes de los CPD-PMG detenidos en el Campamento de la PMG y llamamos al Ing. Olmedo Caba, director del INDRHI y a Renhato Linhares del Consorcio Andrade Gutierrez-Servinca, a sentarse de nuevo a la mesa de negociaciones y presentar soluciones definitivas al conflicto.<\/p>\n<p style=\"text-align: justify;\">Fuente: Comunicado de la Coalici\u00f3n Enriquillo.<\/p>\n<\/div>\n","protected":false},"excerpt":{"rendered":"<p>Campesinos est\u00e1n en contra de inauguraci\u00f3n de la obra sin terminar, pero son reprimidos y<\/p>\n","protected":false},"author":1,"featured_media":0,"comment_status":"open","ping_status":"open","sticky":false,"template":"","format":"standard","meta":{"footnotes":""},"categories":[7],"tags":[],"class_list":["post-7610","post","type-post","status-publish","format-standard","hentry","category-nacionales"],"_links":{"self":[{"href":"https:\/\/defrentealaverdad.com\/index.php\/wp-json\/wp\/v2\/posts\/7610","targetHints":{"allow":["GET"]}}],"collection":[{"href":"https:\/\/defrentealaverdad.com\/index.php\/wp-json\/wp\/v2\/posts"}],"about":[{"href":"https:\/\/defrentealaverdad.com\/index.php\/wp-json\/wp\/v2\/types\/post"}],"author":[{"embeddable":true,"href":"https:\/\/defrentealaverdad.com\/index.php\/wp-json\/wp\/v2\/users\/1"}],"replies":[{"embeddable":true,"href":"https:\/\/defrentealaverdad.com\/index.php\/wp-json\/wp\/v2\/comments?post=7610"}],"version-history":[{"count":1,"href":"https:\/\/defrentealaverdad.com\/index.php\/wp-json\/wp\/v2\/posts\/7610\/revisions"}],"predecessor-version":[{"id":7611,"href":"https:\/\/defrentealaverdad.com\/index.php\/wp-json\/wp\/v2\/posts\/7610\/revisions\/7611"}],"wp:attachment":[{"href":"https:\/\/defrentealaverdad.com\/index.php\/wp-json\/wp\/v2\/media?parent=7610"}],"wp:term":[{"taxonomy":"category","embeddable":true,"href":"https:\/\/defrentealaverdad.com\/index.php\/wp-json\/wp\/v2\/categories?post=7610"},{"taxonomy":"post_tag","embeddable":true,"href":"https:\/\/defrentealaverdad.com\/index.php\/wp-json\/wp\/v2\/tags?post=7610"}],"curies":[{"name":"wp","href":"https:\/\/api.w.org\/{rel}","templated":true}]}}