{"id":7573,"date":"2023-10-08T19:26:35","date_gmt":"2023-10-08T19:26:35","guid":{"rendered":"https:\/\/defrentealaverdad.com\/?p=7573"},"modified":"2023-10-08T19:26:54","modified_gmt":"2023-10-08T19:26:54","slug":"camara-de-comercio-de-franco-dominicana-realizara-la-semana-de-francia-en-santo-domingo-2023-para-afianzar-lazos-comerciales-en-el-pais-2","status":"publish","type":"post","link":"https:\/\/defrentealaverdad.com\/index.php\/2023\/10\/08\/camara-de-comercio-de-franco-dominicana-realizara-la-semana-de-francia-en-santo-domingo-2023-para-afianzar-lazos-comerciales-en-el-pais-2\/","title":{"rendered":"C\u00e1mara de Comercio de Franco-Dominicana realizar\u00e1 la Semana de Francia en Santo Domingo 2023 para afianzar lazos comerciales en el pa\u00eds"},"content":{"rendered":"<blockquote>\n<p style=\"text-align: justify;\">En el \u00faltimo a\u00f1o, el intercambio comercial entre ambos pa\u00edses supera los 380 millones de euros y los 5 mil millones de d\u00f3lares de inversi\u00f3n y reinversi\u00f3n francesa en la Rep\u00fablica Dominicana.<\/p>\n<\/blockquote>\n<p style=\"text-align: justify;\"><strong>Santo Domingo<\/strong>.- Con el respaldo de la Embajada de Francia en Rep\u00fablica Dominicana, la C\u00e1mara de Comercio e Industria Franco-Dominicana (CCIFD) celebrar\u00e1 en noviembre pr\u00f3ximo la Semana de Francia en Santo Domingo, importante foro de negocios que este a\u00f1o tiene como eje tem\u00e1tico principal abordar lo relacionado a las infraestructuras responsables, las cuales se constituyen en un camino al desarrollo.<\/p>\n<p><img decoding=\"async\" class=\"alignright lazyload\" data-src=\"https:\/\/robertocavada.com\/wp-content\/uploads\/2023\/10\/WhatsApp-Image-2023-10-08-at-8.52.39-AM-1-770x540.jpeg\" alt=\"C\u00e1mara de Comercio de Franco-Dominicana realizar\u00e1 la Semana de Francia en Santo Domingo 2023 para afianzar lazos comerciales en el pa\u00eds\" src=\"data:image\/svg+xml;base64,PHN2ZyB3aWR0aD0iMSIgaGVpZ2h0PSIxIiB4bWxucz0iaHR0cDovL3d3dy53My5vcmcvMjAwMC9zdmciPjwvc3ZnPg==\" style=\"--smush-placeholder-width: 770px; --smush-placeholder-aspect-ratio: 770\/540;\" \/><\/p>\n<p style=\"text-align: justify;\">El evento ser\u00e1 realizado en Santo Domingo del 14 al 16 de noviembre, facilitando espacios para encuentros de negocios, exposiciones comerciales, eventos sociales, interacci\u00f3n con empresas de capital franc\u00e9s, conferencias, talleres y paneles, en los que se hablar\u00e1 de movilidad urbana, energ\u00eda renovable, medio ambiente, agua, saneamiento, tratamiento de desechos s\u00f3lidos, innovaciones y tecnolog\u00eda.<\/p>\n<p style=\"text-align: justify;\">Otros temas importantes a tratar incluyen aspectos como infraestructuras resilientes, financiamiento de proyectos, seguridad jur\u00eddica y fiscalidad internacional y econom\u00eda mundial, los cuales contar\u00e1n con la participaci\u00f3n de la comunidad de negocios francesa y dominicana, representantes del gobierno franc\u00e9s y dominicano, consejeros del comercio exterior de Francia, c\u00e1maras de comercio francesas de la regi\u00f3n, el Banco P\u00fablico de Inversi\u00f3n de Francia, la Agencia de Promoci\u00f3n de la Exportaci\u00f3n de Francia, el Grupo Agencia Francesa de Desarrollo y Asociaciones profesionales dominicanas y francesas, vinculadas e interesadas en la relaci\u00f3n comercial entre ambos pa\u00edses.<\/p>\n<p style=\"text-align: justify;\">Con relaci\u00f3n a los panelistas, expositores y autoridades que liderar\u00e1n los espacios de reflexi\u00f3n y networking, se encuentran funcionarios tanto del Gobierno dominicano como del Gobierno franc\u00e9s. Mientras que el presidente de la Rep\u00fablica, Luis Abinader, encabezar\u00e1 el acto inaugural.<\/p>\n<p style=\"text-align: justify;\">Es importante destacar que actualmente, en la Rep\u00fablica Dominicana, hay m\u00e1s de 20 filiales de los m\u00e1s importantes grupos empresariales franceses, los cuales mantienen inversi\u00f3n en distintos sectores, con al menos 150 empresas francesas que generan m\u00e1s de 6 mil empleos directos, en \u00e1reas como salud, alimentaci\u00f3n, telecomunicaciones, turismo, industria, energ\u00eda, transporte y servicios. Adem\u00e1s del financiamiento de Francia en sectores estrat\u00e9gicos de impacto nacional como movilidad urbana, agua y saneamiento.<\/p>\n<p style=\"text-align: justify;\"><strong>Sobre la CCI Franco Dominicana<\/strong><\/p>\n<p style=\"text-align: justify;\">La C\u00e1mara de Comercio e Industria Franco-Dominicana (CCIFD) es una instituci\u00f3n profesional sin fines de lucro que re\u00fane cerca de 170 socios. Es miembro de la CCI France International (CCIFI, con 123 c\u00e1maras en 92 pa\u00edses) y de la Uni\u00f3n de las C\u00e1maras de Comercio Europeas en Rep\u00fablica Dominicana (EUROCAMARA). Tambi\u00e9n forma parte de la Team France Export, representando en el pa\u00eds a Business France y BpiFrance.<\/p>\n<p style=\"text-align: justify;\">La CCIFD trabaja en estrecha colaboraci\u00f3n con el sector privado franc\u00e9s y dominicano, acompa\u00f1\u00e1ndolos en su desarrollo internacional, animando a la comunidad de negocios franco-dominicana, gracias a la organizaci\u00f3n de seminarios, talleres, eventos de networking, y participaciones en ferias internacionales.<\/p>\n<p>&nbsp;<\/p>\n<p>Fuente: CCIFD<\/p>\n","protected":false},"excerpt":{"rendered":"<p>En el \u00faltimo a\u00f1o, el intercambio comercial entre ambos pa\u00edses supera los 380 millones de<\/p>\n","protected":false},"author":4,"featured_media":0,"comment_status":"open","ping_status":"open","sticky":false,"template":"","format":"standard","meta":{"footnotes":""},"categories":[2,7],"tags":[],"class_list":["post-7573","post","type-post","status-publish","format-standard","hentry","category-economicas","category-nacionales"],"_links":{"self":[{"href":"https:\/\/defrentealaverdad.com\/index.php\/wp-json\/wp\/v2\/posts\/7573","targetHints":{"allow":["GET"]}}],"collection":[{"href":"https:\/\/defrentealaverdad.com\/index.php\/wp-json\/wp\/v2\/posts"}],"about":[{"href":"https:\/\/defrentealaverdad.com\/index.php\/wp-json\/wp\/v2\/types\/post"}],"author":[{"embeddable":true,"href":"https:\/\/defrentealaverdad.com\/index.php\/wp-json\/wp\/v2\/users\/4"}],"replies":[{"embeddable":true,"href":"https:\/\/defrentealaverdad.com\/index.php\/wp-json\/wp\/v2\/comments?post=7573"}],"version-history":[{"count":2,"href":"https:\/\/defrentealaverdad.com\/index.php\/wp-json\/wp\/v2\/posts\/7573\/revisions"}],"predecessor-version":[{"id":7579,"href":"https:\/\/defrentealaverdad.com\/index.php\/wp-json\/wp\/v2\/posts\/7573\/revisions\/7579"}],"wp:attachment":[{"href":"https:\/\/defrentealaverdad.com\/index.php\/wp-json\/wp\/v2\/media?parent=7573"}],"wp:term":[{"taxonomy":"category","embeddable":true,"href":"https:\/\/defrentealaverdad.com\/index.php\/wp-json\/wp\/v2\/categories?post=7573"},{"taxonomy":"post_tag","embeddable":true,"href":"https:\/\/defrentealaverdad.com\/index.php\/wp-json\/wp\/v2\/tags?post=7573"}],"curies":[{"name":"wp","href":"https:\/\/api.w.org\/{rel}","templated":true}]}}