{"id":7567,"date":"2023-10-08T17:07:53","date_gmt":"2023-10-08T17:07:53","guid":{"rendered":"https:\/\/defrentealaverdad.com\/?p=7567"},"modified":"2023-10-08T17:14:12","modified_gmt":"2023-10-08T17:14:12","slug":"camara-de-comercio-de-franco-dominicana-realizara-la-semana-de-francia-en-santo-domingo-2023-para-afianzar-lazos-comerciales-en-el-pais","status":"publish","type":"post","link":"https:\/\/defrentealaverdad.com\/index.php\/2023\/10\/08\/camara-de-comercio-de-franco-dominicana-realizara-la-semana-de-francia-en-santo-domingo-2023-para-afianzar-lazos-comerciales-en-el-pais\/","title":{"rendered":"8 de octubre: D\u00eda Internacional de la Podolog\u00eda"},"content":{"rendered":"<p style=\"text-align: justify;\">El 8 de octubre homenajeamos a una rama de la medicina que se encarga del estudio, diagn\u00f3stico y tratamiento de las enfermedades de los pies.\u00a0El 8 de octubre se celebra el D\u00eda Internacional de la Podolog\u00eda.<\/p>\n<p><img decoding=\"async\" class=\"alignright lazyload\" data-src=\"https:\/\/www.diainternacionalde.com\/imagenes\/dias\/10-08_dia-internacional-podologia.jpg\" alt=\"D\u00eda Internacional de la Podolog\u00eda\" src=\"data:image\/svg+xml;base64,PHN2ZyB3aWR0aD0iMSIgaGVpZ2h0PSIxIiB4bWxucz0iaHR0cDovL3d3dy53My5vcmcvMjAwMC9zdmciPjwvc3ZnPg==\" \/><\/p>\n<p style=\"text-align: justify;\"><strong>Origen del D\u00eda Internacional de la Podolog\u00eda<\/strong><\/p>\n<p style=\"text-align: justify;\">Esta efem\u00e9ride fue creada en el a\u00f1o 2018 por la Federaci\u00f3n Internacional de Pod\u00f3logos (IFP), con la finalidad de divulgar los avances en el campo de la podolog\u00eda en la atenci\u00f3n a pacientes con dolencias en los tobillos y los pies. Asimismo, se pretende dar a conocer a la poblaci\u00f3n acerca de esta interesante rama de la medicina. Anteriormente, esta Federaci\u00f3n organiz\u00f3 el Mes Mundial de Concienciaci\u00f3n sobre la Salud del Pie hasta el a\u00f1o 2016. Posteriormente, dicho evento se modific\u00f3 como\u00a0D\u00eda Internacional de la Podolog\u00eda.<\/p>\n<p style=\"text-align: justify;\"><strong>\u00bfQu\u00e9 es la podolog\u00eda?<\/strong><\/p>\n<p style=\"text-align: justify;\">La podolog\u00eda es una rama de la medicina que se encarga del estudio, diagn\u00f3stico y tratamiento de las enfermedades de los pies, aplicando diversas t\u00e9cnicas terap\u00e9uticas. El origen etimol\u00f3gico de este t\u00e9rmino proviene del griego \u00abpodos\u00bb (pie) y \u00ablogos\u00bb (estudio).<\/p>\n<p style=\"text-align: justify;\">El pod\u00f3logo es el profesional sanitario con los conocimientos universitarios, habilidades y aptitudes requeridos para la prevenci\u00f3n, diagn\u00f3stico y tratamiento de las afecciones de los pies. Algunas de las dolencias m\u00e1s comunes relacionadas con los pies son las siguientes:<\/p>\n<ul style=\"text-align: justify;\">\n<li>Neuropat\u00eda diab\u00e9tica.<\/li>\n<li>Pie de atleta.<\/li>\n<li>Fascitis plantar.<\/li>\n<li>Espuelas de tal\u00f3n.<\/li>\n<li>U\u00f1as encarnadas.<\/li>\n<\/ul>\n<p style=\"text-align: justify;\"><strong>Federaci\u00f3n Internacional de Pod\u00f3logos (IFP)<\/strong><\/p>\n<p style=\"text-align: justify;\">La Federaci\u00f3n Internacional de Pod\u00f3logos (IFP) es una organizaci\u00f3n fundada en el a\u00f1o 1947, cuya misi\u00f3n principal es promover la podolog\u00eda en todo el mundo. Organiza seminarios educativos para concienciar y sensibilizar a las personas acerca de la importancia de la salud de los pies. En la actualidad cuenta con 26 pa\u00edses miembros, con el objeto de compartir conocimientos e investigaciones orientadas a mejorar la profesi\u00f3n podi\u00e1trica.<\/p>\n<p style=\"text-align: justify;\"><strong>Datos curiosos e interesantes sobre los pies<\/strong><\/p>\n<p style=\"text-align: justify;\">Los pies son la base esencial de nuestro cuerpo. Conoce algunos datos curiosos e interesantes:<\/p>\n<ul style=\"text-align: justify;\">\n<li>Se estima que un individuo puede caminar unas 150.000 millas durante su vida, equivalente a caminar alrededor del mundo unas seis veces.<\/li>\n<li>La planta del pie cuenta con unas 360 gl\u00e1ndulas sudor\u00edparas.<\/li>\n<li>Los pies fr\u00edos pueden ser un s\u00edntoma de un flujo sangu\u00edneo insuficiente.<\/li>\n<li>Las u\u00f1as de los pies crecen 0,1 mil\u00edmetros por d\u00eda.<\/li>\n<li>El pie tiene el 25% del total de huesos del cuerpo humano, que contiene 26 huesos, 33 articulaciones y m\u00e1s de 100 estructuras blandas (tendones, m\u00fasculos y ligamentos).<\/li>\n<li>El tal\u00f3n del pie genera una fuerza de impacto de 110% del peso del cuerpo.<\/li>\n<li>Debido a que el tama\u00f1o del pie puede variar debido a la acumulaci\u00f3n de l\u00edquidos es recomendable comprar zapatos en horas de la tarde, asegurando de esta manera el tama\u00f1o ideal del calzado.<\/li>\n<li>Los pies son un reflejo del estado de salud de nuestro organismo.<\/li>\n<\/ul>\n<p style=\"text-align: justify;\"><strong>\u00bfC\u00f3mo podemos cuidar nuestros pies?<\/strong><\/p>\n<p style=\"text-align: justify;\">A continuaci\u00f3n mencionamos unas sencillas recomendaciones para el cuidado de nuestros pies:<\/p>\n<ul style=\"text-align: justify;\">\n<li>Realiza pedicuras peri\u00f3dicas en sitios especializados.<\/li>\n<li>Lava y seca bien tus pies, para evitar el exceso de humedad y la proliferaci\u00f3n de hongos y bacterias.<\/li>\n<li>Usa calcetines elaborados con materiales naturales, como el algod\u00f3n, mejorando la transpiraci\u00f3n.<\/li>\n<li>Aplica una crema hidratante en los talones, para evitar la resequedad en esa zona del pie.<\/li>\n<li>Utiliza un calzado c\u00f3modo y flexible con una almohadilla plantar sint\u00e9tica, para evitar la sobrecarga del peso en los pies.<\/li>\n<li>Evita el uso de tacones altos.<\/li>\n<li>Acude a un pod\u00f3logo, en caso de presentar dolencias en los pies.<\/li>\n<\/ul>\n<p style=\"text-align: justify;\">Fuente: diainternacionalde.com<\/p>\n","protected":false},"excerpt":{"rendered":"<p>El 8 de octubre homenajeamos a una rama de la medicina que se encarga del<\/p>\n","protected":false},"author":2,"featured_media":0,"comment_status":"open","ping_status":"open","sticky":false,"template":"","format":"standard","meta":{"footnotes":""},"categories":[2,16],"tags":[],"class_list":["post-7567","post","type-post","status-publish","format-standard","hentry","category-economicas","category-internacionales"],"_links":{"self":[{"href":"https:\/\/defrentealaverdad.com\/index.php\/wp-json\/wp\/v2\/posts\/7567","targetHints":{"allow":["GET"]}}],"collection":[{"href":"https:\/\/defrentealaverdad.com\/index.php\/wp-json\/wp\/v2\/posts"}],"about":[{"href":"https:\/\/defrentealaverdad.com\/index.php\/wp-json\/wp\/v2\/types\/post"}],"author":[{"embeddable":true,"href":"https:\/\/defrentealaverdad.com\/index.php\/wp-json\/wp\/v2\/users\/2"}],"replies":[{"embeddable":true,"href":"https:\/\/defrentealaverdad.com\/index.php\/wp-json\/wp\/v2\/comments?post=7567"}],"version-history":[{"count":3,"href":"https:\/\/defrentealaverdad.com\/index.php\/wp-json\/wp\/v2\/posts\/7567\/revisions"}],"predecessor-version":[{"id":7570,"href":"https:\/\/defrentealaverdad.com\/index.php\/wp-json\/wp\/v2\/posts\/7567\/revisions\/7570"}],"wp:attachment":[{"href":"https:\/\/defrentealaverdad.com\/index.php\/wp-json\/wp\/v2\/media?parent=7567"}],"wp:term":[{"taxonomy":"category","embeddable":true,"href":"https:\/\/defrentealaverdad.com\/index.php\/wp-json\/wp\/v2\/categories?post=7567"},{"taxonomy":"post_tag","embeddable":true,"href":"https:\/\/defrentealaverdad.com\/index.php\/wp-json\/wp\/v2\/tags?post=7567"}],"curies":[{"name":"wp","href":"https:\/\/api.w.org\/{rel}","templated":true}]}}