{"id":7542,"date":"2023-10-08T00:04:30","date_gmt":"2023-10-08T00:04:30","guid":{"rendered":"https:\/\/defrentealaverdad.com\/?p=7542"},"modified":"2023-10-08T00:04:30","modified_gmt":"2023-10-08T00:04:30","slug":"abinader-promulga-ley-crea-un-regimen-de-incentivos-fiscales-a-la-aviacion-civil-comercial-nacional-e-internacional","status":"publish","type":"post","link":"https:\/\/defrentealaverdad.com\/index.php\/2023\/10\/08\/abinader-promulga-ley-crea-un-regimen-de-incentivos-fiscales-a-la-aviacion-civil-comercial-nacional-e-internacional\/","title":{"rendered":"Abinader promulga ley crea un r\u00e9gimen de incentivos fiscales a la aviaci\u00f3n civil comercial nacional e internacional"},"content":{"rendered":"<article>\n<div id=\"post-body-6257789336730928416\" class=\"post-body entry-content\">\n<div class=\"separator\" style=\"text-align: justify;\"><a href=\"https:\/\/blogger.googleusercontent.com\/img\/b\/R29vZ2xl\/AVvXsEiY4oqR_LVRW7hPZks52o7Ti1hZgtQbb1y_1tmKnS_wgiVcKE79SIFYM_kYVLiwB9TFFmf5Kh08V1IIowwhrIKaouKiDvw3UJ_2XnUc6WxSK0U8pD3aemarWe-raZFKXhW4rVd7rJ_3CnptXLfU0iJtXA0ink4RkBcErMmlbMkQqjCA3WjqUrXAuhR6vUA\/s280\/descarga.jpeg\"><img decoding=\"async\" class=\"alignright lazyload\" title=\"descarga\" data-src=\"https:\/\/blogger.googleusercontent.com\/img\/b\/R29vZ2xl\/AVvXsEiY4oqR_LVRW7hPZks52o7Ti1hZgtQbb1y_1tmKnS_wgiVcKE79SIFYM_kYVLiwB9TFFmf5Kh08V1IIowwhrIKaouKiDvw3UJ_2XnUc6WxSK0U8pD3aemarWe-raZFKXhW4rVd7rJ_3CnptXLfU0iJtXA0ink4RkBcErMmlbMkQqjCA3WjqUrXAuhR6vUA\/s1600\/descarga.jpeg\" alt=\"descarga\" width=\"280\" height=\"180\" border=\"0\" data-original-height=\"180\" data-original-width=\"280\" src=\"data:image\/svg+xml;base64,PHN2ZyB3aWR0aD0iMSIgaGVpZ2h0PSIxIiB4bWxucz0iaHR0cDovL3d3dy53My5vcmcvMjAwMC9zdmciPjwvc3ZnPg==\" style=\"--smush-placeholder-width: 280px; --smush-placeholder-aspect-ratio: 280\/180;\" \/><\/a><\/div>\n<p style=\"text-align: justify;\">Santo Domingo.-El presidente Luis Abinader promulg\u00f3 este s\u00e1bado la Ley 57-23, que crea un r\u00e9gimen de incentivos fiscales a la aviaci\u00f3n civil comercial nacional e internacional.<\/p>\n<p style=\"text-align: justify;\">Esta disposici\u00f3n normativa tiene por objeto crear un r\u00e9gimen de incentivos fiscales a la aviaci\u00f3n civil comercial en la Rep\u00fablica Dominicana, con el prop\u00f3sito de fomentar y aumentar la competitividad de la aviaci\u00f3n civil en el pa\u00eds, promover el aumento de visitantes al territorio nacional v\u00eda a\u00e9rea y establecer nuevas rutas dom\u00e9sticas e internacionales desde y hacia mercados estrat\u00e9gicos de la Rep\u00fablica Dominicana.<\/p>\n<p style=\"text-align: justify;\">Asimismo, fortalecer el posicionamiento de la Rep\u00fablica Dominicana como punto de conexi\u00f3n para el transporte, log\u00edstica de pasajeros y carga, el comercio y la inversi\u00f3n internacional.<\/p>\n<p style=\"text-align: justify;\">La referida normativa contempla en favor de las empresas operadoras de transporte a\u00e9reo comercial nacional e internacional que cumplan con los requisitos previstos en la ley los siguientes incentivos fiscales:<\/p>\n<p style=\"text-align: justify;\">1) Exenci\u00f3n total de la retenci\u00f3n del impuesto por concepto de pagos de rentas al exterior por arrendamiento de aeronaves o motores de aeronaves y los servicios de mantenimiento y reparaci\u00f3n de aeronaves; las partes del motor y otras piezas de aeronaves.<\/p>\n<p style=\"text-align: justify;\">2) Retenci\u00f3n de car\u00e1cter \u00fanica y definitiva de solo el cinco por ciento (5%) del impuesto por concepto de pagos al exterior por entrenamientos y capacitaciones al personal de tripulaci\u00f3n, por parte de no residentes; uso y mantenimiento de programas inform\u00e1ticos y software relacionados a la operaci\u00f3n de la aeronave y por el seguro de la aeronave.<\/p>\n<p style=\"text-align: justify;\">3) Exenci\u00f3n del pago del Impuesto sobre la Transferencia de Bienes Industrializados y Servicios (ITBIS) en la venta de vuelos completos por parte de empresas operadoras dominicanas a empresas en el exterior (fletamento), siempre y cuando se trate de vuelos originados en el extranjero con destino a Rep\u00fablica Dominicana.<\/p>\n<p style=\"text-align: justify;\">4) Exenci\u00f3n del pago de Arancel y del ITBIS sobre la importaci\u00f3n de naves y aeronaves de las subpartidas 8802.30.00 correspondiente a aviones y dem\u00e1s aeronaves, de peso en vac\u00edo superior a 2.000 kg, pero inferior o igual a 15.000 kg y la subpartida 8802.40.00 correspondiente a Aviones y dem\u00e1s aeronaves, de peso en vac\u00edo superior a 15.000 kg.<\/p>\n<p style=\"text-align: justify;\">5) Exenci\u00f3n del pago del Impuesto sobre los Activos declarados en la Direcci\u00f3n General de Impuestos Internos (DGII).<\/p>\n<p style=\"text-align: justify;\">La promulgada ley confiere a la Junta de Aviaci\u00f3n Civil la funci\u00f3n de recibir las solicitudes y evaluar los expedientes de las empresas interesadas en acogerse a los incentivos fiscales de dicha normativa, as\u00ed como de recomendar al Poder Ejecutivo la aprobaci\u00f3n del otorgamiento de estos beneficios, previa no objeci\u00f3n del Ministerio de Hacienda.<\/p>\n<p style=\"text-align: justify;\">La indicada normativa que entrar\u00e1 en vigencia a partir de su publicaci\u00f3n en la Gaceta Oficial, viene a promover el desarrollo de la aviaci\u00f3n civil internacional, en el contexto de las l\u00edneas directrices emitidas por la Organizaci\u00f3n de Aviaci\u00f3n Civil Internacional (OACI), que contienen las normas, m\u00e9todos recomendados y procedimientos internacionales en beneficio del sector.<\/p>\n<\/div>\n<\/article>\n<p style=\"text-align: justify;\">Fuente: Elfarord.com<\/p>\n","protected":false},"excerpt":{"rendered":"<p>Santo Domingo.-El presidente Luis Abinader promulg\u00f3 este s\u00e1bado la Ley 57-23, que crea un r\u00e9gimen<\/p>\n","protected":false},"author":1,"featured_media":0,"comment_status":"open","ping_status":"open","sticky":false,"template":"","format":"standard","meta":{"footnotes":""},"categories":[7],"tags":[],"class_list":["post-7542","post","type-post","status-publish","format-standard","hentry","category-nacionales"],"_links":{"self":[{"href":"https:\/\/defrentealaverdad.com\/index.php\/wp-json\/wp\/v2\/posts\/7542","targetHints":{"allow":["GET"]}}],"collection":[{"href":"https:\/\/defrentealaverdad.com\/index.php\/wp-json\/wp\/v2\/posts"}],"about":[{"href":"https:\/\/defrentealaverdad.com\/index.php\/wp-json\/wp\/v2\/types\/post"}],"author":[{"embeddable":true,"href":"https:\/\/defrentealaverdad.com\/index.php\/wp-json\/wp\/v2\/users\/1"}],"replies":[{"embeddable":true,"href":"https:\/\/defrentealaverdad.com\/index.php\/wp-json\/wp\/v2\/comments?post=7542"}],"version-history":[{"count":1,"href":"https:\/\/defrentealaverdad.com\/index.php\/wp-json\/wp\/v2\/posts\/7542\/revisions"}],"predecessor-version":[{"id":7543,"href":"https:\/\/defrentealaverdad.com\/index.php\/wp-json\/wp\/v2\/posts\/7542\/revisions\/7543"}],"wp:attachment":[{"href":"https:\/\/defrentealaverdad.com\/index.php\/wp-json\/wp\/v2\/media?parent=7542"}],"wp:term":[{"taxonomy":"category","embeddable":true,"href":"https:\/\/defrentealaverdad.com\/index.php\/wp-json\/wp\/v2\/categories?post=7542"},{"taxonomy":"post_tag","embeddable":true,"href":"https:\/\/defrentealaverdad.com\/index.php\/wp-json\/wp\/v2\/tags?post=7542"}],"curies":[{"name":"wp","href":"https:\/\/api.w.org\/{rel}","templated":true}]}}