{"id":7514,"date":"2023-10-06T23:32:22","date_gmt":"2023-10-06T23:32:22","guid":{"rendered":"https:\/\/defrentealaverdad.com\/?p=7514"},"modified":"2023-10-07T23:34:26","modified_gmt":"2023-10-07T23:34:26","slug":"maestros-dejan-colegios-por-los-mejores-salarios-de-las-escuelas","status":"publish","type":"post","link":"https:\/\/defrentealaverdad.com\/index.php\/2023\/10\/06\/maestros-dejan-colegios-por-los-mejores-salarios-de-las-escuelas\/","title":{"rendered":"Maestros dejan colegios por los mejores salarios de las escuelas"},"content":{"rendered":"<div class=\"w-full md:w-05\/12 sm:w-12\/12\">\n<div class=\"fixed-content\" style=\"text-align: justify;\"><\/div>\n<\/div>\n<div class=\"w-full xl:w-85\/12 md:w-75\/12 sm:w-full px-4 pb-12\" style=\"text-align: justify;\">\n<figure class=\"text-lg\"><picture><img decoding=\"async\" class=\"mx-auto aligncenter lazyload\" title=\"Maestros dejan colegios por los mejores salarios de las escuelas\" data-src=\"https:\/\/resources.diariolibre.com\/images\/2023\/10\/05\/profesor-seguro-explicando-leccion-alumnos-cf486c9d-focus-0-0-896-504.jpg\" data-srcset=\"https:\/\/resources.diariolibre.com\/images\/2023\/10\/05\/profesor-seguro-explicando-leccion-alumnos-cf486c9d-focus-0-0-500-281.jpg 500w, https:\/\/resources.diariolibre.com\/images\/2023\/10\/05\/profesor-seguro-explicando-leccion-alumnos-cf486c9d-focus-0-0-546-307.jpg 800w, https:\/\/resources.diariolibre.com\/images\/2023\/10\/05\/profesor-seguro-explicando-leccion-alumnos-cf486c9d-focus-0-0-896-504.jpg 1200w\" alt=\"Maestros dejan colegios por los mejores salarios de las escuelas\" width=\"100%\" height=\"307\" src=\"data:image\/svg+xml;base64,PHN2ZyB3aWR0aD0iMSIgaGVpZ2h0PSIxIiB4bWxucz0iaHR0cDovL3d3dy53My5vcmcvMjAwMC9zdmciPjwvc3ZnPg==\" \/><\/picture><figcaption><\/figcaption><\/figure>\n<div class=\"detail-body text-lg\">La mejor\u00eda continua de los<strong>\u00a0salarios\u00a0<\/strong>de los profesores en la n\u00f3mina del Estado ha tenido un impacto negativo en el\u00a0<strong>sector privado<\/strong>\u00a0que ha visto pasar a sus mejores docentes al sistema educativo p\u00fablico. Esto ha afectado el desarrollo de sus programas de ense\u00f1anza, pues en la mayor\u00eda de los casos los maestros\u00a0<strong>abandonan los colegios<\/strong>\u00a0a mitad del a\u00f1o escolar.El pasado a\u00f1o ingresaron al sistema p\u00fablico\u00a0<strong>23,872 nuevos docentes<\/strong>, producto del concurso de oposici\u00f3n realizado en el a\u00f1o 2021. Estos nombramientos trastornaron el desarrollo del calendario escolar en cientos de colegios privados, lo que provoc\u00f3 la\u00a0<strong>protesta de varias asociaciones<\/strong>\u00a0que los agrupan.Lo que\u00a0<strong>motiva<\/strong>\u00a0a los docentes a dejar el sector privado para ir al p\u00fablico son los\u00a0<strong>salarios competitivos\u00a0<\/strong>que paga el Estado y que desde el a\u00f1o 2012 registran aumentos significativos. A esto se agrega la\u00a0<strong>estabilidad laboral<\/strong>, las oportunidades de ascenso y otros beneficios.<\/p>\n<div id=\"dl_300x250_inread\" style=\"text-align: justify;\" data-google-query-id=\"CN2NiaKM5YEDFcvHKAUdfG4G-Q\">\n<div id=\"google_ads_iframe_\/1659553\/dl_300x250_inread_0__container__\">Los datos de la Asociaci\u00f3n de <strong>Instituciones Educativas Privadas<\/strong>\u00a0(Ainep) del a\u00f1o 2021 estiman que\u00a0<strong>cada a\u00f1o un 20 % de la matr\u00edcula docente<\/strong>\u00a0del sector privado pasa al p\u00fablico por mejores condiciones econ\u00f3micas.<\/div>\n<\/div>\n<div id=\"detalle-parrafo\" style=\"text-align: justify;\"><\/div>\n<figure class=\"my-12 component infografia\">\n<div class=\"expand-img-placeholder\"><img decoding=\"async\" data-src=\"https:\/\/resources.diariolibre.com\/images\/expand.svg\" alt=\"Expandir imagen\" width=\"20\" height=\"20\" src=\"data:image\/svg+xml;base64,PHN2ZyB3aWR0aD0iMSIgaGVpZ2h0PSIxIiB4bWxucz0iaHR0cDovL3d3dy53My5vcmcvMjAwMC9zdmciPjwvc3ZnPg==\" class=\"lazyload\" style=\"--smush-placeholder-width: 20px; --smush-placeholder-aspect-ratio: 20\/20;\" \/><\/div>\n<picture><img decoding=\"async\" class=\"mx-auto lazy loaded aligncenter\" src=\"https:\/\/resources.diariolibre.com\/images\/2023\/10\/05\/imagen-salario-docentes.png\" alt=\"Infograf\u00eda\" width=\"auto\" height=\"350\" data-src=\"https:\/\/resources.diariolibre.com\/images\/2023\/10\/05\/imagen-salario-docentes.png\" data-was-processed=\"true\" \/><\/picture><\/figure>\n<h2>Mejores salarios<\/h2>\n<p>En 2012 el\u00a0<strong>salario promedio\u00a0<\/strong>de un docente del nivel b\u00e1sico era\u00a0<strong>26,259 pesos<\/strong>, mientras que en 2022 el mismo ascendi\u00f3 a 63,829 pesos. Los docentes del nivel de secundario pasaron de un salario de 33,800 pesos en el 2012, a 63,092 pesos.En el sector privado, los salarios de los docentes\u00a0<strong>son el secreto mejor guardado<\/strong>, pero al parecer son insuficientes para retener a los profesores que no pierden la oportunidad de participar en los\u00a0<strong>concursos de oposici\u00f3n\u00a0<\/strong>que se realizan peri\u00f3dicamente. Las cifras de los docentes que dejaron el sector privado para irse al p\u00fablico no fueron ofrecidas por estas instituciones, pero miles de ellos participaron y aprobaron el concurso y posteriormente fueron nombrados por el <strong>Minerd<\/strong>, en el 2022.En marzo de ese mismo a\u00f1o, la Uni\u00f3n Dominicana de Instituciones Educativas Privadas (<strong>UDIEP<\/strong>), la Asociaci\u00f3n de Instituciones Educativas Privadas (Ainep) y la Uni\u00f3n de Asociaciones de Padres de Centros Privados, denunciaron que las autoridades\u00a0<strong>convocaban a asumir de manera inmediata<\/strong>\u00a0obligaciones contractuales en escuelas p\u00fablicas a cientos de maestros que impart\u00edan docencia en colegios.<\/p>\n<h2>En busca de soluci\u00f3n<\/h2>\n<p>A ra\u00edz del concurso realizado en 2021, en la gesti\u00f3n de Roberto Fulcar, para llenar 19,181 plazas, y en el que calificaron 29,567, las Asociaciones de Instituciones Educativas Privadas se reunieron con el ministro y los organizadores del Concurso Docente para tratar el tema.Los nombramientos de los docentes hechos por el\u00a0<strong>Minerd<\/strong>\u00a0iniciaron en marzo de 2022, cinco meses antes de que finalizara el a\u00f1o escolar.<\/p>\n<div class=\"my-12 component cifra relative border bg-component\">Durante el encuentro se ponder\u00f3 la <strong>participaci\u00f3n de docentes<\/strong>\u00a0que laboran en instituciones educativas privadas en el referido concurso y se acord\u00f3 procurar una normativa mediante la cual se garantice que los procesos de\u00a0<strong>contrataci\u00f3n\u00a0<\/strong>de los postulantes a los pr\u00f3ximos concursos de oposici\u00f3n docente sean efectivos para el a\u00f1o escolar siguiente al que se est\u00e9 realizando el concurso.<\/div>\n<p>El objetivo era evitar la contrataci\u00f3n de maestros de centros privados en ejercicio, dando satisfacci\u00f3n as\u00ed a una hist\u00f3rica petici\u00f3n del sector educativo privado.De igual manera, para solventar cualquier situaci\u00f3n que pudiera presentarse con los\u00a0<strong>docentes<\/strong>\u00a0que laboran en instituciones educativas privadas y que ganaron plazas en centros educativos p\u00fablicos, los participantes\u00a0<strong>acordaron establecer comisiones<\/strong>\u00a0para poner en contacto a los directores de los centros educativos privados con los directores de los centros p\u00fablicos a los que ser\u00edan asignados los que ganaron plazas. Los\u00a0<strong>directivos\u00a0<\/strong>de los Distritos Educativos ser\u00edan mediadores.El prop\u00f3sito de estas comisiones es garantizar una<strong>\u00a0transici\u00f3n organizada<\/strong>\u00a0de los docentes al sector p\u00fablico. Este acuerdo no pas\u00f3 de las palabras a los hechos y los colegios privados debieron sustituir, a la carrera, a los docentes que renunciaron.<\/p>\n<h2>Sucede en la actualidad<\/h2>\n<p>El 30 de agosto, el ministro \u00c1ngel Hern\u00e1ndez, se reuni\u00f3 con representantes de la Uni\u00f3n Dominicana de Instituciones Educativas Privadas (UDIEP), y dentro de los temas tratados se le plante\u00f3 la\u00a0<strong>readecuaci\u00f3n de las fechas<\/strong>\u00a0en las que el Ministerio de\u00a0<strong>Educaci\u00f3n<\/strong>\u00a0realiza las convocatorias a los concursos de oposici\u00f3n para que la migraci\u00f3n de maestros no les afecte su desempe\u00f1o.Tambi\u00e9n pidieron que la\u00a0<strong>contrataci\u00f3n<\/strong>\u00a0de los docentes\u00a0<strong>no se haga en medio del a\u00f1o escolar,<\/strong>\u00a0lo que les crea un problema porque est\u00e1n en pleno desarrollo del periodo lectivo.En esta ocasi\u00f3n, Hern\u00e1ndez se\u00a0<strong>comprometi\u00f3 a canalizar esa y otras inquietudes planteadas<\/strong>. Sin embargo, el\u00a0<strong>Minerd<\/strong>\u00a0tiene en marcha un concurso de oposici\u00f3n focalizado que busca ocupar 10,331 plazas vacantes en todo el pa\u00eds.El proceso est\u00e1 en la<strong>\u00a0etapa de las entrevistas<\/strong>\u00a0y los nombramientos de los maestros se realizar\u00e1n con el a\u00f1o escolar en curso, lo que nuevamente afectar\u00e1 a los colegios privados.El\u00a0<strong>Minerd<\/strong>\u00a0junto a una comisi\u00f3n de representantes de los\u00a0<strong>colegios privados\u00a0<\/strong>elaboran una\u00a0<strong>normativa\u00a0<\/strong>que regular\u00e1 el tiempo en que se realizar\u00e1n los concursos, para que estos no afecten el desarrollo del\u00a0<strong>calendario escolar<\/strong>\u00a0de las instituciones educativas privadas que con cada proceso pierden parte de su plantilla de maestros.<\/div>\n<\/div>\n<p style=\"text-align: justify;\">Fuente: Diario Libre<\/p>\n","protected":false},"excerpt":{"rendered":"<p>La mejor\u00eda continua de los\u00a0salarios\u00a0de los profesores en la n\u00f3mina del Estado ha tenido un<\/p>\n","protected":false},"author":1,"featured_media":0,"comment_status":"open","ping_status":"open","sticky":false,"template":"","format":"standard","meta":{"footnotes":""},"categories":[7],"tags":[],"class_list":["post-7514","post","type-post","status-publish","format-standard","hentry","category-nacionales"],"_links":{"self":[{"href":"https:\/\/defrentealaverdad.com\/index.php\/wp-json\/wp\/v2\/posts\/7514","targetHints":{"allow":["GET"]}}],"collection":[{"href":"https:\/\/defrentealaverdad.com\/index.php\/wp-json\/wp\/v2\/posts"}],"about":[{"href":"https:\/\/defrentealaverdad.com\/index.php\/wp-json\/wp\/v2\/types\/post"}],"author":[{"embeddable":true,"href":"https:\/\/defrentealaverdad.com\/index.php\/wp-json\/wp\/v2\/users\/1"}],"replies":[{"embeddable":true,"href":"https:\/\/defrentealaverdad.com\/index.php\/wp-json\/wp\/v2\/comments?post=7514"}],"version-history":[{"count":1,"href":"https:\/\/defrentealaverdad.com\/index.php\/wp-json\/wp\/v2\/posts\/7514\/revisions"}],"predecessor-version":[{"id":7515,"href":"https:\/\/defrentealaverdad.com\/index.php\/wp-json\/wp\/v2\/posts\/7514\/revisions\/7515"}],"wp:attachment":[{"href":"https:\/\/defrentealaverdad.com\/index.php\/wp-json\/wp\/v2\/media?parent=7514"}],"wp:term":[{"taxonomy":"category","embeddable":true,"href":"https:\/\/defrentealaverdad.com\/index.php\/wp-json\/wp\/v2\/categories?post=7514"},{"taxonomy":"post_tag","embeddable":true,"href":"https:\/\/defrentealaverdad.com\/index.php\/wp-json\/wp\/v2\/tags?post=7514"}],"curies":[{"name":"wp","href":"https:\/\/api.w.org\/{rel}","templated":true}]}}