{"id":7503,"date":"2023-10-06T22:57:38","date_gmt":"2023-10-06T22:57:38","guid":{"rendered":"https:\/\/defrentealaverdad.com\/?p=7503"},"modified":"2023-10-07T23:17:12","modified_gmt":"2023-10-07T23:17:12","slug":"lluvias-provocan-danos-en-neyba","status":"publish","type":"post","link":"https:\/\/defrentealaverdad.com\/index.php\/2023\/10\/06\/lluvias-provocan-danos-en-neyba\/","title":{"rendered":"Lluvias provocan da\u00f1os en Neyba"},"content":{"rendered":"<div class=\"entry-content no-share\">\n<div class=\"content-inner \" style=\"text-align: justify;\">\n<p>Torrenciales aguaceros, acompa\u00f1ados de fuertes vientos provocaron la ca\u00edda de \u00e1rboles en la zona urbana de Neyba, com\u00fan cabecera de la provincia Bahoruco, lo que preocupaci\u00f3n en moradores del municipio. Adem\u00e1s, a esta situaci\u00f3n se agregan los \u00abapagones\u00bb por aver\u00edas producto de esta situaci\u00f3n, asociada a las lluvias, que se produjeron las primeras horas de anoche (jueves).<\/p>\n<p><img decoding=\"async\" class=\"size-medium wp-image-7504 alignleft lazyload\" data-src=\"https:\/\/defrentealaverdad.com\/wp-content\/uploads\/2023\/10\/Untitled-300x110.png\" alt=\"\" width=\"300\" height=\"110\" data-srcset=\"https:\/\/defrentealaverdad.com\/wp-content\/uploads\/2023\/10\/Untitled-300x110.png 300w, https:\/\/defrentealaverdad.com\/wp-content\/uploads\/2023\/10\/Untitled-1024x376.png 1024w, https:\/\/defrentealaverdad.com\/wp-content\/uploads\/2023\/10\/Untitled-768x282.png 768w, https:\/\/defrentealaverdad.com\/wp-content\/uploads\/2023\/10\/Untitled-1536x564.png 1536w, https:\/\/defrentealaverdad.com\/wp-content\/uploads\/2023\/10\/Untitled.png 1546w\" data-sizes=\"(max-width: 300px) 100vw, 300px\" src=\"data:image\/svg+xml;base64,PHN2ZyB3aWR0aD0iMSIgaGVpZ2h0PSIxIiB4bWxucz0iaHR0cDovL3d3dy53My5vcmcvMjAwMC9zdmciPjwvc3ZnPg==\" style=\"--smush-placeholder-width: 300px; --smush-placeholder-aspect-ratio: 300\/110;\" \/><\/p>\n<p>Los fuertes vientos, acompa\u00f1adas de r\u00e1fagas de truenos, sorprendieron a la poblaci\u00f3n, causando da\u00f1os leves en algunas propiedades y obstaculizando parcialmente el paso entre los municipios de Neiba y Villa Jaragua.<\/p>\n<p>El r\u00edo Panzo, a la altura de la secci\u00f3n Cerro al Medio, tambi\u00e9n sufri\u00f3 desbordes, inundando varias parcelas y provocando destrucci\u00f3n de sembrad\u00edos de pl\u00e1tanos y otros rubros agr\u00edcolas, pero no se tienen m\u00e1s detalles de los da\u00f1os que, tambi\u00e9n, crearon dificultad en el tr\u00e1nsito entre Neiba y Galv\u00e1n. Por el momento, la oficina local de Agricultura no ofrece informaci\u00f3n sobre los da\u00f1o que provocaron las lluvias, ca\u00eddas pasadas las 7 de la noche de este jueves en este municipio y otras comunidades de la provincia Bahoruco.<\/p>\n<p>&nbsp;<\/p>\n<p>Fuente: Redacci\u00f3n Lupa del Sur<\/p>\n<\/div>\n<\/div>\n","protected":false},"excerpt":{"rendered":"<p>Torrenciales aguaceros, acompa\u00f1ados de fuertes vientos provocaron la ca\u00edda de \u00e1rboles en la zona urbana<\/p>\n","protected":false},"author":1,"featured_media":0,"comment_status":"open","ping_status":"open","sticky":false,"template":"","format":"standard","meta":{"footnotes":""},"categories":[7],"tags":[],"class_list":["post-7503","post","type-post","status-publish","format-standard","hentry","category-nacionales"],"_links":{"self":[{"href":"https:\/\/defrentealaverdad.com\/index.php\/wp-json\/wp\/v2\/posts\/7503","targetHints":{"allow":["GET"]}}],"collection":[{"href":"https:\/\/defrentealaverdad.com\/index.php\/wp-json\/wp\/v2\/posts"}],"about":[{"href":"https:\/\/defrentealaverdad.com\/index.php\/wp-json\/wp\/v2\/types\/post"}],"author":[{"embeddable":true,"href":"https:\/\/defrentealaverdad.com\/index.php\/wp-json\/wp\/v2\/users\/1"}],"replies":[{"embeddable":true,"href":"https:\/\/defrentealaverdad.com\/index.php\/wp-json\/wp\/v2\/comments?post=7503"}],"version-history":[{"count":3,"href":"https:\/\/defrentealaverdad.com\/index.php\/wp-json\/wp\/v2\/posts\/7503\/revisions"}],"predecessor-version":[{"id":7507,"href":"https:\/\/defrentealaverdad.com\/index.php\/wp-json\/wp\/v2\/posts\/7503\/revisions\/7507"}],"wp:attachment":[{"href":"https:\/\/defrentealaverdad.com\/index.php\/wp-json\/wp\/v2\/media?parent=7503"}],"wp:term":[{"taxonomy":"category","embeddable":true,"href":"https:\/\/defrentealaverdad.com\/index.php\/wp-json\/wp\/v2\/categories?post=7503"},{"taxonomy":"post_tag","embeddable":true,"href":"https:\/\/defrentealaverdad.com\/index.php\/wp-json\/wp\/v2\/tags?post=7503"}],"curies":[{"name":"wp","href":"https:\/\/api.w.org\/{rel}","templated":true}]}}