{"id":7500,"date":"2023-10-06T20:10:30","date_gmt":"2023-10-06T20:10:30","guid":{"rendered":"https:\/\/defrentealaverdad.com\/?p=7500"},"modified":"2023-10-07T20:28:16","modified_gmt":"2023-10-07T20:28:16","slug":"hogar-crea-dominicano-pone-en-funcionamiento-flotilla-de-17-vehiculos","status":"publish","type":"post","link":"https:\/\/defrentealaverdad.com\/index.php\/2023\/10\/06\/hogar-crea-dominicano-pone-en-funcionamiento-flotilla-de-17-vehiculos\/","title":{"rendered":"Hogar Crea Dominicano pone en funcionamiento flotilla de 17 veh\u00edculos"},"content":{"rendered":"<p style=\"text-align: justify;\"><img decoding=\"async\" class=\"size-medium wp-image-7501 alignleft lazyload\" data-src=\"https:\/\/defrentealaverdad.com\/wp-content\/uploads\/2023\/10\/IMG-20231006-WA0106-225x300.jpg\" alt=\"\" width=\"225\" height=\"300\" data-srcset=\"https:\/\/defrentealaverdad.com\/wp-content\/uploads\/2023\/10\/IMG-20231006-WA0106-225x300.jpg 225w, https:\/\/defrentealaverdad.com\/wp-content\/uploads\/2023\/10\/IMG-20231006-WA0106-768x1024.jpg 768w, https:\/\/defrentealaverdad.com\/wp-content\/uploads\/2023\/10\/IMG-20231006-WA0106-1152x1536.jpg 1152w, https:\/\/defrentealaverdad.com\/wp-content\/uploads\/2023\/10\/IMG-20231006-WA0106-450x600.jpg 450w, https:\/\/defrentealaverdad.com\/wp-content\/uploads\/2023\/10\/IMG-20231006-WA0106.jpg 1200w\" data-sizes=\"(max-width: 225px) 100vw, 225px\" src=\"data:image\/svg+xml;base64,PHN2ZyB3aWR0aD0iMSIgaGVpZ2h0PSIxIiB4bWxucz0iaHR0cDovL3d3dy53My5vcmcvMjAwMC9zdmciPjwvc3ZnPg==\" style=\"--smush-placeholder-width: 225px; --smush-placeholder-aspect-ratio: 225\/300;\" \/><\/p>\n<p style=\"text-align: justify;\">Santo Domingo. &#8211; El director ejecutivo de Hogar Crea Dominicano, Julio Manuel D\u00edaz Capell\u00e1n, junto al presidente Juan Agust\u00edn Almonte Molina hicieron entrega de una flotilla de 17 veh\u00edculos, los cuales ser\u00e1n utilizadas en el programa de charlas de prevenci\u00f3n en todo el territorio nacional, el cual tiene como objetivo combatir en los sectores m\u00e1s vulnerables el uso de las sustancias prohibidas como la hooka y otros estupefacientes.<\/p>\n<p style=\"text-align: justify;\">Con estas flotillas la parte operativa del Hogar Crea Dominicano tendr\u00e1 la facilidad de poder trasladarse a nivel nacional y trabajar en los sectores m\u00e1s vulnerables e influir en la vida de miles j\u00f3venes que desconocen la reacci\u00f3n que causan el consumo del uso de estupefacientes y el uso de la hooka.<\/p>\n<p style=\"text-align: justify;\">A su vez, expres\u00f3 que estas charlas tendr\u00e1n un impacto social que beneficiar\u00e1n a m\u00e1s de 50,000 personas en las provincias.<\/p>\n<p style=\"text-align: justify;\">De su lado, el director de Hogar Crea dominicano, Julio Manuel D\u00edaz Capell\u00e1n, indic\u00f3 en el marco del programa nacional de charlas de prevenci\u00f3n, educaci\u00f3n, informaci\u00f3n y orientaci\u00f3n, que los veh\u00edculos ser\u00e1n utilizados en igual n\u00famero de provincias, con la finalidad de rescatar j\u00f3venes y adultos del uso indebido de drogas y otras acciones.<\/p>\n<p style=\"text-align: justify;\">Destac\u00f3, adem\u00e1s que Hogar Crea Dominicano tiene presencia en las 32 provincias, raz\u00f3n, por lo que ya trabajan para la entrega de una segunda flotilla en las provincias faltantes.<\/p>\n<p style=\"text-align: justify;\">Esta instituci\u00f3n sin fines de lucro lucha cada d\u00eda para que miles de j\u00f3venes tengan la facilidad de ser capacitados y orientados el da\u00f1o que ha causado en el pa\u00eds el consumo de sustancias prohibidas as\u00ed mismo el uso de la hooka en menores de edad.<\/p>\n<p style=\"text-align: justify;\">Se recuerda que Hogar Crea Dominicano lleva programas de alfabetizaci\u00f3n, charlas, programas de prevenci\u00f3n, programa de asistencia a familia en las escuelas y en las diferentes comunidades a nivel nacional.<\/p>\n<p style=\"text-align: justify;\">\n<p style=\"text-align: justify;\">Fuente: Hogar Crea Dominicano<\/p>\n","protected":false},"excerpt":{"rendered":"<p>Santo Domingo. &#8211; El director ejecutivo de Hogar Crea Dominicano, Julio Manuel D\u00edaz Capell\u00e1n, junto<\/p>\n","protected":false},"author":1,"featured_media":0,"comment_status":"open","ping_status":"open","sticky":false,"template":"","format":"standard","meta":{"footnotes":""},"categories":[7],"tags":[],"class_list":["post-7500","post","type-post","status-publish","format-standard","hentry","category-nacionales"],"_links":{"self":[{"href":"https:\/\/defrentealaverdad.com\/index.php\/wp-json\/wp\/v2\/posts\/7500","targetHints":{"allow":["GET"]}}],"collection":[{"href":"https:\/\/defrentealaverdad.com\/index.php\/wp-json\/wp\/v2\/posts"}],"about":[{"href":"https:\/\/defrentealaverdad.com\/index.php\/wp-json\/wp\/v2\/types\/post"}],"author":[{"embeddable":true,"href":"https:\/\/defrentealaverdad.com\/index.php\/wp-json\/wp\/v2\/users\/1"}],"replies":[{"embeddable":true,"href":"https:\/\/defrentealaverdad.com\/index.php\/wp-json\/wp\/v2\/comments?post=7500"}],"version-history":[{"count":1,"href":"https:\/\/defrentealaverdad.com\/index.php\/wp-json\/wp\/v2\/posts\/7500\/revisions"}],"predecessor-version":[{"id":7502,"href":"https:\/\/defrentealaverdad.com\/index.php\/wp-json\/wp\/v2\/posts\/7500\/revisions\/7502"}],"wp:attachment":[{"href":"https:\/\/defrentealaverdad.com\/index.php\/wp-json\/wp\/v2\/media?parent=7500"}],"wp:term":[{"taxonomy":"category","embeddable":true,"href":"https:\/\/defrentealaverdad.com\/index.php\/wp-json\/wp\/v2\/categories?post=7500"},{"taxonomy":"post_tag","embeddable":true,"href":"https:\/\/defrentealaverdad.com\/index.php\/wp-json\/wp\/v2\/tags?post=7500"}],"curies":[{"name":"wp","href":"https:\/\/api.w.org\/{rel}","templated":true}]}}