{"id":7489,"date":"2023-10-07T19:57:10","date_gmt":"2023-10-07T19:57:10","guid":{"rendered":"https:\/\/defrentealaverdad.com\/?p=7489"},"modified":"2023-10-07T19:57:10","modified_gmt":"2023-10-07T19:57:10","slug":"fundacion-soldado-de-dios-concluye-entrega-utiles-escolares-a-ninos-de-diferentes-regiones","status":"publish","type":"post","link":"https:\/\/defrentealaverdad.com\/index.php\/2023\/10\/07\/fundacion-soldado-de-dios-concluye-entrega-utiles-escolares-a-ninos-de-diferentes-regiones\/","title":{"rendered":"Fundaci\u00f3n Soldado de Dios concluye entrega \u00fatiles escolares a ni\u00f1os de diferentes regiones"},"content":{"rendered":"<p style=\"text-align: justify;\">\n<blockquote>\n<p style=\"text-align: justify;\">Las comunidades beneficiadas fueron: Guayacanal, en Santiago de los Caballeros; Altos de Francisco, Puerto Plata; La Malena, Boca Chica, Santo Domingo Este y Fundaci\u00f3n un Beso un Flor, en Monte Plata.<\/p>\n<\/blockquote>\n<p style=\"text-align: justify;\">Santo Domingo, R.D..- Con el objetivo principal de contribuir al acceso equitativo a la educaci\u00f3n, garantizando que los ni\u00f1os tuvieran los recursos esenciales para comenzar el a\u00f1o escolar de manera adecuada, mediante el programa \u201cUna Mochila, Un Ni\u00f1o\u201d, la Fundaci\u00f3n Soldado de Dios, hizo entregas de \u00fatiles escolares donde impactaron a m\u00e1s de 400 ni\u00f1os en las diferentes provincias donde se realizaron las entregas, en la participaron m\u00e1s de 15 voluntarios, que trabajan para llevar una mano amiga a los m\u00e1s necesitados.<\/p>\n<p style=\"text-align: justify;\">\n<p style=\"text-align: justify;\">\u201cEsta es una actividad que la hacemos gracia al aporte de varios donantes, a los cuales le rendimos un informe con los donados, de igual forma a un equipo de voluntarios que con su misi\u00f3n de brindar esperanza y oportunidades a comunidades en desventaja, realizamos el programa de entrega de kits escolares \u201cUna Mochila Un Ni\u00f1o\u201d, que venimos haciendo hace a\u00f1os\u201d, puntualiz\u00f3 Nieve Polanco de Castillo, presidenta de la Fundaci\u00f3n Soldado de Dios.<\/p>\n<p><img decoding=\"async\" class=\"size-medium wp-image-7490 aligncenter lazyload\" data-src=\"https:\/\/defrentealaverdad.com\/wp-content\/uploads\/2023\/10\/IMG-20231006-WA0093-300x200.jpg\" alt=\"\" width=\"300\" height=\"200\" data-srcset=\"https:\/\/defrentealaverdad.com\/wp-content\/uploads\/2023\/10\/IMG-20231006-WA0093-300x200.jpg 300w, https:\/\/defrentealaverdad.com\/wp-content\/uploads\/2023\/10\/IMG-20231006-WA0093.jpg 525w\" data-sizes=\"(max-width: 300px) 100vw, 300px\" src=\"data:image\/svg+xml;base64,PHN2ZyB3aWR0aD0iMSIgaGVpZ2h0PSIxIiB4bWxucz0iaHR0cDovL3d3dy53My5vcmcvMjAwMC9zdmciPjwvc3ZnPg==\" style=\"--smush-placeholder-width: 300px; --smush-placeholder-aspect-ratio: 300\/200;\" \/><\/p>\n<p style=\"text-align: justify;\">En cada entrega, adem\u00e1s de que los ni\u00f1os recibieron unas mochilas con \u00fatiles escolares, se realizaban diversa actividades recreativas, iniciando con la charla motivacional \u201cLos Valores que Adornan Nuestras Vidas\u201d a cargo de Eddy Rosario y Jaeska S\u00faarez, animaci\u00f3n de payasos con quienes re\u00edan, cantaban, bailaban y concursaban, adem\u00e1s de un refrigerio para mantener la energ\u00eda durante toda la jornada.<\/p>\n<p style=\"text-align: justify;\">Estas donaciones, contribuyen directamente a mejorar el acceso a la educaci\u00f3n de los ni\u00f1os en estas comunidades, eliminando barreras econ\u00f3micas que muchas veces impiden que asistan a la escuela con los materiales adecuados, las cuales fueron recibidas con grandes emociones, not\u00e1ndose la alegr\u00eda de los infantes con sonrisas resplandecientes, simbolizando un nuevo comienzo lleno de posibilidades.<\/p>\n<p style=\"text-align: justify;\"><img decoding=\"async\" class=\"alignnone size-medium wp-image-7491 lazyload\" data-src=\"https:\/\/defrentealaverdad.com\/wp-content\/uploads\/2023\/10\/IMG-20231006-WA0092-300x199.jpg\" alt=\"\" width=\"300\" height=\"199\" data-srcset=\"https:\/\/defrentealaverdad.com\/wp-content\/uploads\/2023\/10\/IMG-20231006-WA0092-300x199.jpg 300w, https:\/\/defrentealaverdad.com\/wp-content\/uploads\/2023\/10\/IMG-20231006-WA0092.jpg 340w\" data-sizes=\"(max-width: 300px) 100vw, 300px\" src=\"data:image\/svg+xml;base64,PHN2ZyB3aWR0aD0iMSIgaGVpZ2h0PSIxIiB4bWxucz0iaHR0cDovL3d3dy53My5vcmcvMjAwMC9zdmciPjwvc3ZnPg==\" style=\"--smush-placeholder-width: 300px; --smush-placeholder-aspect-ratio: 300\/199;\" \/><\/p>\n<p style=\"text-align: justify;\">La Fundaci\u00f3n Soldados de Dios est\u00e1 comprometida con la continuaci\u00f3n de su misi\u00f3n de empoderar a las comunidades m\u00e1s vulnerables a trav\u00e9s de la educaci\u00f3n, est\u00e1 construyendo un Centro de Desarrollo Integral en la comunidad La Malena de Boca Chica, en Santo Domingo Este, donde impactar\u00e1 de forma positiva a m\u00e1s de 2,500 familias.<\/p>\n<blockquote>\n<p style=\"text-align: justify;\">\u201cAquellos interesados en apoyar la labor de la Fundaci\u00f3n Soldados de Dios pueden hacerlo de varias maneras, ya sea a trav\u00e9s de donaciones financieras, contribuciones en especie u ofreci\u00e9ndose como voluntarios en futuras actividades. Cada forma de apoyo es invaluable y nos ayuda a seguir transformando vidas a trav\u00e9s de la educaci\u00f3n\u201d, finaliz\u00f3 Nieve Polanco de Castillo.<\/p>\n<\/blockquote>\n<p>Fuente: Fundaci\u00f3n Soldado de Dios<\/p>\n","protected":false},"excerpt":{"rendered":"<p>Las comunidades beneficiadas fueron: Guayacanal, en Santiago de los Caballeros; Altos de Francisco, Puerto Plata;<\/p>\n","protected":false},"author":2,"featured_media":0,"comment_status":"open","ping_status":"open","sticky":false,"template":"","format":"standard","meta":{"footnotes":""},"categories":[7],"tags":[],"class_list":["post-7489","post","type-post","status-publish","format-standard","hentry","category-nacionales"],"_links":{"self":[{"href":"https:\/\/defrentealaverdad.com\/index.php\/wp-json\/wp\/v2\/posts\/7489","targetHints":{"allow":["GET"]}}],"collection":[{"href":"https:\/\/defrentealaverdad.com\/index.php\/wp-json\/wp\/v2\/posts"}],"about":[{"href":"https:\/\/defrentealaverdad.com\/index.php\/wp-json\/wp\/v2\/types\/post"}],"author":[{"embeddable":true,"href":"https:\/\/defrentealaverdad.com\/index.php\/wp-json\/wp\/v2\/users\/2"}],"replies":[{"embeddable":true,"href":"https:\/\/defrentealaverdad.com\/index.php\/wp-json\/wp\/v2\/comments?post=7489"}],"version-history":[{"count":1,"href":"https:\/\/defrentealaverdad.com\/index.php\/wp-json\/wp\/v2\/posts\/7489\/revisions"}],"predecessor-version":[{"id":7492,"href":"https:\/\/defrentealaverdad.com\/index.php\/wp-json\/wp\/v2\/posts\/7489\/revisions\/7492"}],"wp:attachment":[{"href":"https:\/\/defrentealaverdad.com\/index.php\/wp-json\/wp\/v2\/media?parent=7489"}],"wp:term":[{"taxonomy":"category","embeddable":true,"href":"https:\/\/defrentealaverdad.com\/index.php\/wp-json\/wp\/v2\/categories?post=7489"},{"taxonomy":"post_tag","embeddable":true,"href":"https:\/\/defrentealaverdad.com\/index.php\/wp-json\/wp\/v2\/tags?post=7489"}],"curies":[{"name":"wp","href":"https:\/\/api.w.org\/{rel}","templated":true}]}}