{"id":7455,"date":"2023-10-06T18:59:34","date_gmt":"2023-10-06T18:59:34","guid":{"rendered":"https:\/\/defrentealaverdad.com\/?p=7455"},"modified":"2023-10-07T19:01:48","modified_gmt":"2023-10-07T19:01:48","slug":"locutor-lidermiguelr-es-nominado-a-los-prestigiosos-premios-crecer","status":"publish","type":"post","link":"https:\/\/defrentealaverdad.com\/index.php\/2023\/10\/06\/locutor-lidermiguelr-es-nominado-a-los-prestigiosos-premios-crecer\/","title":{"rendered":"Locutor Lidermiguelr es nominado a los prestigiosos Premios Crecer"},"content":{"rendered":"<p style=\"text-align: justify;\">Ciudad de Santo Domingo RD- Locutor Miguel \u00c1ngel Ram\u00edrez, mejor conocido como el @Lidermiguelr, reconocido por su profesionalismo y talento en el \u00e1mbito de la locuci\u00f3n, ha sido nominado a los premios Crecer en la categor\u00eda de Locutor emprende del A\u00f1o.<\/p>\n<p style=\"text-align: justify;\"><img decoding=\"async\" class=\"size-medium wp-image-7472 alignleft lazyload\" data-src=\"https:\/\/defrentealaverdad.com\/wp-content\/uploads\/2023\/10\/IMG-20231004-WA0126-218x300.jpg\" alt=\"\" width=\"218\" height=\"300\" data-srcset=\"https:\/\/defrentealaverdad.com\/wp-content\/uploads\/2023\/10\/IMG-20231004-WA0126-218x300.jpg 218w, https:\/\/defrentealaverdad.com\/wp-content\/uploads\/2023\/10\/IMG-20231004-WA0126-742x1024.jpg 742w, https:\/\/defrentealaverdad.com\/wp-content\/uploads\/2023\/10\/IMG-20231004-WA0126-768x1059.jpg 768w, https:\/\/defrentealaverdad.com\/wp-content\/uploads\/2023\/10\/IMG-20231004-WA0126.jpg 928w\" data-sizes=\"(max-width: 218px) 100vw, 218px\" src=\"data:image\/svg+xml;base64,PHN2ZyB3aWR0aD0iMSIgaGVpZ2h0PSIxIiB4bWxucz0iaHR0cDovL3d3dy53My5vcmcvMjAwMC9zdmciPjwvc3ZnPg==\" style=\"--smush-placeholder-width: 218px; --smush-placeholder-aspect-ratio: 218\/300;\" \/><\/p>\n<p style=\"text-align: justify;\">Los Premios Crecer reconocen el talento y la excelencia en distintos campos art\u00edsticos y culturales, y la nominaci\u00f3n de Locutor Lidermiguelr es un claro reflejo de su valiosa contribuci\u00f3n en el \u00e1mbito de la locuci\u00f3n.<\/p>\n<p style=\"text-align: justify;\">Con una destacada trayectoria de m\u00e1s de 5 a\u00f1os, Locutor Miguel \u00c1ngel Ram\u00edrez se ha convertido en un referente en su industria gracias a su profesionalismo, versatilidad y pasi\u00f3n por su trabajo.<\/p>\n<p style=\"text-align: justify;\">Su voz inconfundible ha sido escuchada en numerosas campa\u00f1as publicitarias, documentales, videos institucionales y programas de radio y televisi\u00f3n.<\/p>\n<p style=\"text-align: justify;\">Durante su carrera, Locutor @Lidermiguelr ha trabajado con reconocidas marcas y empresas, en el Programa #valoratemujerrd aportando su estilo \u00fanico y su habilidad para transmitir mensajes de forma efectiva y persuasiva. Su versatilidad vocal le ha permitido adaptarse a diferentes g\u00e9neros y estilos, gan\u00e1ndose la confianza de sus clientes y el reconocimiento de sus colegas.<\/p>\n<p style=\"text-align: justify;\">La nominaci\u00f3n de Locutor @Lidermiguelr a los Premios Crecer es un merecido reconocimiento a su arduo trabajo y dedicaci\u00f3n a lo largo de su carrera. Su talento y habilidad para cautivar a la audiencia con su voz lo convierten en un candidato destacado en esta categor\u00eda.<\/p>\n<p style=\"text-align: justify;\">El Locutor Miguel \u00c1ngel Ram\u00edrez expresa su agradecimiento a los organizadores de los Premios Crecer por esta nominaci\u00f3n, as\u00ed como a todos aquellos que han sido parte de su camino, incluyendo a sus clientes, colegas y seguidores, quienes han apoyado y valorado su trabajo a lo largo de los a\u00f1os.<\/p>\n<p style=\"text-align: justify;\">La ceremonia de entrega de los Premios Crecer en su 8va entrega se llevar\u00e1 a cabo el 24 de Noviembre 2023 en Teatro de Indotel en la zona colonial Santo domingo, donde Locutor @Lidermiguelr espera poder compartir su emoci\u00f3n y celebrar junto a los otros nominados.<\/p>\n<p style=\"text-align: justify;\">Para mayor informaci\u00f3n sobre los Premios Crecer y para conocer m\u00e1s sobre el trabajo de Locutor Miguel \u00c1ngel Ram\u00edrez pueden visitar sus redes sociales Instagram@Lidermiguelr<\/p>\n<p style=\"text-align: justify;\">Fuente: Nortiam\u00e9rica<\/p>\n","protected":false},"excerpt":{"rendered":"<p>Ciudad de Santo Domingo RD- Locutor Miguel \u00c1ngel Ram\u00edrez, mejor conocido como el @Lidermiguelr, reconocido<\/p>\n","protected":false},"author":4,"featured_media":0,"comment_status":"open","ping_status":"open","sticky":false,"template":"","format":"standard","meta":{"footnotes":""},"categories":[6],"tags":[],"class_list":["post-7455","post","type-post","status-publish","format-standard","hentry","category-espectaculos"],"_links":{"self":[{"href":"https:\/\/defrentealaverdad.com\/index.php\/wp-json\/wp\/v2\/posts\/7455","targetHints":{"allow":["GET"]}}],"collection":[{"href":"https:\/\/defrentealaverdad.com\/index.php\/wp-json\/wp\/v2\/posts"}],"about":[{"href":"https:\/\/defrentealaverdad.com\/index.php\/wp-json\/wp\/v2\/types\/post"}],"author":[{"embeddable":true,"href":"https:\/\/defrentealaverdad.com\/index.php\/wp-json\/wp\/v2\/users\/4"}],"replies":[{"embeddable":true,"href":"https:\/\/defrentealaverdad.com\/index.php\/wp-json\/wp\/v2\/comments?post=7455"}],"version-history":[{"count":1,"href":"https:\/\/defrentealaverdad.com\/index.php\/wp-json\/wp\/v2\/posts\/7455\/revisions"}],"predecessor-version":[{"id":7473,"href":"https:\/\/defrentealaverdad.com\/index.php\/wp-json\/wp\/v2\/posts\/7455\/revisions\/7473"}],"wp:attachment":[{"href":"https:\/\/defrentealaverdad.com\/index.php\/wp-json\/wp\/v2\/media?parent=7455"}],"wp:term":[{"taxonomy":"category","embeddable":true,"href":"https:\/\/defrentealaverdad.com\/index.php\/wp-json\/wp\/v2\/categories?post=7455"},{"taxonomy":"post_tag","embeddable":true,"href":"https:\/\/defrentealaverdad.com\/index.php\/wp-json\/wp\/v2\/tags?post=7455"}],"curies":[{"name":"wp","href":"https:\/\/api.w.org\/{rel}","templated":true}]}}