{"id":7409,"date":"2023-10-05T03:08:02","date_gmt":"2023-10-05T03:08:02","guid":{"rendered":"https:\/\/defrentealaverdad.com\/?p=7409"},"modified":"2023-10-06T03:08:55","modified_gmt":"2023-10-06T03:08:55","slug":"condenan-a-10-cadenas-perpetuas-autor-tiroteo-en-el-metro-de-nueva-york","status":"publish","type":"post","link":"https:\/\/defrentealaverdad.com\/index.php\/2023\/10\/05\/condenan-a-10-cadenas-perpetuas-autor-tiroteo-en-el-metro-de-nueva-york\/","title":{"rendered":"Condenan a 10 cadenas perpetuas autor tiroteo en el metro de Nueva York"},"content":{"rendered":"<header id=\"mvp-post-head\" class=\"left relative\">\n<div class=\"mvp-author-info-wrap left relative\">\n<div class=\"mvp-author-info-text left relative\">\n<div class=\"mvp-author-info-name left relative\"><img decoding=\"async\" class=\"attachment- size- wp-post-image aligncenter lazyload\" data-src=\"https:\/\/www.ultimasnoticias.com.do\/wp-content\/uploads\/2023\/10\/ataque-al-metro.jpeg\" data-sizes=\"(max-width: 1600px) 100vw, 1600px\" data-srcset=\"https:\/\/www.ultimasnoticias.com.do\/wp-content\/uploads\/2023\/10\/ataque-al-metro.jpeg 1600w, https:\/\/www.ultimasnoticias.com.do\/wp-content\/uploads\/2023\/10\/ataque-al-metro-300x169.jpeg 300w, https:\/\/www.ultimasnoticias.com.do\/wp-content\/uploads\/2023\/10\/ataque-al-metro-1024x576.jpeg 1024w, https:\/\/www.ultimasnoticias.com.do\/wp-content\/uploads\/2023\/10\/ataque-al-metro-768x432.jpeg 768w, https:\/\/www.ultimasnoticias.com.do\/wp-content\/uploads\/2023\/10\/ataque-al-metro-1536x864.jpeg 1536w\" alt=\"\" width=\"1600\" height=\"900\" src=\"data:image\/svg+xml;base64,PHN2ZyB3aWR0aD0iMSIgaGVpZ2h0PSIxIiB4bWxucz0iaHR0cDovL3d3dy53My5vcmcvMjAwMC9zdmciPjwvc3ZnPg==\" style=\"--smush-placeholder-width: 1600px; --smush-placeholder-aspect-ratio: 1600\/900;\" \/><\/div>\n<\/div>\n<\/div>\n<\/header>\n<div id=\"mvp-post-content\" class=\"left relative\">\n<div id=\"mvp-content-wrap\" class=\"left relative\">\n<div id=\"mvp-content-body\" class=\"left relative\">\n<div id=\"mvp-content-body-top\" class=\"left relative\">\n<div id=\"mvp-content-main\" class=\"left relative\">\n<p style=\"text-align: justify;\"><strong>NUEVA YORK.-\u00a0\u00a0<\/strong>Fue sentenciado a 10 cadenas perpetuas el individuo responsable del ataque a un vag\u00f3n del metro de Nueva York abarrotado de personas en abril de 2022.<\/p>\n<p style=\"text-align: justify;\">Se trata de Frank James, quien deton\u00f3 varias bombas de humo y dispar\u00f3 contra diez personas.<\/p>\n<p>De acuerdo a los fiscales que llevaron el caso, James hab\u00eda planeado meticulosamente el ataque durante varios a\u00f1os con el objetivo de infligir el m\u00e1ximo da\u00f1o.<\/p>\n<p style=\"text-align: justify;\">Las autoridades dijeron que aunque todas las v\u00edctimas del ataque sobrevivieron, quedaron con cicatrices f\u00edsicas y psicol\u00f3gicas duraderas.<\/p>\n<p style=\"text-align: justify;\">Una de las v\u00edctimas, presente en la sala del tribunal, se dirigi\u00f3 directamente a James y conden\u00f3 sus acciones como \u201cterriblemente malvadas\u201d.<\/p>\n<p style=\"text-align: justify;\">La v\u00edctima expres\u00f3 que la madre de James se avergonzar\u00eda de lo que hab\u00eda hecho.<\/p>\n<p style=\"text-align: justify;\">Se recuerda que fue cometido durante la hora pico de la ma\u00f1ana en un tren N con destino a Manhattan.<\/p>\n<p style=\"text-align: justify;\">Para cometer el hecho, Frank James deton\u00f3 varias bombas de humo y dispar\u00f3 con una pistola en 32 ocasiones, provocando heridas a diez personas, Otras trece sufrieron lesiones a causa del ataque.<\/p>\n<\/div>\n<\/div>\n<p>Fuente: Ultimas Noticias<\/p>\n<\/div>\n<\/div>\n<\/div>\n","protected":false},"excerpt":{"rendered":"<p>NUEVA YORK.-\u00a0\u00a0Fue sentenciado a 10 cadenas perpetuas el individuo responsable del ataque a un vag\u00f3n<\/p>\n","protected":false},"author":1,"featured_media":0,"comment_status":"open","ping_status":"open","sticky":false,"template":"","format":"standard","meta":{"footnotes":""},"categories":[16],"tags":[],"class_list":["post-7409","post","type-post","status-publish","format-standard","hentry","category-internacionales"],"_links":{"self":[{"href":"https:\/\/defrentealaverdad.com\/index.php\/wp-json\/wp\/v2\/posts\/7409","targetHints":{"allow":["GET"]}}],"collection":[{"href":"https:\/\/defrentealaverdad.com\/index.php\/wp-json\/wp\/v2\/posts"}],"about":[{"href":"https:\/\/defrentealaverdad.com\/index.php\/wp-json\/wp\/v2\/types\/post"}],"author":[{"embeddable":true,"href":"https:\/\/defrentealaverdad.com\/index.php\/wp-json\/wp\/v2\/users\/1"}],"replies":[{"embeddable":true,"href":"https:\/\/defrentealaverdad.com\/index.php\/wp-json\/wp\/v2\/comments?post=7409"}],"version-history":[{"count":1,"href":"https:\/\/defrentealaverdad.com\/index.php\/wp-json\/wp\/v2\/posts\/7409\/revisions"}],"predecessor-version":[{"id":7410,"href":"https:\/\/defrentealaverdad.com\/index.php\/wp-json\/wp\/v2\/posts\/7409\/revisions\/7410"}],"wp:attachment":[{"href":"https:\/\/defrentealaverdad.com\/index.php\/wp-json\/wp\/v2\/media?parent=7409"}],"wp:term":[{"taxonomy":"category","embeddable":true,"href":"https:\/\/defrentealaverdad.com\/index.php\/wp-json\/wp\/v2\/categories?post=7409"},{"taxonomy":"post_tag","embeddable":true,"href":"https:\/\/defrentealaverdad.com\/index.php\/wp-json\/wp\/v2\/tags?post=7409"}],"curies":[{"name":"wp","href":"https:\/\/api.w.org\/{rel}","templated":true}]}}