{"id":7310,"date":"2023-10-04T01:02:30","date_gmt":"2023-10-04T01:02:30","guid":{"rendered":"https:\/\/defrentealaverdad.com\/?p=7310"},"modified":"2023-10-04T01:02:30","modified_gmt":"2023-10-04T01:02:30","slug":"muere-en-accidente-aereo-senador-junto-a-su-esposa-e-hijos-en-ee-uu","status":"publish","type":"post","link":"https:\/\/defrentealaverdad.com\/index.php\/2023\/10\/04\/muere-en-accidente-aereo-senador-junto-a-su-esposa-e-hijos-en-ee-uu\/","title":{"rendered":"Muere en Accidente a\u00e9reo Senador junto a su Esposa e Hijos En EE.UU."},"content":{"rendered":"<div class=\"wrap__article-detail-image\"><\/div>\n<div class=\"wrap__article-detail-info\">\n<p style=\"text-align: justify;\"><b>USA<\/b>&#8211; El senador estatal de Dakota del Norte, Doug Larsen, su esposa y dos hijos murieron mientras viajaban en una avioneta que se estrell\u00f3 en Utah. El fallecimiento fue confirmado por David Hogue en el Senado de Dakota del Norte, seg\u00fan consign\u00f3 The Associated Press.<\/p>\n<p style=\"text-align: justify;\"><img decoding=\"async\" data-src=\"https:\/\/phantom-marca-mx.unidadeditorial.es\/70b094b030471e7293473d46e330d676\/resize\/1320\/f\/jpg\/mx\/assets\/multimedia\/imagenes\/2023\/10\/02\/16962829063701.jpg\" alt=\"El accidente a\u00e9reo se dio el domingo por la noche.\" src=\"data:image\/svg+xml;base64,PHN2ZyB3aWR0aD0iMSIgaGVpZ2h0PSIxIiB4bWxucz0iaHR0cDovL3d3dy53My5vcmcvMjAwMC9zdmciPjwvc3ZnPg==\" class=\"lazyload\" \/><\/p>\n<\/div>\n<div class=\"wrap__article-detail-content\">\n<p style=\"text-align: justify;\">El tr\u00e1gico accidente ocurri\u00f3 este domingo por la noche tras despegar del aer\u00f3dromo Canyonlands, explicaron en un comunicado desde el Departamento del sheriff del condado de Grand.<\/p>\n<p style=\"text-align: justify;\">\u201cEl senador Doug Larsen, su esposa Amy y sus dos hijos peque\u00f1os murieron anoche en un accidente a\u00e9reo en Utah (\u2026) Estaban visitando a una familia en Scottsdale y regresando a casa murieron\u201d, detalla el mail.<\/p>\n<blockquote>\n<p style=\"text-align: justify;\">Concluy\u00f3: \u201cNo estoy seguro de d\u00f3nde comienza el duelo por una tragedia as\u00ed, pero creo que comienza con oraciones por los abuelos, el hijastro sobreviviente del senador Larsen y la familia extendida de Doug y Amy. Mant\u00e9n a tu familia cerca hoy\u201d.<\/p>\n<\/blockquote>\n<p style=\"text-align: justify;\">A trav\u00e9s de X, la Junta Nacional de Seguridad en el Transporte de dicha zona aseguraron que el accidente en avi\u00f3n\u00a0est\u00e1 siendo investigado.<\/p>\n<p style=\"text-align: justify;\"><strong>Larsen fue elegido para el Senado de Dakota del Norte en el a\u00f1o 2020.<\/strong><\/p>\n<p style=\"text-align: justify;\">Su distrito comprende Mandan.\u00a0El pol\u00edtico tambi\u00e9n fue teniente coronel dela Guardia Nacional de Dakota del Norte.<\/p>\n<p>Fuente: Externa<\/p>\n<\/div>\n","protected":false},"excerpt":{"rendered":"<p>USA&#8211; El senador estatal de Dakota del Norte, Doug Larsen, su esposa y dos hijos<\/p>\n","protected":false},"author":4,"featured_media":0,"comment_status":"open","ping_status":"open","sticky":false,"template":"","format":"standard","meta":{"footnotes":""},"categories":[16],"tags":[],"class_list":["post-7310","post","type-post","status-publish","format-standard","hentry","category-internacionales"],"_links":{"self":[{"href":"https:\/\/defrentealaverdad.com\/index.php\/wp-json\/wp\/v2\/posts\/7310","targetHints":{"allow":["GET"]}}],"collection":[{"href":"https:\/\/defrentealaverdad.com\/index.php\/wp-json\/wp\/v2\/posts"}],"about":[{"href":"https:\/\/defrentealaverdad.com\/index.php\/wp-json\/wp\/v2\/types\/post"}],"author":[{"embeddable":true,"href":"https:\/\/defrentealaverdad.com\/index.php\/wp-json\/wp\/v2\/users\/4"}],"replies":[{"embeddable":true,"href":"https:\/\/defrentealaverdad.com\/index.php\/wp-json\/wp\/v2\/comments?post=7310"}],"version-history":[{"count":1,"href":"https:\/\/defrentealaverdad.com\/index.php\/wp-json\/wp\/v2\/posts\/7310\/revisions"}],"predecessor-version":[{"id":7311,"href":"https:\/\/defrentealaverdad.com\/index.php\/wp-json\/wp\/v2\/posts\/7310\/revisions\/7311"}],"wp:attachment":[{"href":"https:\/\/defrentealaverdad.com\/index.php\/wp-json\/wp\/v2\/media?parent=7310"}],"wp:term":[{"taxonomy":"category","embeddable":true,"href":"https:\/\/defrentealaverdad.com\/index.php\/wp-json\/wp\/v2\/categories?post=7310"},{"taxonomy":"post_tag","embeddable":true,"href":"https:\/\/defrentealaverdad.com\/index.php\/wp-json\/wp\/v2\/tags?post=7310"}],"curies":[{"name":"wp","href":"https:\/\/api.w.org\/{rel}","templated":true}]}}