{"id":7301,"date":"2023-10-03T00:39:38","date_gmt":"2023-10-03T00:39:38","guid":{"rendered":"https:\/\/defrentealaverdad.com\/?p=7301"},"modified":"2023-10-04T00:41:53","modified_gmt":"2023-10-04T00:41:53","slug":"como-ir-vestido-que-responder-y-hora-correcta-de-llegar-al-consulado","status":"publish","type":"post","link":"https:\/\/defrentealaverdad.com\/index.php\/2023\/10\/03\/como-ir-vestido-que-responder-y-hora-correcta-de-llegar-al-consulado\/","title":{"rendered":"C\u00f3mo ir vestido, qu\u00e9 responder y hora correcta de llegar al consulado"},"content":{"rendered":"<p style=\"text-align: justify;\">\u00bfC\u00f3mo ir vestido a la entrevista para tramitar la visa a los Estados Unidos?, \u00bfQu\u00e9 tiempo antes de la entrevista se debe llegar a la embajada? y \u00bfQu\u00e9 debo responder al c\u00f3nsul?, son de las preguntas m\u00e1s comunes que tienen los solicitantes durante el proceso consular.<\/p>\n<p style=\"text-align: justify;\"><img decoding=\"async\" data-src=\"https:\/\/hoy.com.do\/wp-content\/uploads\/2023\/10\/WhatsApp-Image-2023-10-03-at-11.42.37-AM.jpeg\" alt=\"\u00bfC\u00f3mo ir vestido, qu\u00e9 responder y hora correcta de llegar al consulado?\" src=\"data:image\/svg+xml;base64,PHN2ZyB3aWR0aD0iMSIgaGVpZ2h0PSIxIiB4bWxucz0iaHR0cDovL3d3dy53My5vcmcvMjAwMC9zdmciPjwvc3ZnPg==\" class=\"lazyload\" \/><\/p>\n<p style=\"text-align: justify;\">Es por ello, que la periodista Lorenny Solano, convers\u00f3 acerca de estas inquietudes con personal de la Embajada de los Estados Unidos en el pa\u00eds mediante el segmento \u201cEl Consulado M\u00e1s Cerca\u201d, que se difunde por RNN.<\/p>\n<p style=\"text-align: justify;\">De acuerdo con una de las oficiales consulares, las personas que tienen programada una cita para obtener este documento de viaje, deben ir vestidos para la entrevista de acuerdo a su personalidad.<\/p>\n<p style=\"text-align: justify;\">\u201cLes recomendar\u00eda ir vestidos de forma normal, tal y como son. Obviamente presentables pero sin exagerar o vestir de una forma los haga sentir inc\u00f3modos\u201d, sostuvo.<\/p>\n<p style=\"text-align: justify;\">Dijo adem\u00e1s, que es crucial que la conversaci\u00f3n durante entrevista sea lo m\u00e1s honesta y sencilla posible, por lo llevar consigo un vestuario que resulte inc\u00f3modo podr\u00eda generar efectos negativos: \u201cUna de las razones porque las personas se poner nerviosas es porque no son ellas mismas\u201d.<\/p>\n<p style=\"text-align: justify;\">En ese sentido, destacaron que cuando se est\u00e1 frente al oficial, es bueno limitarse a responder \u00fanicamente lo que se le est\u00e1 preguntando. De esta forma, ayudan a que las entrevistas se realicen en el menor tiempo posible y que sean atendidas los dem\u00e1s solicitantes que se encuentran en la sala de espera.<\/p>\n<p style=\"text-align: justify;\">\u201cPareciera que estamos presion\u00e1ndolos. No es presi\u00f3n, simplemente hay respuestas que nosotros estamos buscando, por eso tratamos de hacer las preguntas lo m\u00e1s directo posible y le pedimos que respondan lo que le estamos preguntando\u201d.<\/p>\n<p style=\"text-align: justify;\">En cuanto al d\u00eda de la entrevista, enfatizaron que los solicitantes deben llegar treinta minutos antes de la hora programada para evitar espera innecesaria ni juntarse muchas personas al mismo tiempo en la Sesi\u00f3n Consular de la embajada.<\/p>\n<p style=\"text-align: justify;\">\u201cSabemos que las personas les gusta llegar antes de que abramos y algunos llegan desde las 5:00 de la ma\u00f1ana, cuando a\u00fan no hay nadie en la embajada. Es muy importante que vean la hora de su cita para que lleguen 30 minutos antes\u201d.<\/p>\n","protected":false},"excerpt":{"rendered":"<p>\u00bfC\u00f3mo ir vestido a la entrevista para tramitar la visa a los Estados Unidos?, \u00bfQu\u00e9<\/p>\n","protected":false},"author":4,"featured_media":0,"comment_status":"open","ping_status":"open","sticky":false,"template":"","format":"standard","meta":{"footnotes":""},"categories":[7],"tags":[],"class_list":["post-7301","post","type-post","status-publish","format-standard","hentry","category-nacionales"],"_links":{"self":[{"href":"https:\/\/defrentealaverdad.com\/index.php\/wp-json\/wp\/v2\/posts\/7301","targetHints":{"allow":["GET"]}}],"collection":[{"href":"https:\/\/defrentealaverdad.com\/index.php\/wp-json\/wp\/v2\/posts"}],"about":[{"href":"https:\/\/defrentealaverdad.com\/index.php\/wp-json\/wp\/v2\/types\/post"}],"author":[{"embeddable":true,"href":"https:\/\/defrentealaverdad.com\/index.php\/wp-json\/wp\/v2\/users\/4"}],"replies":[{"embeddable":true,"href":"https:\/\/defrentealaverdad.com\/index.php\/wp-json\/wp\/v2\/comments?post=7301"}],"version-history":[{"count":1,"href":"https:\/\/defrentealaverdad.com\/index.php\/wp-json\/wp\/v2\/posts\/7301\/revisions"}],"predecessor-version":[{"id":7302,"href":"https:\/\/defrentealaverdad.com\/index.php\/wp-json\/wp\/v2\/posts\/7301\/revisions\/7302"}],"wp:attachment":[{"href":"https:\/\/defrentealaverdad.com\/index.php\/wp-json\/wp\/v2\/media?parent=7301"}],"wp:term":[{"taxonomy":"category","embeddable":true,"href":"https:\/\/defrentealaverdad.com\/index.php\/wp-json\/wp\/v2\/categories?post=7301"},{"taxonomy":"post_tag","embeddable":true,"href":"https:\/\/defrentealaverdad.com\/index.php\/wp-json\/wp\/v2\/tags?post=7301"}],"curies":[{"name":"wp","href":"https:\/\/api.w.org\/{rel}","templated":true}]}}