{"id":7291,"date":"2023-10-03T23:57:33","date_gmt":"2023-10-03T23:57:33","guid":{"rendered":"https:\/\/defrentealaverdad.com\/?p=7291"},"modified":"2023-10-03T23:58:00","modified_gmt":"2023-10-03T23:58:00","slug":"eli-y-emil-colaboran-con-marisolis-en-nada","status":"publish","type":"post","link":"https:\/\/defrentealaverdad.com\/index.php\/2023\/10\/03\/eli-y-emil-colaboran-con-marisolis-en-nada\/","title":{"rendered":"Eli y Emil colaboran con Marisolis en \u00abNada\u00bb"},"content":{"rendered":"<p style=\"font-weight: 400; text-align: justify;\">Rep\u00fablica Dominicana, Octubre 2023 &#8211; El d\u00fao musical Eli y Emil se enorgullece en anunciar su nueva colaboraci\u00f3n con la talentosa artista dominicana radicada en Nueva York, Marisolis. Juntos, han creado un remix de su reciente sencillo \u00abNada\u00bb, disponible ya en todas las plataformas digitales.<\/p>\n<p style=\"font-weight: 400; text-align: justify;\">Entre muchas manifestaciones emotivas Eli coment\u00f3 \u00abDesde que la escuch\u00e9 cantar en vivo en \u201cEl oficio de hacer canci\u00f3n\u201d, evento organizado por Pavel Nu\u00f1ez enfocado al desarrollo de la composici\u00f3n, me qued\u00e9 enamorada de su voz, despertando en m\u00ed el sue\u00f1o de poder grabar con ella alg\u00fan d\u00eda, y pues Emil, al escucharla describi\u00f3 el momento como \u00abAmor a primer o\u00eddo\u00bb. Debido a esto nos tomamos el atrevimiento de invitarla a esta canci\u00f3n que se ha vuelto tan especial para nosotros.<\/p>\n<p style=\"font-weight: 400; text-align: justify;\"><img decoding=\"async\" class=\"aligncenter lazyload\" data-src=\"https:\/\/lh3.googleusercontent.com\/-BefMTzrV6lM\/ZRreUOQaO3I\/AAAAAAABzT4\/7NyzJ_69Uz4NC2QMYNiHLb1aM_i-pFaXACNcBGAsYHQ\/s1600\/Eli%2BY%2BEmil.jpeg.jpg\" src=\"data:image\/svg+xml;base64,PHN2ZyB3aWR0aD0iMSIgaGVpZ2h0PSIxIiB4bWxucz0iaHR0cDovL3d3dy53My5vcmcvMjAwMC9zdmciPjwvc3ZnPg==\" \/><\/p>\n<p style=\"font-weight: 400; text-align: justify;\">La colaboraci\u00f3n de Eli y Emil con Marisolis es el resultado de una conexi\u00f3n musical innegable y la pasi\u00f3n compartida por crear m\u00fasica significativa y aut\u00e9ntica. Este remix ha demostrado ser una experiencia \u00fanica para los seguidores de ambos artistas, as\u00ed como una muestra del talento y versatilidad que poseen.<\/p>\n<p style=\"font-weight: 400; text-align: justify;\">Previo al estreno, los tres artistas realizaron un Live en Instagram para conectar con la audiencia y hablar un poquito del proceso, de c\u00f3mo se dio la colaboraci\u00f3n y aprovecharon tambi\u00e9n el espacio para expresar la admiraci\u00f3n que tienen los unos por los otros y para agradecer a todo el equipo de La Oreja Media Group por la colaboraci\u00f3n en la distribuci\u00f3n de la canci\u00f3n, a\u00f1adiendo que pr\u00f3ximamente presentar\u00e1n un audiovisual de dicha versi\u00f3n.<\/p>\n<p style=\"font-weight: 400; text-align: justify;\">Eli y Emil vuelven a los escenarios el pr\u00f3ximo 15 de octubre en el marco de propuestas art\u00edsticas del \u201cFall Market by 809 Mercado\u201d a celebrarse los d\u00edas 14 y 15 de octubre en el Monumento Fray Anton de Montesinos.<\/p>\n<p style=\"font-weight: 400; text-align: justify;\">Eliana Berretta, conocida art\u00edsticamente como Eli, va dejando su huella en la industria musical, destac\u00e1ndose en diversos escenarios con su poderosa voz y carisma.<\/p>\n<p style=\"font-weight: 400; text-align: justify;\">Recientemente, tuvo el honor de participar en la ceremonia de apertura de la XXV Feria Internacional del Libro Santo Domingo 2023, donde cautiv\u00f3 a todos los presentes con su actuaci\u00f3n memorable, en representaci\u00f3n de Israel, pa\u00eds invitado en esta edici\u00f3n, cantando en hebreo la canci\u00f3n emblem\u00e1tica \u00abJerusal\u00e9n de Oro\u00bb. Adem\u00e1s, en el Gran Teatro del Cibao, demostr\u00f3 su versatilidad al interpretar de manera impecable el famoso merengue \u00abA dormir juntitos\u00bb junto a Eddy Herrera en su concierto \u00abAgradecido\u00bb bajo la direcci\u00f3n musical de Antonio Gonz\u00e1lez y la producci\u00f3n de Edilenia Tactuk.<\/p>\n<p style=\"font-weight: 400; text-align: justify;\">Pueden escucharla aqu\u00ed:\u00a0<a href=\"https:\/\/youtu.be\/0JFEUEiFtMM?si=0daOqu600sKv2p64\" data-saferedirecturl=\"https:\/\/www.google.com\/url?q=https:\/\/youtu.be\/0JFEUEiFtMM?si%3D0daOqu600sKv2p64&amp;source=gmail&amp;ust=1696338679461000&amp;usg=AOvVaw1Xvi5L_UvPtUgCf-beYRXm\">https:\/\/youtu.be\/0JFEUEiFtMM?si=0daOqu600sKv2p64<\/a><\/p>\n<p>&nbsp;<\/p>\n<p>Fuente: Herrera Farandula RD<\/p>\n","protected":false},"excerpt":{"rendered":"<p>Rep\u00fablica Dominicana, Octubre 2023 &#8211; El d\u00fao musical Eli y Emil se enorgullece en anunciar<\/p>\n","protected":false},"author":4,"featured_media":0,"comment_status":"open","ping_status":"open","sticky":false,"template":"","format":"standard","meta":{"footnotes":""},"categories":[6,7],"tags":[],"class_list":["post-7291","post","type-post","status-publish","format-standard","hentry","category-espectaculos","category-nacionales"],"_links":{"self":[{"href":"https:\/\/defrentealaverdad.com\/index.php\/wp-json\/wp\/v2\/posts\/7291","targetHints":{"allow":["GET"]}}],"collection":[{"href":"https:\/\/defrentealaverdad.com\/index.php\/wp-json\/wp\/v2\/posts"}],"about":[{"href":"https:\/\/defrentealaverdad.com\/index.php\/wp-json\/wp\/v2\/types\/post"}],"author":[{"embeddable":true,"href":"https:\/\/defrentealaverdad.com\/index.php\/wp-json\/wp\/v2\/users\/4"}],"replies":[{"embeddable":true,"href":"https:\/\/defrentealaverdad.com\/index.php\/wp-json\/wp\/v2\/comments?post=7291"}],"version-history":[{"count":1,"href":"https:\/\/defrentealaverdad.com\/index.php\/wp-json\/wp\/v2\/posts\/7291\/revisions"}],"predecessor-version":[{"id":7292,"href":"https:\/\/defrentealaverdad.com\/index.php\/wp-json\/wp\/v2\/posts\/7291\/revisions\/7292"}],"wp:attachment":[{"href":"https:\/\/defrentealaverdad.com\/index.php\/wp-json\/wp\/v2\/media?parent=7291"}],"wp:term":[{"taxonomy":"category","embeddable":true,"href":"https:\/\/defrentealaverdad.com\/index.php\/wp-json\/wp\/v2\/categories?post=7291"},{"taxonomy":"post_tag","embeddable":true,"href":"https:\/\/defrentealaverdad.com\/index.php\/wp-json\/wp\/v2\/tags?post=7291"}],"curies":[{"name":"wp","href":"https:\/\/api.w.org\/{rel}","templated":true}]}}