{"id":7254,"date":"2023-10-02T17:17:23","date_gmt":"2023-10-02T17:17:23","guid":{"rendered":"https:\/\/defrentealaverdad.com\/?p=7254"},"modified":"2023-10-02T17:17:23","modified_gmt":"2023-10-02T17:17:23","slug":"abinader-gana-primarias-con-casi-91-obtuvo-879-458-segun-jce","status":"publish","type":"post","link":"https:\/\/defrentealaverdad.com\/index.php\/2023\/10\/02\/abinader-gana-primarias-con-casi-91-obtuvo-879-458-segun-jce\/","title":{"rendered":"Abinader gana primarias con casi 91%; obtuvo 879.458, seg\u00fan JCE"},"content":{"rendered":"<div class=\"img_center\" style=\"text-align: justify;\"><img decoding=\"async\" class=\"attachment-post-thumbnail size-post-thumbnail wp-post-image alignright lazyload\" title=\"Abinader gana primarias con casi 91%; obtuvo 879.458, seg\u00fan JCE\" data-src=\"https:\/\/almomento.net\/wp-content\/uploads\/2023\/10\/votando-e1696206469924.jpg\" alt=\"imagen\" data-toggle=\"\" data-title=\"Abinader gana primarias con casi 91%; obtuvo 879.458, seg\u00fan JCE\" src=\"data:image\/svg+xml;base64,PHN2ZyB3aWR0aD0iMSIgaGVpZ2h0PSIxIiB4bWxucz0iaHR0cDovL3d3dy53My5vcmcvMjAwMC9zdmciPjwvc3ZnPg==\" \/>SANTO DOMINGO.- El jefe de Estado dominicano, Luis Abinader, gan\u00f3 por un margen muy amplio, con casi el 91 % de los apoyos, las primarias celebradas este domingo por el gobernante Partido Revolucionario Moderno (PRM) y se convierte en el candidato de esa formaci\u00f3n para las elecciones presidenciales del 19 de mayo pr\u00f3ximo, seg\u00fan datos oficiales.<\/div>\n<p style=\"text-align: justify;\">Abinader obtuvo 879.458 apoyos (un 90.79 % del total), de acuerdo con los resultados de la Junta Central Electoral (JCE), organizadora de las primarias.<\/p>\n<p style=\"text-align: justify;\">Muy por detr\u00e1s de Abinader se ubican los otros precandidatos:\u00a0<strong>Guido G\u00f3mez Mazara, quien logra 53.904 votos (5,56 %); Ram\u00f3n Alburquerque 21.527 (2,22%) y Delia Ortiz 13.750 (1,42 %).<\/strong><\/p>\n<p style=\"text-align: justify;\">En un mensaje desde la Casa Nacional del PRM, en Santo Domingo, Abinader dijo que acepta \u00abcon humildad\u00bb el reto de presentarse nuevamente a los comicios presidenciales y destac\u00f3 \u00abla madurez institucional y c\u00edvica\u00bb demostrada por la militancia del partido gobernante en las primarias.<\/p>\n<p style=\"text-align: justify;\">El jefe de Estado felicit\u00f3 a los dem\u00e1s precandidatos, a los que invit\u00f3 a unirse \u00abcon sus ideas y liderazgos\u00bb a su proyecto pol\u00edtico, al tiempo que llam\u00f3 a la unidad para \u00abjuntos seguir construyendo una naci\u00f3n de la que todos podamos estar orgullosos, una naci\u00f3n que encarne los principios de integridad, de esfuerzo, democracia y desarrollo\u00bb.<\/p>\n<p style=\"text-align: justify;\">Destac\u00f3, adem\u00e1s, el hecho de que el PRM haya sido el \u00fanico partido dominicano que decidiera celebrar primarias para escoger a sus candidatos, \u00abponiendo el poder en manos de nuestros militantes\u00bb.<\/p>\n<p style=\"text-align: justify;\"><b>ABINADER, LEONEL Y ABEL EN LA CARRERA A LA PRESIDENCIA<\/b><\/p>\n<p style=\"text-align: justify;\">En las elecciones de mayo pr\u00f3ximo, Abinader se medir\u00e1 a los candidatos opositores el expresidente Leonel Fern\u00e1ndez, de la Fuerza del Pueblo, y Abel Mart\u00ednez, del Partido de la Liberaci\u00f3n Dominicana (PLD), a los que las encuestas independientes colocan muy por debajo del actual jefe de Estado, un economista de 56 a\u00f1os.<\/p>\n<p style=\"text-align: justify;\">Abinader se convierte oficialmente, tras las primarias, en el primer candidato a la presidencia del pa\u00eds, ya que los otros dos aspirantes deben ser ratificados por sus respectivos partidos, aunque se trata unicamente de actos protocolares.<\/p>\n<p style=\"text-align: justify;\">Aunque los sondeos dan una amplia ventaja a respecto a sus contrincantes, algunos apuntan a que ser\u00e1 necesaria una segunda vuelta en junio.<\/p>\n<p style=\"text-align: justify;\"><strong>CIVISMO Y ALTA PARTICIPACI\u00d3N<\/strong><\/p>\n<p style=\"text-align: justify;\">Hoy tras ocho horas de votaci\u00f3n, la direcci\u00f3n del PRM destac\u00f3 el \u00abcivismo\u00bb y la \u00abalta participaci\u00f3n\u00bb en las primarias, en las que esperaba que tomaran parte unos 300.000 afiliados, cerca del 10 por ciento de su padr\u00f3n, una cifra que al menos se duplic\u00f3, conforme a los datos proporcionadas por la JCE<\/p>\n<p style=\"text-align: justify;\">Adem\u00e1s de la candidatura presidencial, el PRM escogi\u00f3 hoy a los aspirantes a alcaldes de los municipios de Santo Domingo Oeste y Santo Domingo Este, dos de los principales del pa\u00eds, as\u00ed como a todos sus postulantes a los distritos municipales, los ediles y los vocales para los comicios locales del 18 de febrero pr\u00f3ximo.<\/p>\n<p style=\"text-align: justify;\">Los partidos tambi\u00e9n deben escoger para los comicios de mayo a los candidatos a senadores y diputados, incluidos los del exterior, muchos de los cuales ya han sido elegidos, mientras que el resto ser\u00e1 definido este mismo mes mediante otros m\u00e9todos aprobados para ello, como las encuestas y las aclamaciones directas. EFE<\/p>\n<p style=\"text-align: justify;\">Fuente: Al Momento RD<\/p>\n","protected":false},"excerpt":{"rendered":"<p>SANTO DOMINGO.- El jefe de Estado dominicano, Luis Abinader, gan\u00f3 por un margen muy amplio,<\/p>\n","protected":false},"author":1,"featured_media":0,"comment_status":"open","ping_status":"open","sticky":false,"template":"","format":"standard","meta":{"footnotes":""},"categories":[7,12],"tags":[],"class_list":["post-7254","post","type-post","status-publish","format-standard","hentry","category-nacionales","category-politicas"],"_links":{"self":[{"href":"https:\/\/defrentealaverdad.com\/index.php\/wp-json\/wp\/v2\/posts\/7254","targetHints":{"allow":["GET"]}}],"collection":[{"href":"https:\/\/defrentealaverdad.com\/index.php\/wp-json\/wp\/v2\/posts"}],"about":[{"href":"https:\/\/defrentealaverdad.com\/index.php\/wp-json\/wp\/v2\/types\/post"}],"author":[{"embeddable":true,"href":"https:\/\/defrentealaverdad.com\/index.php\/wp-json\/wp\/v2\/users\/1"}],"replies":[{"embeddable":true,"href":"https:\/\/defrentealaverdad.com\/index.php\/wp-json\/wp\/v2\/comments?post=7254"}],"version-history":[{"count":1,"href":"https:\/\/defrentealaverdad.com\/index.php\/wp-json\/wp\/v2\/posts\/7254\/revisions"}],"predecessor-version":[{"id":7255,"href":"https:\/\/defrentealaverdad.com\/index.php\/wp-json\/wp\/v2\/posts\/7254\/revisions\/7255"}],"wp:attachment":[{"href":"https:\/\/defrentealaverdad.com\/index.php\/wp-json\/wp\/v2\/media?parent=7254"}],"wp:term":[{"taxonomy":"category","embeddable":true,"href":"https:\/\/defrentealaverdad.com\/index.php\/wp-json\/wp\/v2\/categories?post=7254"},{"taxonomy":"post_tag","embeddable":true,"href":"https:\/\/defrentealaverdad.com\/index.php\/wp-json\/wp\/v2\/tags?post=7254"}],"curies":[{"name":"wp","href":"https:\/\/api.w.org\/{rel}","templated":true}]}}