{"id":7238,"date":"2023-10-01T22:40:35","date_gmt":"2023-10-01T22:40:35","guid":{"rendered":"https:\/\/defrentealaverdad.com\/?p=7238"},"modified":"2023-10-01T22:40:35","modified_gmt":"2023-10-01T22:40:35","slug":"florentino-coordina-con-sus-seguidores-respaldo-a-repostulacion-de-luis-abinader-en-primarias","status":"publish","type":"post","link":"https:\/\/defrentealaverdad.com\/index.php\/2023\/10\/01\/florentino-coordina-con-sus-seguidores-respaldo-a-repostulacion-de-luis-abinader-en-primarias\/","title":{"rendered":"Florentino coordina con sus seguidores respaldo a repostulaci\u00f3n de Luis Abinader en primarias"},"content":{"rendered":"<div class=\"separator\" style=\"text-align: justify;\"><a href=\"https:\/\/blogger.googleusercontent.com\/img\/b\/R29vZ2xl\/AVvXsEjCXq9lb8bhyaZltCegOjDZIBTNwRaJiiSCaFjFxJDzcyG3WXupd_yayRPsCp9NZHXGGI7BluxZbd2ns34zmk5KCYWMUhcvcyGUfjJefcNh2j68Nfm8PGxnXnNWVlCL3YP0Jfv0a_VjQWay3NaBMQxpNgBrUUgfnXAqSf2QGx7AQc2BYUsLNNKXNaahIRyr\/s1040\/IMG-20230930-WA0050.jpg\"><img decoding=\"async\" class=\"alignright lazyload\" data-src=\"https:\/\/blogger.googleusercontent.com\/img\/b\/R29vZ2xl\/AVvXsEjCXq9lb8bhyaZltCegOjDZIBTNwRaJiiSCaFjFxJDzcyG3WXupd_yayRPsCp9NZHXGGI7BluxZbd2ns34zmk5KCYWMUhcvcyGUfjJefcNh2j68Nfm8PGxnXnNWVlCL3YP0Jfv0a_VjQWay3NaBMQxpNgBrUUgfnXAqSf2QGx7AQc2BYUsLNNKXNaahIRyr\/s320\/IMG-20230930-WA0050.jpg\" width=\"320\" height=\"240\" border=\"0\" data-original-height=\"780\" data-original-width=\"1040\" src=\"data:image\/svg+xml;base64,PHN2ZyB3aWR0aD0iMSIgaGVpZ2h0PSIxIiB4bWxucz0iaHR0cDovL3d3dy53My5vcmcvMjAwMC9zdmciPjwvc3ZnPg==\" style=\"--smush-placeholder-width: 320px; --smush-placeholder-aspect-ratio: 320\/240;\" \/><\/a><\/div>\n<p style=\"text-align: justify;\">Santo Domingo (RD).- La presidenta del Movimiento Lily Florentino con Luis 24 reuni\u00f3 a decenas de integrantes de la entidad para coordinar las acciones ejecutar para que el precandidato Luis Abinader gane la candidatura a la repostulaci\u00f3n por el Partido Revolucionario Moderno (PRM) para las elecciones de 2024.<\/p>\n<p>Lily Florentino explic\u00f3 que en el encuentro acordaron que los integrantes del movimiento garanticen la concurrencia masiva de los perreme\u00edstas a las primarias que realizar\u00e1 este domingo el partido oficialista para escoger su candidato presidencial.<\/p>\n<p>Indic\u00f3 que se identific\u00f3 los recintos en los cuales les corresponde ejercer el sufragio a los militantes de esa corriente a los fines de que Luis Abinader obtenga el triunfo en la contienda interna y lleve otra vez al PRM a ganar las elecciones presidenciales en 2024 siendo su candidato.<\/p>\n<p>La asamblea se realiz\u00f3 en la circunscripci\u00f3n tres del Distrito Nacional y de la misma participaron decenas de dirigentes del movimiento, quienes votaran porque mandatario se presente a la repostulaci\u00f3n.<\/p>\n<p style=\"text-align: justify;\">\n<p style=\"text-align: justify;\">Fuente: Informaciones a Nivel<\/p>\n","protected":false},"excerpt":{"rendered":"<p>Santo Domingo (RD).- La presidenta del Movimiento Lily Florentino con Luis 24 reuni\u00f3 a decenas<\/p>\n","protected":false},"author":1,"featured_media":0,"comment_status":"open","ping_status":"open","sticky":false,"template":"","format":"standard","meta":{"footnotes":""},"categories":[7],"tags":[],"class_list":["post-7238","post","type-post","status-publish","format-standard","hentry","category-nacionales"],"_links":{"self":[{"href":"https:\/\/defrentealaverdad.com\/index.php\/wp-json\/wp\/v2\/posts\/7238","targetHints":{"allow":["GET"]}}],"collection":[{"href":"https:\/\/defrentealaverdad.com\/index.php\/wp-json\/wp\/v2\/posts"}],"about":[{"href":"https:\/\/defrentealaverdad.com\/index.php\/wp-json\/wp\/v2\/types\/post"}],"author":[{"embeddable":true,"href":"https:\/\/defrentealaverdad.com\/index.php\/wp-json\/wp\/v2\/users\/1"}],"replies":[{"embeddable":true,"href":"https:\/\/defrentealaverdad.com\/index.php\/wp-json\/wp\/v2\/comments?post=7238"}],"version-history":[{"count":1,"href":"https:\/\/defrentealaverdad.com\/index.php\/wp-json\/wp\/v2\/posts\/7238\/revisions"}],"predecessor-version":[{"id":7239,"href":"https:\/\/defrentealaverdad.com\/index.php\/wp-json\/wp\/v2\/posts\/7238\/revisions\/7239"}],"wp:attachment":[{"href":"https:\/\/defrentealaverdad.com\/index.php\/wp-json\/wp\/v2\/media?parent=7238"}],"wp:term":[{"taxonomy":"category","embeddable":true,"href":"https:\/\/defrentealaverdad.com\/index.php\/wp-json\/wp\/v2\/categories?post=7238"},{"taxonomy":"post_tag","embeddable":true,"href":"https:\/\/defrentealaverdad.com\/index.php\/wp-json\/wp\/v2\/tags?post=7238"}],"curies":[{"name":"wp","href":"https:\/\/api.w.org\/{rel}","templated":true}]}}