{"id":7138,"date":"2023-09-28T03:32:29","date_gmt":"2023-09-28T03:32:29","guid":{"rendered":"https:\/\/defrentealaverdad.com\/?p=7138"},"modified":"2023-09-29T03:33:48","modified_gmt":"2023-09-29T03:33:48","slug":"directo-al-show-fin-de-semana-inicia-rompiendo-en-su-primera-transmision","status":"publish","type":"post","link":"https:\/\/defrentealaverdad.com\/index.php\/2023\/09\/28\/directo-al-show-fin-de-semana-inicia-rompiendo-en-su-primera-transmision\/","title":{"rendered":"Directo al Show Fin de Semana inicia rompiendo en su primera transmisi\u00f3n"},"content":{"rendered":"<blockquote>\n<p style=\"text-align: center;\">El nuevo show recibi\u00f3 en su staff a la more Amelia Alc\u00e1ntara y al comunicador Jaime Rinc\u00f3n.<\/p>\n<\/blockquote>\n<p style=\"text-align: justify;\">SANTO DOMINGO. &#8211; El programa \u201cDirecto al Show Fin de Semana\u201d ya est\u00e1 en el aire y ha iniciado rompiendo con un elenco de primera que llenar\u00e1 de informaci\u00f3n, entretenimiento, elegancia y mucha profesionalidad las noches de viernes a domingo a las 9:00 pm por Digital 15 y Telemicro Internacional.<\/p>\n<p style=\"text-align: justify;\">En esta primera entrega fue anunciada oficialmente la entrada de Amelia Alc\u00e1ntara al show, quien junto a Sandra Berrocal, Ana Carolina, Letty Ullola (DJ Mariposa) y la novel talento Genesis Escorihuela y Jaime Rinc\u00f3n estar\u00e1n acompa\u00f1ando a Wilson Sued para debatir temas de inter\u00e9s social y de la far\u00e1ndula.<\/p>\n<p style=\"text-align: justify;\"><img decoding=\"async\" class=\"size-medium wp-image-7139 alignright lazyload\" data-src=\"https:\/\/defrentealaverdad.com\/wp-content\/uploads\/2023\/09\/WhatsApp-Image-2023-09-28-at-10.27.39-1-300x225.jpeg\" alt=\"\" width=\"300\" height=\"225\" data-srcset=\"https:\/\/defrentealaverdad.com\/wp-content\/uploads\/2023\/09\/WhatsApp-Image-2023-09-28-at-10.27.39-1-300x225.jpeg 300w, https:\/\/defrentealaverdad.com\/wp-content\/uploads\/2023\/09\/WhatsApp-Image-2023-09-28-at-10.27.39-1-1024x768.jpeg 1024w, https:\/\/defrentealaverdad.com\/wp-content\/uploads\/2023\/09\/WhatsApp-Image-2023-09-28-at-10.27.39-1-768x576.jpeg 768w, https:\/\/defrentealaverdad.com\/wp-content\/uploads\/2023\/09\/WhatsApp-Image-2023-09-28-at-10.27.39-1-1536x1152.jpeg 1536w, https:\/\/defrentealaverdad.com\/wp-content\/uploads\/2023\/09\/WhatsApp-Image-2023-09-28-at-10.27.39-1-720x540.jpeg 720w, https:\/\/defrentealaverdad.com\/wp-content\/uploads\/2023\/09\/WhatsApp-Image-2023-09-28-at-10.27.39-1.jpeg 1600w\" data-sizes=\"(max-width: 300px) 100vw, 300px\" src=\"data:image\/svg+xml;base64,PHN2ZyB3aWR0aD0iMSIgaGVpZ2h0PSIxIiB4bWxucz0iaHR0cDovL3d3dy53My5vcmcvMjAwMC9zdmciPjwvc3ZnPg==\" style=\"--smush-placeholder-width: 300px; --smush-placeholder-aspect-ratio: 300\/225;\" \/><\/p>\n<p style=\"text-align: justify;\">\u201cEstar en esta planta televisora es un sue\u00f1o que inici\u00f3 casi 24 a\u00f1os ya, y desde enero estamos transmitiendo nuestros programas siendo parte de Telemicro como socio de contenido. Todo este boom que ustedes est\u00e1 viendo es un tema de creatividad, conexi\u00f3n, ayuda y porque no decir que poco o mucho inversi\u00f3n\u201d, dijo Sued en su intervenci\u00f3n agradecido por los resultados que en estas dos d\u00e9cadas de trabajo ha podido visualizar.<\/p>\n<p style=\"text-align: justify;\">El nuevo producto de 2D2 Creativos tambi\u00e9n estren\u00f3 el segmento \u201cFuera del Closued\u201d, teniendo como invitado al controversial DJ Shakirax, quien dio fuertes declaraciones.<\/p>\n<p style=\"text-align: justify;\">Un moderno estudio con mesa 360, acoger\u00e1 a los invitados que ser\u00e1n entrevistados por los talentos desde las estudios del Grupo de Medios Telemicro en Santo Domingo.<\/p>\n<p style=\"text-align: justify;\">En solo tres d\u00edas esta propuesta se convirti\u00f3 en un toque de queda que mantendr\u00e1 al p\u00fablico cada fin de semana pegado a sus televisores, disfrutando de un contenido refrescante e innovador.<\/p>\n<p style=\"text-align: justify;\">Los primeros programas de \u201cDirecto al Show Fin de Semana\u201d, ya est\u00e1n disponible a trav\u00e9s de su canal oficial en YouTube, y tambi\u00e9n puedes seguirlos por las redes sociales como @directoalshowfs.<\/p>\n<p style=\"text-align: justify;\">Fuente: Directo al Show Fin de Semana<\/p>\n","protected":false},"excerpt":{"rendered":"<p>El nuevo show recibi\u00f3 en su staff a la more Amelia Alc\u00e1ntara y al comunicador<\/p>\n","protected":false},"author":4,"featured_media":0,"comment_status":"open","ping_status":"open","sticky":false,"template":"","format":"standard","meta":{"footnotes":""},"categories":[6,7],"tags":[],"class_list":["post-7138","post","type-post","status-publish","format-standard","hentry","category-espectaculos","category-nacionales"],"_links":{"self":[{"href":"https:\/\/defrentealaverdad.com\/index.php\/wp-json\/wp\/v2\/posts\/7138","targetHints":{"allow":["GET"]}}],"collection":[{"href":"https:\/\/defrentealaverdad.com\/index.php\/wp-json\/wp\/v2\/posts"}],"about":[{"href":"https:\/\/defrentealaverdad.com\/index.php\/wp-json\/wp\/v2\/types\/post"}],"author":[{"embeddable":true,"href":"https:\/\/defrentealaverdad.com\/index.php\/wp-json\/wp\/v2\/users\/4"}],"replies":[{"embeddable":true,"href":"https:\/\/defrentealaverdad.com\/index.php\/wp-json\/wp\/v2\/comments?post=7138"}],"version-history":[{"count":1,"href":"https:\/\/defrentealaverdad.com\/index.php\/wp-json\/wp\/v2\/posts\/7138\/revisions"}],"predecessor-version":[{"id":7140,"href":"https:\/\/defrentealaverdad.com\/index.php\/wp-json\/wp\/v2\/posts\/7138\/revisions\/7140"}],"wp:attachment":[{"href":"https:\/\/defrentealaverdad.com\/index.php\/wp-json\/wp\/v2\/media?parent=7138"}],"wp:term":[{"taxonomy":"category","embeddable":true,"href":"https:\/\/defrentealaverdad.com\/index.php\/wp-json\/wp\/v2\/categories?post=7138"},{"taxonomy":"post_tag","embeddable":true,"href":"https:\/\/defrentealaverdad.com\/index.php\/wp-json\/wp\/v2\/tags?post=7138"}],"curies":[{"name":"wp","href":"https:\/\/api.w.org\/{rel}","templated":true}]}}