{"id":7134,"date":"2023-09-28T03:25:25","date_gmt":"2023-09-28T03:25:25","guid":{"rendered":"https:\/\/defrentealaverdad.com\/?p=7134"},"modified":"2023-09-29T03:26:49","modified_gmt":"2023-09-29T03:26:49","slug":"ulises-rodriguez-es-declarado-funcionario-del-mes-por-portal-nuestras-instituciones-publicas","status":"publish","type":"post","link":"https:\/\/defrentealaverdad.com\/index.php\/2023\/09\/28\/ulises-rodriguez-es-declarado-funcionario-del-mes-por-portal-nuestras-instituciones-publicas\/","title":{"rendered":"Ulises Rodr\u00edguez es declarado funcionario del mes por Portal Nuestras Instituciones P\u00fablicas"},"content":{"rendered":"<div class=\"separator\"><a href=\"https:\/\/blogger.googleusercontent.com\/img\/b\/R29vZ2xl\/AVvXsEj1xIXJE2CpkZckbM7h4olSQ1_IY0lRl9aPNakiu3fAOua0m4OEzy7mE9_B5ZG_3cFN66Y4rGdQ4wJG8t916VndhJV21jhm3Etfkr4EcbYLOPS6-cToyCpJd-MOKl0WXqP8oa7Vcb63KM7nas9EiXu1qq6zqpEFac7s6DFPAKxpQUhL2ruHTpfWoGaVRi2a\/s1600\/WhatsApp%20Image%202023-09-28%20at%202.42.44%20PM.jpeg\"><img decoding=\"async\" class=\"lazy-yard alignright lazyload\" data-src=\"https:\/\/blogger.googleusercontent.com\/img\/b\/R29vZ2xl\/AVvXsEj1xIXJE2CpkZckbM7h4olSQ1_IY0lRl9aPNakiu3fAOua0m4OEzy7mE9_B5ZG_3cFN66Y4rGdQ4wJG8t916VndhJV21jhm3Etfkr4EcbYLOPS6-cToyCpJd-MOKl0WXqP8oa7Vcb63KM7nas9EiXu1qq6zqpEFac7s6DFPAKxpQUhL2ruHTpfWoGaVRi2a\/s320\/WhatsApp%20Image%202023-09-28%20at%202.42.44%20PM.jpeg=w352-h233-p-k-no-nu\" width=\"320\" height=\"213\" border=\"0\" data-original-height=\"1063\" data-original-width=\"1600\" src=\"data:image\/svg+xml;base64,PHN2ZyB3aWR0aD0iMSIgaGVpZ2h0PSIxIiB4bWxucz0iaHR0cDovL3d3dy53My5vcmcvMjAwMC9zdmciPjwvc3ZnPg==\" style=\"--smush-placeholder-width: 320px; --smush-placeholder-aspect-ratio: 320\/213;\" \/><\/a><\/div>\n<p style=\"text-align: justify;\">Santo Domingo. &#8211; El director general del Centro de Desarrollo y Competitividad Industrial (Proindustria), Ulises Rodr\u00edguez, fue escogido por el portal Nuestras Instituciones P\u00fablicas como el funcionario p\u00fablico del mes de agosto por las destacadas acciones que realiz\u00f3 al frente de la entidad que dirige.<\/p>\n<p style=\"text-align: justify;\">Entre las iniciativas\u00a0 para lograr dicha distinci\u00f3n se destacan que Proindustria se mantuvo durante todo el mes de agosto, trabajando en el desarrollo y promoci\u00f3n de proyectos industriales que generen empleos y contribuyan al crecimiento econ\u00f3mico.<\/p>\n<p style=\"text-align: justify;\">La instituci\u00f3n ha estado dando asistencia t\u00e9cnica y financiera a empresas que buscan establecerse o expandirse en el pa\u00eds.<\/p>\n<p style=\"text-align: justify;\">Proindustria trabaj\u00f3 en agosto en la implementaci\u00f3n de programas y estrategias destinados a mejorar la competitividad de las empresas locales. Esto puede incluir la capacitaci\u00f3n en mejores pr\u00e1cticas de gesti\u00f3n, adopci\u00f3n de tecnolog\u00edas avanzadas y mejora de la calidad de los productos.<\/p>\n<p style=\"text-align: justify;\">Adem\u00e1s de lo anterior, en agosto Proindustria ha\u00a0 promovido la innovaci\u00f3n y la adopci\u00f3n de tecnolog\u00eda en el sector industrial. Se incluye tambi\u00e9n la colaboraci\u00f3n con centros de investigaci\u00f3n, introducci\u00f3n de tecnolog\u00edas de vanguardia en la producci\u00f3n y el apoyo a empresas que buscan desarrollar productos m\u00e1s avanzados y tiene un enfoque al apoyo de las peque\u00f1as y medianas industrias para ayudarlas a crecer.<\/p>\n<p style=\"text-align: justify;\">Junto con el Instituto Nacional de Formaci\u00f3n T\u00e9cnico Profesional (INFOTEP) y con el Instituto Tecnol\u00f3gico de las Am\u00e9ricas (ITLA), la instituci\u00f3n que dirige Ulises Rodr\u00edguez dijo el pasado mes que mantiene una capacitaci\u00f3n constante.<\/p>\n<p style=\"text-align: justify;\">En lo que va de este a\u00f1o 2023 se han realizado 400 capacitaciones de apoyo a la industria y a los emprendedores. La entidad tiene un \u00e1rea llamada Servicio de Apoyo a la Industria.<\/p>\n<p style=\"text-align: justify;\">En agosto, el presidente de la Rep\u00fablica Luis Abinader encabez\u00f3 la inauguraci\u00f3n de las obras de ampliaci\u00f3n y mejora de las instalaciones del parque industrial de esta localidad, con una inversi\u00f3n de 216 millones de pesos.\u00a0 Las nuevas edificaciones consisten en dos naves de zonas francas y la ampliaci\u00f3n de otras tres, lo que significa la incorporaci\u00f3n estimada de 750 nuevos puestos de trabajo que impactar\u00e1n positivamente mejorando la calidad de vida a cientos de familias residentes en esta provincia y zonas aleda\u00f1as.\u00a0 El licenciado Ulises Rodr\u00edguez, director general del Centro de Desarrollo y Competitividad Industrial (PROINDUSTRIA), destac\u00f3 en su discurso, el especial empe\u00f1o que desde su llegada al gobierno, ha mostrado el presidente Luis Abinader por el rescate de las zonas francas, una sector que afirm\u00f3 estaba abandonado, descuidado y arruinado.<\/p>\n<p style=\"text-align: justify;\">Finalmente, en agosto y dando cumplimiento al periodo de renovaci\u00f3n de las declaratorias institucionales del compromiso de las m\u00e1ximas autoridades de la administraci\u00f3n p\u00fablica, Ulises Rodr\u00edguez, director general del Centro de Desarrollo y Competitividad Industrial (Proindustria), encabez\u00f3 el acto de firma de la Carta Compromiso con la transparencia, la \u00e9tica y la integridad gubernamental.<\/p>\n<p style=\"text-align: justify;\">El portal Nuestras Instituciones P\u00fablicas que hizo la selecci\u00f3n de Ulises Rodr\u00edguez como funcionario p\u00fablico del mes de agosto, entrega cada mes este reconocimiento, luego de que la compa\u00f1\u00eda Dominicana Investiga eval\u00faa las acciones de los funcionarios p\u00fablicos durante 30 d\u00edas, donde tambi\u00e9n se consultan a expertos para garantizar que cada entrega del funcionario p\u00fablico del mes sea la decisi\u00f3n m\u00e1s justa.<\/p>\n<p style=\"text-align: justify;\">La plataforma digital que es la primera del pa\u00eds en destacar las acciones positivas y las que se deben mejorar en las instituciones del Estado dominicano.<\/p>\n<p style=\"text-align: justify;\">\n<p style=\"text-align: justify;\">Fuente: Portal Nuestras Instituciones P\u00fablicas<\/p>\n","protected":false},"excerpt":{"rendered":"<p>Santo Domingo. &#8211; El director general del Centro de Desarrollo y Competitividad Industrial (Proindustria), Ulises<\/p>\n","protected":false},"author":1,"featured_media":0,"comment_status":"open","ping_status":"open","sticky":false,"template":"","format":"standard","meta":{"footnotes":""},"categories":[7],"tags":[],"class_list":["post-7134","post","type-post","status-publish","format-standard","hentry","category-nacionales"],"_links":{"self":[{"href":"https:\/\/defrentealaverdad.com\/index.php\/wp-json\/wp\/v2\/posts\/7134","targetHints":{"allow":["GET"]}}],"collection":[{"href":"https:\/\/defrentealaverdad.com\/index.php\/wp-json\/wp\/v2\/posts"}],"about":[{"href":"https:\/\/defrentealaverdad.com\/index.php\/wp-json\/wp\/v2\/types\/post"}],"author":[{"embeddable":true,"href":"https:\/\/defrentealaverdad.com\/index.php\/wp-json\/wp\/v2\/users\/1"}],"replies":[{"embeddable":true,"href":"https:\/\/defrentealaverdad.com\/index.php\/wp-json\/wp\/v2\/comments?post=7134"}],"version-history":[{"count":1,"href":"https:\/\/defrentealaverdad.com\/index.php\/wp-json\/wp\/v2\/posts\/7134\/revisions"}],"predecessor-version":[{"id":7135,"href":"https:\/\/defrentealaverdad.com\/index.php\/wp-json\/wp\/v2\/posts\/7134\/revisions\/7135"}],"wp:attachment":[{"href":"https:\/\/defrentealaverdad.com\/index.php\/wp-json\/wp\/v2\/media?parent=7134"}],"wp:term":[{"taxonomy":"category","embeddable":true,"href":"https:\/\/defrentealaverdad.com\/index.php\/wp-json\/wp\/v2\/categories?post=7134"},{"taxonomy":"post_tag","embeddable":true,"href":"https:\/\/defrentealaverdad.com\/index.php\/wp-json\/wp\/v2\/tags?post=7134"}],"curies":[{"name":"wp","href":"https:\/\/api.w.org\/{rel}","templated":true}]}}