{"id":7129,"date":"2023-09-28T02:58:20","date_gmt":"2023-09-28T02:58:20","guid":{"rendered":"https:\/\/defrentealaverdad.com\/?p=7129"},"modified":"2023-09-29T03:01:09","modified_gmt":"2023-09-29T03:01:09","slug":"marranzini-sugiere-que-a-punta-catalina-maneje-sector-privado","status":"publish","type":"post","link":"https:\/\/defrentealaverdad.com\/index.php\/2023\/09\/28\/marranzini-sugiere-que-a-punta-catalina-maneje-sector-privado\/","title":{"rendered":"Marranzini sugiere que a Punta Catalina maneje sector privado"},"content":{"rendered":"<p><img decoding=\"async\" class=\"alignright lazyload\" data-src=\"https:\/\/lalupadelsur.com\/wp-content\/uploads\/2023\/09\/celso-catalina-750x375.jpg\" alt=\"Marranzini sugiere que a Punta Catalina maneje sector privado\" width=\"612\" height=\"306\" src=\"data:image\/svg+xml;base64,PHN2ZyB3aWR0aD0iMSIgaGVpZ2h0PSIxIiB4bWxucz0iaHR0cDovL3d3dy53My5vcmcvMjAwMC9zdmciPjwvc3ZnPg==\" style=\"--smush-placeholder-width: 612px; --smush-placeholder-aspect-ratio: 612\/306;\" \/><\/p>\n<p style=\"text-align: justify;\">Rep\u00fablica Dominicana \u00abnunca resolver\u00e1\u00bb el problema el\u00e9ctrico, en tanto el sector pol\u00edtico lo maneje, ya que constituye una \u00abretranca\u00bb para cambio de personal directivo y t\u00e9cnico cada cuatro a\u00f1os, es decir, cada vez que hay un cambio de gobierno en el pa\u00eds de un partido diferente al que dirige los destinos nacionales.<span id=\"more-44407\"><\/span><\/p>\n<p style=\"text-align: justify;\">Esa afirmaci\u00f3n la hace Celso Marranzini, vicepresidente ejecutivo de la Empresa de Generaci\u00f3n El\u00e9ctrica Punta Catalina (EGEPC), pues considera que resultar\u00eda necesario garantizar un operador a largo plazo para evitar cambios bruscos.<\/p>\n<p style=\"text-align: justify;\">Adem\u00e1s del aspecto pol\u00edtico, Marranzini suma otros dos problemas: las cenizas de la Central Termoel\u00e9ctrica Punta Catalina y que se logre blindarla para que ning\u00fan pol\u00edtico disponga sobre su manejo a su antojo.<\/p>\n<p style=\"text-align: justify;\">Propuso convocar una licitaci\u00f3n para contratar a una empresa que debe \u00abencargue\u00bb de operarla y mantener a Punta Catalina por un per\u00edodo de tiempo de 15 a 20 a\u00f1os, tras valorar su efectividad y eficiencia.<\/p>\n<p style=\"text-align: justify;\">\u201cEste a\u00f1o, de terminar de acuerdo a lo previsto, Punta Catalina ser\u00e1 el contribuyente m\u00e1s grande de la Direcci\u00f3n General de Impuestos Internos (DGII), pagando alrededor de 67 millones de d\u00f3lares\u201d, afirm\u00f3.<\/p>\n<p style=\"text-align: justify;\">Adem\u00e1s, revel\u00f3 que pagaron al Ministerio de Hacienda unos 200 millones de d\u00f3lares, de un pr\u00e9stamo que encontraron por valor de 630 millones d\u00f3lares.<\/p>\n<p style=\"text-align: justify;\">\u201cEn general, me siento extremadamente orgulloso del equipo de mujeres y hombres que me acompa\u00f1a\u201d, dijo, al tiempo precisar que la planta no recibe subsidio del Estado.<\/p>\n<p style=\"text-align: justify;\">Afirm\u00f3 que Punta Catalina es la principal planta de generaci\u00f3n de energ\u00eda en Rep\u00fablica Dominicana, ya que aporta el 21.7%, la facturaci\u00f3n pas\u00f3 de 379 millones de d\u00f3lares en 2020 a 801 millones de d\u00f3lares, el a\u00f1o pasado, mientras que de enero a agosto de este a\u00f1o, han facturado 429 millones de d\u00f3lares.<\/p>\n<p style=\"text-align: justify;\">Precis\u00f3 que las proyecciones es alcanzar 2,152 millones de dolares, adem\u00e1s, inform\u00f3 que en 2022 compraron carb\u00f3n (materia prima para producir energ\u00eda) por debajo del precio en el mercado internacional, lo que implic\u00f3 un ahorro de 125 millones de d\u00f3lares.<\/p>\n<p style=\"text-align: justify;\"><strong>Precio era inferior al que se pag\u00f3<\/strong><br \/>\nSobre cuestionamientos al costo de la planta, dijo que ciertamente, seg\u00fan una comisi\u00f3n especial que se design\u00f3 con ese objetivo, determin\u00f3 que el precio real era inferior al que se pag\u00f3.<\/p>\n<p style=\"text-align: justify;\">Explic\u00f3 que Punta Catalina debi\u00f3 costar 1,945 millones de d\u00f3lares y se pag\u00f3 por ella 2,700 millones de d\u00f3lares, pero entiende que lo importante ahora es que se obtienen los beneficios para el que se concibi\u00f3 y que est\u00e1 opera en \u00f3ptimas condiciones.<\/p>\n<p style=\"text-align: justify;\">\u201cLa planta es una herencia del pueblo dominicano. La pagamos todos con nuestros impuestos\u201d, observ\u00f3.<\/p>\n<p style=\"text-align: justify;\"><strong>No fue para privatizarla<\/strong><br \/>\nAunque plantea convocar una licitaci\u00f3n para que una empresa privada maneje a Punta Catalina por d\u00e9cada y media o dos, Marranzini, rechaz\u00f3, asimismo que su signaci\u00f3n fue para privatizar a Punta Catalina.<\/p>\n<p style=\"text-align: justify;\">\u201cLa ley es clara y establece que esta empresa es propiedad exclusiva del Estado dominicano y que para poder hacer cualquier cosa hay que ir al Congreso Nacional para modificar la legislaci\u00f3n\u201d, record\u00f3.<\/p>\n<p style=\"text-align: justify;\">Incluso, se\u00f1ala que para tomar un financiamiento que implique ampliar el parque energ\u00e9tio, es preciso que lo apruebe el cuerpo legislativo. \u201cEl mito de que se va a vender, a privatizar, porque yo est\u00e9 ah\u00ed no es real. Pueden tener la seguridad de que no ser\u00e1 as\u00ed\u201d, acot\u00f3.<\/p>\n<p style=\"text-align: justify;\">Afirm\u00f3, adem\u00e1s, que su convicci\u00f3n, cien por ciento, es de que Punta Catalina se \u00abmantenga siempre\u00bb en manos del Estado dominicano.<\/p>\n<p style=\"text-align: justify;\"><strong>Responsabilidad social<\/strong><br \/>\nCon relaci\u00f3n a su responsabilidad social de la empresa, dijo que realizan obras de bien com\u00fan: apoyo a iglesias, bomberos y otras instituciones, por lo que tienen presencia en todas las actividades de las \u00e1reas circundantes.<\/p>\n<p style=\"text-align: justify;\"><strong>D\u00f3nde est\u00e1 ubicada<\/strong><br \/>\nLa Central Termoel\u00e9ctrica Punta Catalina, el mayor complejo el\u00e9ctrico del pa\u00eds, se ubica est\u00e1 localizada en el distrito municipal de Catalina, paraje La Noria, Provincia Peravia.<\/p>\n<p style=\"text-align: justify;\">Genera energ\u00eda a partir de la quema limpia de carb\u00f3n mineral pulverizado.<\/p>\n<p style=\"text-align: justify;\">Incluye todas las instalaciones de apoyo: muelle carbonero con capacidad m\u00e1xima de 80,000 toneladas, sistema de descarga y almacenamiento de carb\u00f3n completamente cerrados, dep\u00f3sito de cenizas, almac\u00e9n central para repuestos, planta de producci\u00f3n de agua y planta de tratamiento de aguas residuales.<\/p>\n<p>&nbsp;<\/p>\n<p>Fuente: La Lupa del Sur<\/p>\n","protected":false},"excerpt":{"rendered":"<p>Rep\u00fablica Dominicana \u00abnunca resolver\u00e1\u00bb el problema el\u00e9ctrico, en tanto el sector pol\u00edtico lo maneje, ya<\/p>\n","protected":false},"author":1,"featured_media":0,"comment_status":"open","ping_status":"open","sticky":false,"template":"","format":"standard","meta":{"footnotes":""},"categories":[7],"tags":[],"class_list":["post-7129","post","type-post","status-publish","format-standard","hentry","category-nacionales"],"_links":{"self":[{"href":"https:\/\/defrentealaverdad.com\/index.php\/wp-json\/wp\/v2\/posts\/7129","targetHints":{"allow":["GET"]}}],"collection":[{"href":"https:\/\/defrentealaverdad.com\/index.php\/wp-json\/wp\/v2\/posts"}],"about":[{"href":"https:\/\/defrentealaverdad.com\/index.php\/wp-json\/wp\/v2\/types\/post"}],"author":[{"embeddable":true,"href":"https:\/\/defrentealaverdad.com\/index.php\/wp-json\/wp\/v2\/users\/1"}],"replies":[{"embeddable":true,"href":"https:\/\/defrentealaverdad.com\/index.php\/wp-json\/wp\/v2\/comments?post=7129"}],"version-history":[{"count":2,"href":"https:\/\/defrentealaverdad.com\/index.php\/wp-json\/wp\/v2\/posts\/7129\/revisions"}],"predecessor-version":[{"id":7131,"href":"https:\/\/defrentealaverdad.com\/index.php\/wp-json\/wp\/v2\/posts\/7129\/revisions\/7131"}],"wp:attachment":[{"href":"https:\/\/defrentealaverdad.com\/index.php\/wp-json\/wp\/v2\/media?parent=7129"}],"wp:term":[{"taxonomy":"category","embeddable":true,"href":"https:\/\/defrentealaverdad.com\/index.php\/wp-json\/wp\/v2\/categories?post=7129"},{"taxonomy":"post_tag","embeddable":true,"href":"https:\/\/defrentealaverdad.com\/index.php\/wp-json\/wp\/v2\/tags?post=7129"}],"curies":[{"name":"wp","href":"https:\/\/api.w.org\/{rel}","templated":true}]}}