{"id":7125,"date":"2023-09-28T02:55:51","date_gmt":"2023-09-28T02:55:51","guid":{"rendered":"https:\/\/defrentealaverdad.com\/?p=7125"},"modified":"2023-09-29T02:57:43","modified_gmt":"2023-09-29T02:57:43","slug":"autismo-sin-fronteras-y-conadis-realizan-jornada-de-certificacion","status":"publish","type":"post","link":"https:\/\/defrentealaverdad.com\/index.php\/2023\/09\/28\/autismo-sin-fronteras-y-conadis-realizan-jornada-de-certificacion\/","title":{"rendered":"Autismo sin Fronteras y Conadis realizan jornada de certificaci\u00f3n."},"content":{"rendered":"<p style=\"text-align: justify;\"><img decoding=\"async\" class=\"size-medium wp-image-7126 alignright lazyload\" data-src=\"https:\/\/defrentealaverdad.com\/wp-content\/uploads\/2023\/09\/WhatsApp-Image-2023-09-27-at-22.23.22-300x200.jpeg\" alt=\"\" width=\"300\" height=\"200\" data-srcset=\"https:\/\/defrentealaverdad.com\/wp-content\/uploads\/2023\/09\/WhatsApp-Image-2023-09-27-at-22.23.22-300x200.jpeg 300w, https:\/\/defrentealaverdad.com\/wp-content\/uploads\/2023\/09\/WhatsApp-Image-2023-09-27-at-22.23.22-1024x682.jpeg 1024w, https:\/\/defrentealaverdad.com\/wp-content\/uploads\/2023\/09\/WhatsApp-Image-2023-09-27-at-22.23.22-768x512.jpeg 768w, https:\/\/defrentealaverdad.com\/wp-content\/uploads\/2023\/09\/WhatsApp-Image-2023-09-27-at-22.23.22.jpeg 1280w\" data-sizes=\"(max-width: 300px) 100vw, 300px\" src=\"data:image\/svg+xml;base64,PHN2ZyB3aWR0aD0iMSIgaGVpZ2h0PSIxIiB4bWxucz0iaHR0cDovL3d3dy53My5vcmcvMjAwMC9zdmciPjwvc3ZnPg==\" style=\"--smush-placeholder-width: 300px; --smush-placeholder-aspect-ratio: 300\/200;\" \/>La Fundaci\u00f3n Autismo sin Fronteras realiz\u00f3 en su sede central de b\u00e1varo punta cana junto a las autoridades del Consejo Nacional de Discapacidad (Conadis) una jornada de certificaci\u00f3n para beneficiar a personas con diferentes condiciones de discapacidad pertenecientes a la fundaci\u00f3n y a toda la poblaci\u00f3n de esa localidad.<\/p>\n<p>La Jornada inici\u00f3 a las 9 de la ma\u00f1ana hasta las 3 de la tarde con un registro de 72 personas de las cuales fueron favorecidas 55, las dem\u00e1s quedaron pendientes para una pr\u00f3xima jornada ya que ten\u00edan los requisitos incompletos, la fundaci\u00f3n cont\u00f3 con el apoyo en cuanto a la organizaci\u00f3n, sillas, carpa, refrigerio y personal de soporte del ayuntamiento municipal Ver\u00f3n Punta Cana y su Alcalde Lic. Ram\u00f3n Ram\u00edrez (Manolito), quien siempre dice presente para colaborar a las actividades desarrolladas por Autismo sin Fronteras.<\/p>\n<p>Candy Dur\u00e1n encargada del departamento de servicios de personas con discapacidad del Conadis, en donde se encuentra la divisi\u00f3n de valoraci\u00f3n y certificaci\u00f3n, expres\u00f3 la importancia que tiene dicha certificaci\u00f3n ya que es un documento legal que acredita la condici\u00f3n de discapacidad de las personas y es la puerta de entrada a diferentes beneficios y servicios existentes para esta poblaci\u00f3n, adem\u00e1s de que es el primer registro administrativo que se cuenta a nivel nacional y permite a las instituciones explotar esta base de datos para creaci\u00f3n de pol\u00edticas p\u00fablicas que realmente logre la inclusi\u00f3n de las personas con discapacidades en igualdad de condiciones en la sociedad.<\/p>\n<p>\u201cNosotros como actualmente solo estamos en la oficina central ubicada en santo domingo hemos implementado las jornadas de certificaci\u00f3n para poder llevar el servicio a nivel territorial principalmente a asociaciones, fundaciones y entidades que trabajen directamente con personas con discapacidad para que puedan ellos recibir el certificado y poder incluirse en estos subsidios, en estos beneficios existentes, dentro de las que est\u00e1n la pensi\u00f3n solidaria a trav\u00e9s del Ministerio de Hacienda, el fondo nacional de la ni\u00f1ez y adolescencia con discapacidad que entrega Sup\u00e9rate\u201d manifest\u00f3 Duran.<\/p>\n<p style=\"text-align: justify;\">Tambi\u00e9n exoneraci\u00f3n de impuestos tanto para los dispositivos de apoyo, veh\u00edculos adaptados, programas como vivienda feliz donde las personas puedan optar por una casa con mejor costo y adaptadas para sus condiciones, y otros beneficios sociales que existen no solo a nivel estatal sino tambi\u00e9n privados, muchas instituciones para asegurar cuotas laboral incentivan a la poblaci\u00f3n a tener el certificado y con esto las empresas les permiten crear planes, programas y beneficios para las personas con discapacidad.<\/p>\n<p>La doctora Bernarda de la Cruz y el Dr. Miguel \u00c1ngel Dr. Miguel Jim\u00e9nez presidente y vicepresidente de la fundaci\u00f3n junto a todo el personal se sintieron muy agradecidos por esta jornada de parte de Conadis, tambi\u00e9n agradecen la puntualidad, paciencia y organizaci\u00f3n de los padres que asistieron y fueron favorecidos.<\/p>\n<p>&nbsp;<\/p>\n<p>Fuente: Fundaci\u00f3n Autismo sin Fronteras<\/p>\n","protected":false},"excerpt":{"rendered":"<p>La Fundaci\u00f3n Autismo sin Fronteras realiz\u00f3 en su sede central de b\u00e1varo punta cana junto<\/p>\n","protected":false},"author":2,"featured_media":0,"comment_status":"open","ping_status":"open","sticky":false,"template":"","format":"standard","meta":{"footnotes":""},"categories":[7],"tags":[],"class_list":["post-7125","post","type-post","status-publish","format-standard","hentry","category-nacionales"],"_links":{"self":[{"href":"https:\/\/defrentealaverdad.com\/index.php\/wp-json\/wp\/v2\/posts\/7125","targetHints":{"allow":["GET"]}}],"collection":[{"href":"https:\/\/defrentealaverdad.com\/index.php\/wp-json\/wp\/v2\/posts"}],"about":[{"href":"https:\/\/defrentealaverdad.com\/index.php\/wp-json\/wp\/v2\/types\/post"}],"author":[{"embeddable":true,"href":"https:\/\/defrentealaverdad.com\/index.php\/wp-json\/wp\/v2\/users\/2"}],"replies":[{"embeddable":true,"href":"https:\/\/defrentealaverdad.com\/index.php\/wp-json\/wp\/v2\/comments?post=7125"}],"version-history":[{"count":2,"href":"https:\/\/defrentealaverdad.com\/index.php\/wp-json\/wp\/v2\/posts\/7125\/revisions"}],"predecessor-version":[{"id":7128,"href":"https:\/\/defrentealaverdad.com\/index.php\/wp-json\/wp\/v2\/posts\/7125\/revisions\/7128"}],"wp:attachment":[{"href":"https:\/\/defrentealaverdad.com\/index.php\/wp-json\/wp\/v2\/media?parent=7125"}],"wp:term":[{"taxonomy":"category","embeddable":true,"href":"https:\/\/defrentealaverdad.com\/index.php\/wp-json\/wp\/v2\/categories?post=7125"},{"taxonomy":"post_tag","embeddable":true,"href":"https:\/\/defrentealaverdad.com\/index.php\/wp-json\/wp\/v2\/tags?post=7125"}],"curies":[{"name":"wp","href":"https:\/\/api.w.org\/{rel}","templated":true}]}}