{"id":7107,"date":"2023-09-27T20:07:25","date_gmt":"2023-09-27T20:07:25","guid":{"rendered":"https:\/\/defrentealaverdad.com\/?p=7107"},"modified":"2023-09-27T20:07:25","modified_gmt":"2023-09-27T20:07:25","slug":"al-menos-cien-muertos-por-incendio-durante-una-boda-en-irak","status":"publish","type":"post","link":"https:\/\/defrentealaverdad.com\/index.php\/2023\/09\/27\/al-menos-cien-muertos-por-incendio-durante-una-boda-en-irak\/","title":{"rendered":"Al menos cien muertos por incendio durante una boda en Irak"},"content":{"rendered":"<p style=\"text-align: justify;\">Al menos cien personas murieron y otras 150 resultaron heridas por un incendio durante una boda en un sal\u00f3n de fiestas de una peque\u00f1a ciudad del norte de Irak, se\u00f1alaron las autoridades sanitarias.<\/p>\n<div id=\"advads-2d85f5ef1b6d225976a09c8926e1fbf9\" class=\"advads-2d85f5ef1b6d225976a09c8926e1fbf9 advads-content-first-paragraph\" style=\"text-align: justify;\">\n<div id=\"advads-1272489731\" class=\"advads-content-first-paragraph\">\n<div id=\"advads-321777754\" class=\"advads-target\" data-advads-trackid=\"242864\" data-advads-trackbid=\"1\">Los servicios m\u00e9dicos de la provincia de N\u00ednive \u201clistaron 100 muertos y m\u00e1s de 150 heridos en el incendio en un sal\u00f3n de bodas en Al Hamdaniya\u201d, se\u00f1al\u00f3 la agencia de prensa oficial iraqu\u00ed INA, aclarando que se trataba de un balance \u201cpreliminar\u201d.<\/div>\n<\/div>\n<\/div>\n<p style=\"text-align: justify;\">Un portavoz del Ministerio de Sanidad confirm\u00f3 estas cifras a la AFP.<\/p>\n<p style=\"text-align: justify;\">En el hospital principal de Hamdaniya, una zona mayoritariamente cristiana al este de la metr\u00f3polis de Mosul, un fot\u00f3grafo de la AFP vio llegar numerosas ambulancias con las sirenas encendidas.<\/p>\n<p style=\"text-align: justify;\">Decenas de personas se congregaban en el patio del centro, entre familiares de las v\u00edctimas y voluntarios que quer\u00edan donar sangre, seg\u00fan la misma fuente.<\/p>\n<p style=\"text-align: justify;\">La multitud tambi\u00e9n se acumulaba frente a las puertas abiertas de un cami\u00f3n frigor\u00edfico que transportaba varias bolsas mortuorias, se\u00f1al\u00f3 este fot\u00f3grafo.<\/p>\n<div id=\"advads-df04c8e7331299516558e2009e973331\" class=\"advads-df04c8e7331299516558e2009e973331 advads-content-middle\" style=\"text-align: justify;\">\n<div id=\"advads-1027464500\" class=\"advads-content-middle\">\n<div id=\"advads-1913936933\" data-advads-trackid=\"325063\" data-advads-trackbid=\"1\"><img decoding=\"async\" class=\"aligncenter lazyload\" data-src=\"https:\/\/robertocavada.com\/wp-content\/uploads\/2023\/09\/descarga-8-770x540.jpeg\" alt=\"Al menos cien muertos por incendio durante una boda en Irak\" src=\"data:image\/svg+xml;base64,PHN2ZyB3aWR0aD0iMSIgaGVpZ2h0PSIxIiB4bWxucz0iaHR0cDovL3d3dy53My5vcmcvMjAwMC9zdmciPjwvc3ZnPg==\" style=\"--smush-placeholder-width: 770px; --smush-placeholder-aspect-ratio: 770\/540;\" \/><\/div>\n<\/div>\n<\/div>\n<p style=\"text-align: justify;\">En un comunicado, los servicios de defensa civil informaron de la presencia de paneles prefabricados \u201caltamente inflamables y contrarios a las normas de seguridad\u201d en la sala de fiestas donde se produjo la cat\u00e1strofe.<\/p>\n<p style=\"text-align: justify;\">\u201cEl incendio provoc\u00f3 la ca\u00edda de ciertas partes del techo, debido al uso de materiales de construcci\u00f3n altamente inflamables y poco costosos\u201d, afirm\u00f3 la misma fuente.<\/p>\n<p style=\"text-align: justify;\">\u201cLas informaciones preliminares indican que se usaron fuegos de artificio durante una boda, lo que desencaden\u00f3 un incendio en la sala\u201d, a\u00f1adieron en su comunicado.<\/p>\n<p style=\"text-align: justify;\">El respeto de las normas de seguridad en Irak es laxo, tanto en el sector de la construcci\u00f3n como en el de los transportes.<\/p>\n<p style=\"text-align: justify;\">El pa\u00eds, con infraestructuras deterioradas despu\u00e9s de d\u00e9cadas de conflicto, es regularmente escenario de incendios o accidentes mortales.<\/p>\n<div id=\"st-2\" class=\"sharethis-inline-share-buttons st-center st-lang-es st-has-labels  st-inline-share-buttons st-animated\">\n<div class=\"st-btn\" style=\"text-align: justify;\" data-network=\"twitter\">Fuente: RC Noticias<\/div>\n<div class=\"st-btn st-remove-label\" style=\"text-align: justify;\" data-network=\"email\"><img decoding=\"async\" data-src=\"https:\/\/platform-cdn.sharethis.com\/img\/email.svg\" alt=\"email sharing button\" src=\"data:image\/svg+xml;base64,PHN2ZyB3aWR0aD0iMSIgaGVpZ2h0PSIxIiB4bWxucz0iaHR0cDovL3d3dy53My5vcmcvMjAwMC9zdmciPjwvc3ZnPg==\" class=\"lazyload\" \/><\/div>\n<div class=\"st-btn st-remove-label\" data-network=\"sharethis\"><img decoding=\"async\" data-src=\"https:\/\/platform-cdn.sharethis.com\/img\/sharethis.svg\" alt=\"sharethis sharing button\" src=\"data:image\/svg+xml;base64,PHN2ZyB3aWR0aD0iMSIgaGVpZ2h0PSIxIiB4bWxucz0iaHR0cDovL3d3dy53My5vcmcvMjAwMC9zdmciPjwvc3ZnPg==\" class=\"lazyload\" \/><\/div>\n<div class=\"st-btn st-remove-label\" data-network=\"telegram\"><img decoding=\"async\" data-src=\"https:\/\/platform-cdn.sharethis.com\/img\/telegram.svg\" alt=\"telegram sharing button\" src=\"data:image\/svg+xml;base64,PHN2ZyB3aWR0aD0iMSIgaGVpZ2h0PSIxIiB4bWxucz0iaHR0cDovL3d3dy53My5vcmcvMjAwMC9zdmciPjwvc3ZnPg==\" class=\"lazyload\" \/><\/div>\n<div class=\"st-btn st-last st-remove-label\" data-network=\"whatsapp\"><img decoding=\"async\" data-src=\"https:\/\/platform-cdn.sharethis.com\/img\/whatsapp.svg\" alt=\"whatsapp sharing button\" src=\"data:image\/svg+xml;base64,PHN2ZyB3aWR0aD0iMSIgaGVpZ2h0PSIxIiB4bWxucz0iaHR0cDovL3d3dy53My5vcmcvMjAwMC9zdmciPjwvc3ZnPg==\" class=\"lazyload\" \/><\/div>\n<\/div>\n","protected":false},"excerpt":{"rendered":"<p>Al menos cien personas murieron y otras 150 resultaron heridas por un incendio durante una<\/p>\n","protected":false},"author":1,"featured_media":0,"comment_status":"open","ping_status":"open","sticky":false,"template":"","format":"standard","meta":{"footnotes":""},"categories":[7],"tags":[],"class_list":["post-7107","post","type-post","status-publish","format-standard","hentry","category-nacionales"],"_links":{"self":[{"href":"https:\/\/defrentealaverdad.com\/index.php\/wp-json\/wp\/v2\/posts\/7107","targetHints":{"allow":["GET"]}}],"collection":[{"href":"https:\/\/defrentealaverdad.com\/index.php\/wp-json\/wp\/v2\/posts"}],"about":[{"href":"https:\/\/defrentealaverdad.com\/index.php\/wp-json\/wp\/v2\/types\/post"}],"author":[{"embeddable":true,"href":"https:\/\/defrentealaverdad.com\/index.php\/wp-json\/wp\/v2\/users\/1"}],"replies":[{"embeddable":true,"href":"https:\/\/defrentealaverdad.com\/index.php\/wp-json\/wp\/v2\/comments?post=7107"}],"version-history":[{"count":1,"href":"https:\/\/defrentealaverdad.com\/index.php\/wp-json\/wp\/v2\/posts\/7107\/revisions"}],"predecessor-version":[{"id":7108,"href":"https:\/\/defrentealaverdad.com\/index.php\/wp-json\/wp\/v2\/posts\/7107\/revisions\/7108"}],"wp:attachment":[{"href":"https:\/\/defrentealaverdad.com\/index.php\/wp-json\/wp\/v2\/media?parent=7107"}],"wp:term":[{"taxonomy":"category","embeddable":true,"href":"https:\/\/defrentealaverdad.com\/index.php\/wp-json\/wp\/v2\/categories?post=7107"},{"taxonomy":"post_tag","embeddable":true,"href":"https:\/\/defrentealaverdad.com\/index.php\/wp-json\/wp\/v2\/tags?post=7107"}],"curies":[{"name":"wp","href":"https:\/\/api.w.org\/{rel}","templated":true}]}}