{"id":7100,"date":"2023-09-27T19:02:46","date_gmt":"2023-09-27T19:02:46","guid":{"rendered":"https:\/\/defrentealaverdad.com\/?p=7100"},"modified":"2023-09-27T19:02:46","modified_gmt":"2023-09-27T19:02:46","slug":"regional-sur-agricultura-y-ucateba-firman-convenio-de-cooperacion","status":"publish","type":"post","link":"https:\/\/defrentealaverdad.com\/index.php\/2023\/09\/27\/regional-sur-agricultura-y-ucateba-firman-convenio-de-cooperacion\/","title":{"rendered":"Regional Sur Agricultura Y UCATEBA.- Firman Convenio De Cooperaci\u00f3n"},"content":{"rendered":"<p style=\"text-align: justify;\"><strong>Villa Central, Barahona.- El\u00a0<\/strong>Ministerio de Agricultura a trav\u00e9s del se\u00f1or Gregorio Magno de los Santos director regional sur Barahona, y el Rev. P. Marco\u00a0 Antonio P\u00e9rez P\u00e9rez, rector\u00a0 Universidad Cat\u00f3lica Tecnolog\u00eda de Barahona (UCATEBA firmaron acuerdo interinstucional\u00a0 para beneficiar a los estudiantes de agronom\u00eda y los productores de la regi\u00f3n.<\/p>\n<p style=\"text-align: justify;\"><img decoding=\"async\" class=\"wp-image-15443 alignright lazyload\" data-src=\"https:\/\/elsoberanodigitalrd.com\/wp-content\/uploads\/2023\/09\/IMG-20230922-WA0434-150x150.jpg\" alt=\"\" width=\"260\" height=\"260\" src=\"data:image\/svg+xml;base64,PHN2ZyB3aWR0aD0iMSIgaGVpZ2h0PSIxIiB4bWxucz0iaHR0cDovL3d3dy53My5vcmcvMjAwMC9zdmciPjwvc3ZnPg==\" style=\"--smush-placeholder-width: 260px; --smush-placeholder-aspect-ratio: 260\/260;\" \/><\/p>\n<p style=\"text-align: justify;\">El escenario fue el despacho del se\u00f1or rector P\u00e9rez P\u00e9rez, en d\u00f3nde se dieron cita junto\u00a0 a los firmantes,\u00a0 un selecto equipo de profesionales y t\u00e9cnicos de ambas entidades, testigos de este valioso acuerdo.<\/p>\n<p style=\"text-align: justify;\">El convenio se rubric\u00f3 el fin de semana pasado y queda a espera de unos pasos burocr\u00e1ticos necesarios para que Ucateba pueda impartir la carrera en gerencia agr\u00edcola, de ah\u00ed los estudiantes tendr\u00e1n la oportunidad de realizar sus pr\u00e1cticas y pasant\u00edas en las instalaciones de la regional Sur agricultura como son:\u00a0 en\u00a0 cultivos de cocos, pitahaya, y diversos frutales en los diferentes\u00a0 viveros con los que cuenta la regional de Agricultura, adem\u00e1s de la producci\u00f3n de plantulas de pl\u00e1tano en la\u00a0 moderna c\u00e1mara t\u00e9rmica inaugurada semanas atras\u00a0 en sus instalaciones en Abanero Barahona.<\/p>\n<p style=\"text-align: justify;\">Seg\u00fan el Ingeniero\u00a0 Gregorio\u00a0 Magno de los Santos, los detalles m\u00e1s acabados ser\u00e1n suministrados en un posible acto en la Ucateba, con los estudiantes de la nueva\u00a0 carrera universitaria.<\/p>\n<p style=\"text-align: justify;\">La visi\u00f3n de un gran estadista como lo es el Se\u00f1or presidente Luis Abinader, crea las bases por un desarrollo sostenible, en d\u00f3nde la seguridad alimentaria est\u00e9\u00a0 asegurada, por eso los productos que demande la regi\u00f3n en un turismo indetenible, lo produciremos aqu\u00ed, por eso tambi\u00e9n se est\u00e1n creando capacidades, asever\u00f3 De los Santos.<\/p>\n<p style=\"text-align: justify;\">\n<p style=\"text-align: justify;\">Fuente: El Soberano Digital<\/p>\n","protected":false},"excerpt":{"rendered":"<p>Villa Central, Barahona.- El\u00a0Ministerio de Agricultura a trav\u00e9s del se\u00f1or Gregorio Magno de los Santos<\/p>\n","protected":false},"author":1,"featured_media":0,"comment_status":"open","ping_status":"open","sticky":false,"template":"","format":"standard","meta":{"footnotes":""},"categories":[7],"tags":[],"class_list":["post-7100","post","type-post","status-publish","format-standard","hentry","category-nacionales"],"_links":{"self":[{"href":"https:\/\/defrentealaverdad.com\/index.php\/wp-json\/wp\/v2\/posts\/7100","targetHints":{"allow":["GET"]}}],"collection":[{"href":"https:\/\/defrentealaverdad.com\/index.php\/wp-json\/wp\/v2\/posts"}],"about":[{"href":"https:\/\/defrentealaverdad.com\/index.php\/wp-json\/wp\/v2\/types\/post"}],"author":[{"embeddable":true,"href":"https:\/\/defrentealaverdad.com\/index.php\/wp-json\/wp\/v2\/users\/1"}],"replies":[{"embeddable":true,"href":"https:\/\/defrentealaverdad.com\/index.php\/wp-json\/wp\/v2\/comments?post=7100"}],"version-history":[{"count":1,"href":"https:\/\/defrentealaverdad.com\/index.php\/wp-json\/wp\/v2\/posts\/7100\/revisions"}],"predecessor-version":[{"id":7101,"href":"https:\/\/defrentealaverdad.com\/index.php\/wp-json\/wp\/v2\/posts\/7100\/revisions\/7101"}],"wp:attachment":[{"href":"https:\/\/defrentealaverdad.com\/index.php\/wp-json\/wp\/v2\/media?parent=7100"}],"wp:term":[{"taxonomy":"category","embeddable":true,"href":"https:\/\/defrentealaverdad.com\/index.php\/wp-json\/wp\/v2\/categories?post=7100"},{"taxonomy":"post_tag","embeddable":true,"href":"https:\/\/defrentealaverdad.com\/index.php\/wp-json\/wp\/v2\/tags?post=7100"}],"curies":[{"name":"wp","href":"https:\/\/api.w.org\/{rel}","templated":true}]}}