{"id":7060,"date":"2023-09-27T16:39:59","date_gmt":"2023-09-27T16:39:59","guid":{"rendered":"https:\/\/defrentealaverdad.com\/?p=7060"},"modified":"2023-09-27T16:39:59","modified_gmt":"2023-09-27T16:39:59","slug":"robert-moreno-promociona-tema-amarte-a-la-antigua","status":"publish","type":"post","link":"https:\/\/defrentealaverdad.com\/index.php\/2023\/09\/27\/robert-moreno-promociona-tema-amarte-a-la-antigua\/","title":{"rendered":"Robert Moreno promociona tema \u00bb Amarte a la Antigua\u00bb"},"content":{"rendered":"<p style=\"text-align: justify;\"><img decoding=\"async\" class=\"size-medium wp-image-7061 alignright lazyload\" data-src=\"https:\/\/defrentealaverdad.com\/wp-content\/uploads\/2023\/09\/WhatsApp-Image-2023-09-27-at-08.01.55-240x300.jpeg\" alt=\"\" width=\"240\" height=\"300\" data-srcset=\"https:\/\/defrentealaverdad.com\/wp-content\/uploads\/2023\/09\/WhatsApp-Image-2023-09-27-at-08.01.55-240x300.jpeg 240w, https:\/\/defrentealaverdad.com\/wp-content\/uploads\/2023\/09\/WhatsApp-Image-2023-09-27-at-08.01.55-819x1024.jpeg 819w, https:\/\/defrentealaverdad.com\/wp-content\/uploads\/2023\/09\/WhatsApp-Image-2023-09-27-at-08.01.55-768x961.jpeg 768w, https:\/\/defrentealaverdad.com\/wp-content\/uploads\/2023\/09\/WhatsApp-Image-2023-09-27-at-08.01.55-1228x1536.jpeg 1228w, https:\/\/defrentealaverdad.com\/wp-content\/uploads\/2023\/09\/WhatsApp-Image-2023-09-27-at-08.01.55.jpeg 1279w\" data-sizes=\"(max-width: 240px) 100vw, 240px\" src=\"data:image\/svg+xml;base64,PHN2ZyB3aWR0aD0iMSIgaGVpZ2h0PSIxIiB4bWxucz0iaHR0cDovL3d3dy53My5vcmcvMjAwMC9zdmciPjwvc3ZnPg==\" style=\"--smush-placeholder-width: 240px; --smush-placeholder-aspect-ratio: 240\/300;\" \/><\/p>\n<p style=\"text-align: justify;\"><strong>New York-USA.<\/strong> El salsero dominicano radicado en la ciudad de New York, Robert Moreno, promociona actualmente en la radio tropical su corte \u00bb Amarte a la Antigua\u00bb. La composici\u00f3n se hizo popular en la voz del cantante mejicano Pedrito Fernandez y la adaptacion al g\u00e9nero salsa, fue responsabilidad del arreglista Franklin Catano.<\/p>\n<p style=\"text-align: justify;\">Moreno es oriundo de Bayaguana y lleva varios a\u00f1os radicado en \u00bb La Gran Manzana\u00bb, desde donde ha desarrollado su carrera art\u00edstica. \u00abAmarte a la Antigua\u00bb tiene presencia en las principales estaciones radiales dominicanas que dan difusi\u00f3n al ritmo salsa. La oficina del artista inform\u00f3 que preparan el lanzamiento del compacto, que ser\u00e1 una selecci\u00f3n de joyas musicales y adaptadas al g\u00e9nero salsa por el arreglista Franklin Catano, quien tambien es productor musical de la misma.<\/p>\n<p style=\"text-align: justify;\">La propuesta musical estara en el mercado , en los pr\u00f3ximos d\u00edas, estructurada en 8 temas ( cover) composiciones que fueron exitos en su momento para sintonizar con los colores modernos del ritmo, su arreglista puso todo sus conocimientos para presentar calidad. Entre los temas, se citan, \u00bb C\u00f3mo mirarte\u00bb, \u00abMi raz\u00f3n de ser\u00bb, \u00bb El color de tus ojos\u00bb, \u00abEl peor de mis fracasos\u00bb, \u00bb Amarte a la antigua\u00bb, \u00abHomenaje a Paquito G\u00fazman\u00bb, \u00abGotas de Fuego\u00bb y \u00bb Nostalgia del primer amor\u00bb.<\/p>\n<p>&nbsp;<\/p>\n<p>Fuente: RR.PP.Robert Moreno<\/p>\n","protected":false},"excerpt":{"rendered":"<p>New York-USA. El salsero dominicano radicado en la ciudad de New York, Robert Moreno, promociona<\/p>\n","protected":false},"author":4,"featured_media":0,"comment_status":"open","ping_status":"open","sticky":false,"template":"","format":"standard","meta":{"footnotes":""},"categories":[6,16],"tags":[],"class_list":["post-7060","post","type-post","status-publish","format-standard","hentry","category-espectaculos","category-internacionales"],"_links":{"self":[{"href":"https:\/\/defrentealaverdad.com\/index.php\/wp-json\/wp\/v2\/posts\/7060","targetHints":{"allow":["GET"]}}],"collection":[{"href":"https:\/\/defrentealaverdad.com\/index.php\/wp-json\/wp\/v2\/posts"}],"about":[{"href":"https:\/\/defrentealaverdad.com\/index.php\/wp-json\/wp\/v2\/types\/post"}],"author":[{"embeddable":true,"href":"https:\/\/defrentealaverdad.com\/index.php\/wp-json\/wp\/v2\/users\/4"}],"replies":[{"embeddable":true,"href":"https:\/\/defrentealaverdad.com\/index.php\/wp-json\/wp\/v2\/comments?post=7060"}],"version-history":[{"count":1,"href":"https:\/\/defrentealaverdad.com\/index.php\/wp-json\/wp\/v2\/posts\/7060\/revisions"}],"predecessor-version":[{"id":7062,"href":"https:\/\/defrentealaverdad.com\/index.php\/wp-json\/wp\/v2\/posts\/7060\/revisions\/7062"}],"wp:attachment":[{"href":"https:\/\/defrentealaverdad.com\/index.php\/wp-json\/wp\/v2\/media?parent=7060"}],"wp:term":[{"taxonomy":"category","embeddable":true,"href":"https:\/\/defrentealaverdad.com\/index.php\/wp-json\/wp\/v2\/categories?post=7060"},{"taxonomy":"post_tag","embeddable":true,"href":"https:\/\/defrentealaverdad.com\/index.php\/wp-json\/wp\/v2\/tags?post=7060"}],"curies":[{"name":"wp","href":"https:\/\/api.w.org\/{rel}","templated":true}]}}