{"id":7056,"date":"2023-09-27T15:30:24","date_gmt":"2023-09-27T15:30:24","guid":{"rendered":"https:\/\/defrentealaverdad.com\/?p=7056"},"modified":"2023-09-27T15:30:24","modified_gmt":"2023-09-27T15:30:24","slug":"experto-en-mediacion-recomienda-iniciar-negociacion-privada-entre-rd-y-haiti-para-destrabar-situacion-por-canal-en-rio-masacre","status":"publish","type":"post","link":"https:\/\/defrentealaverdad.com\/index.php\/2023\/09\/27\/experto-en-mediacion-recomienda-iniciar-negociacion-privada-entre-rd-y-haiti-para-destrabar-situacion-por-canal-en-rio-masacre\/","title":{"rendered":"Experto en mediaci\u00f3n recomienda iniciar \u00abnegociaci\u00f3n privada\u00bb entre RD y Hait\u00ed para \u00abdestrabar situaci\u00f3n\u00bb por canal en r\u00edo Masacre"},"content":{"rendered":"<p><img decoding=\"async\" class=\"alignleft lazyload\" data-src=\"https:\/\/robertocavada.com\/wp-content\/uploads\/2023\/09\/6432239404aee-770x465.jpeg\" alt=\"Experto en mediaci\u00f3n recomienda iniciar &quot;negociaci\u00f3n privada&quot; entre RD y Hait\u00ed para &quot;destrabar situaci\u00f3n&quot; por canal en r\u00edo Masacre\" src=\"data:image\/svg+xml;base64,PHN2ZyB3aWR0aD0iMSIgaGVpZ2h0PSIxIiB4bWxucz0iaHR0cDovL3d3dy53My5vcmcvMjAwMC9zdmciPjwvc3ZnPg==\" style=\"--smush-placeholder-width: 770px; --smush-placeholder-aspect-ratio: 770\/465;\" \/><\/p>\n<p style=\"text-align: justify;\"><strong>SANTO DOMINGO.-<\/strong> El abogado, mediador y consultor en negociaci\u00f3n, Nelson Espinal B\u00e1ez, realiza un an\u00e1lisis del conflicto entre la Rep\u00fablica Dominicana y Hait\u00ed por la construcci\u00f3n de un canal en r\u00edo Masacre y como experto recomienda que se inicie un proceso de negociaci\u00f3n privada entre ambas naciones con el fin de \u201cdestrabar la situaci\u00f3n\u201d y se abra el paso para las negociaciones formales. En una entrevista para RC Noticias, el tambi\u00e9n \u00e1rbitro y profesor universitario, explica que lo recomendable en estos casos es que el proceso inicial debe ser \u201c<em>back channel diplomacy<\/em>\u201c, que no es m\u00e1s que las negociaciones a trav\u00e9s de un canal m\u00e1s discreto donde se dialoga con el gobierno o con representantes del otro gobierno, sin tanta diplomacia.<\/p>\n<p style=\"text-align: justify;\">Ante este escenario, Espinal B\u00e1ez sugiere que la Rep\u00fablica Dominicana sea quien realice el primer acercamiento de mediaci\u00f3n con Hait\u00ed para iniciar el proceso de negociaci\u00f3n entorno a la situaci\u00f3n que ha generado la construcci\u00f3n \u201cilegal\u201d de un canal del r\u00edo Masacre en el lado haitiano, que ha provocado desestabilizaci\u00f3n econ\u00f3mica en la zona fronteriza por el cierre de la frontera y todo tipo de comercio o circulaci\u00f3n binacional, que afecta los intereses de ambas naciones.<\/p>\n<blockquote class=\"twitter-tweet\">\n<p dir=\"ltr\" lang=\"es\">Ahora lo recomendable es iniciar el proceso de \u201cback channel diplomacy\u201d (negociaci\u00f3n privada) para destrabar la situaci\u00f3n para entonces abrir negociaciones formales.<\/p>\n<p>As\u00ed se inician la mayor\u00eda de las negociaciones de grandes conflictos internacionales.<\/p>\n<p>Ej. Crisis de los Misiles<\/p>\n<p>\u2014 Nelson Espinal B\u00e1ez (@NEspinalBaez)\u00a0<a href=\"https:\/\/twitter.com\/NEspinalBaez\/status\/1706705134531539240?ref_src=twsrc%5Etfw\">September 26, 2023<\/a><\/p><\/blockquote>\n<p style=\"text-align: justify;\">De efectuarse este tipo de negoci\u00f3n secreta o privada, debe realizarse con par\u00e1metros que ayuden a dar apertura a la negoci\u00f3n formal, para ello se requiere de varios elementos que logren el consenso entre las partes.<\/p>\n<p style=\"text-align: justify;\">Se deben establecer los participantes capacitados para explorar nuevas posibilidades en la resoluci\u00f3n del conflicto.<\/p>\n<p style=\"text-align: justify;\">Espinal B\u00e1ez dir\u00eda en dos etapas: una privada para destrabar el impase y otra formal.<\/p>\n<p style=\"text-align: justify;\">Una vez destrabada la crisis.<\/p>\n<ol style=\"text-align: justify;\">\n<li>Negociar primero el proceso.<br \/>\nMediaci\u00f3n Internacional, veedores y garantes de cumplimiento.<\/li>\n<\/ol>\n<p style=\"text-align: justify;\">Es decir, negociar el proceso para asegurar que se ejecute en suelo haitiano el eventual acuerdo. Pues el vac\u00edo institucional es muy grande.<\/p>\n<ol style=\"text-align: justify;\" start=\"2\">\n<li>Negociar el contenido: Abrir la mesa t\u00e9cnica de negociaci\u00f3n con asesores medioambientales, en gesti\u00f3n de r\u00edos, cuencas, plan de reforestaci\u00f3n. Aprovechar la mesa para negociar a corto y largo plazo.<\/li>\n<li>Negociar Plan de implementaci\u00f3n y cumplimiento: bien dise\u00f1ado y monitoriable. Por etapas con veedores y garantes de ejecuci\u00f3n \/ cumplimiento.<\/li>\n<\/ol>\n<p style=\"text-align: justify;\">Nelson Espinal B\u00e1ez, mediante un art\u00edculo de opini\u00f3n titulado: \u201c<strong>Superemos la simbolog\u00eda del conflicto para la negociaci\u00f3n\u201d<\/strong>, esboza la importancia de implementar acuerdos y seguir su cumplimiento para lograr los objetivos de mediaci\u00f3n.<\/p>\n<p style=\"text-align: justify;\"><em>Es pertinente entender que los conflictos, en s\u00ed mismos, no son negativos ni positivos y que pueden traer consigo energ\u00edas de transformaci\u00f3n social, pol\u00edtica y econ\u00f3mica. De hecho, los conflictos manejados constructivamente fortalecen la democracia y posibilitan su evoluci\u00f3n. Lo negativo en s\u00ed mismo es la violencia, que representa un fracaso en la gesti\u00f3n de los conflictos.<\/em><\/p>\n<p style=\"text-align: justify;\"><em>Para construir soluciones es necesario:<\/em><\/p>\n<div id=\"advads-219702ec40d2be53b40f32b7ae518923\" class=\"advads-219702ec40d2be53b40f32b7ae518923 advads-content-middle\" style=\"text-align: justify;\">\n<div id=\"advads-2143690377\" class=\"advads-content-middle\">\n<div id=\"advads-111785487\" class=\"advads-target\" data-advads-trackid=\"334937\" data-advads-trackbid=\"1\"><em>a. Ver el conflicto como una oportunidad de articulaci\u00f3n social, pol\u00edtica, econ\u00f3mica, empresarial y humana.<\/em><\/div>\n<\/div>\n<\/div>\n<p style=\"text-align: justify;\"><em>b. Entender que los conflictos pueden terminar en forma exitosa con resultados distintos de suma cero. Es decir, con resultados de ganancia mutua, incluyendo beneficios para los terceros.<\/em><\/p>\n<p style=\"text-align: justify;\"><em>c. Hay m\u00faltiples maneras productivas de abordar los conflictos, que van desde la negociaci\u00f3n, el di\u00e1logo democr\u00e1tico, la construcci\u00f3n de consenso, la comunicaci\u00f3n apreciativa, la justicia restaurativa, el sistema tradicional de justicia, el modelo de verdad y reconciliaci\u00f3n, la mediaci\u00f3n, el arbitraje, el med-arb, entre otros. Todos ellos fundamentados y abordados en distintas teor\u00edas y metodolog\u00edas para su implementaci\u00f3n.<\/em><\/p>\n<p style=\"text-align: justify;\"><em>La gesti\u00f3n eficiente de los conflictos es un atributo de las democracias maduras. La ineficiente, es un reflejo de su inmadurez, generadora de entrop\u00eda, exclusi\u00f3n y violencia. Los pueblos y entidades que mejor negocian son los que m\u00e1s valor y prosperidad generan de manera sostenible.<\/em><\/p>\n<p style=\"text-align: justify;\"><em>Es imprescindible abordar las causas de los conflictos y no solo sus efectos. En el caso del conflicto del Rio Masacre, el problema visible, no es exclusivamente el canal de trasvase (esa es la posici\u00f3n), el problema real es la creciente deforestaci\u00f3n que seca los r\u00edos y genera escasez de agua (estos son los intereses).<\/em><\/p>\n<p style=\"text-align: justify;\"><em>En negociaciones complejas los acuerdos no son un fin en s\u00ed mismo, sino un medio. Los caribe\u00f1os y latinoamericanos en general tenemos una mentalidad de mucho acuerdo y poco consenso operativo y funcional. Es decir, predomina una mentalidad formalista de firma de acuerdo y no de implementaci\u00f3n, cumplimiento y seguimiento de lo acordado.<\/em><\/p>\n<p style=\"text-align: justify;\"><em>En el marco de referencia anteriormente se\u00f1alado, los intereses \u00faltimos de Hait\u00ed y Rep\u00fablica Dominicana no est\u00e1n en conflictos: ambos necesitamos proteger la producci\u00f3n de agua. Lo que est\u00e1 en conflicto son las posiciones de cada naci\u00f3n: construir o no construir un canal, c\u00f3mo hacerlo y en cual punto del rio Masacre.<\/em><\/p>\n<p style=\"text-align: justify;\"><em>De hecho, es de nuestro propio inter\u00e9s que los intereses de Hait\u00ed sean satisfechos, tales como:<\/em><\/p>\n<ul style=\"text-align: justify;\">\n<li>rescate medioambiental y su reforestaci\u00f3n,<\/li>\n<li>su desarrollo agropecuario,<\/li>\n<li>m\u00e1s agua y energ\u00eda el\u00e9ctrica para las comunidades y los sectores productivos,<\/li>\n<li>desarrollo econ\u00f3mico y social,<\/li>\n<li>estabilidad pol\u00edtica,<\/li>\n<li>prosperidad e institucionalidad,<\/li>\n<li>gobierno capaz de controlar su territorio y la violencia. Entre otros.<\/li>\n<\/ul>\n<p style=\"text-align: justify;\"><em>Para que, en efecto, \u201chaya una soluci\u00f3n haitiana en Hait\u00ed\u201d. Pues de esa forma se facilita la satisfacci\u00f3n de nuestros intereses, que son:<\/em><\/p>\n<ul style=\"text-align: justify;\">\n<li>soberan\u00eda,<\/li>\n<li>seguridad nacional y fronteriza,<\/li>\n<li>institucionalidad, respeto a las leyes\/legalidad y al Estado de Derecho<\/li>\n<li>profundizaci\u00f3n de pol\u00edticas medioambientales sostenibles y m\u00e1s reforestaci\u00f3n,<\/li>\n<li>desarrollo agropecuario<\/li>\n<li>agua y energ\u00eda el\u00e9ctrica para nuestro pueblo y sectores productivos.<\/li>\n<li>migraci\u00f3n controlada,<\/li>\n<li>no porosidad en la frontera,<\/li>\n<li>evitar las mafias del tr\u00e1fico de personas,<\/li>\n<li>respeto a los derechos humanos,<\/li>\n<li>prosperidad y desarrollo sostenible, entre otros.<\/li>\n<\/ul>\n<p style=\"text-align: justify;\">Hace un llamado a dedicar todo el esfuerzo a construir juntos, a corto y largo plazo, soluciones sostenibles de las necesidades centrales (intereses) de nuestras dos naciones y sociedades. \u201cSuperemos la simbolog\u00eda de posiciones irreductibles e irreconciliables: \u201ccanal o muerte\u201d y enfoqu\u00e9monos en las causas e intereses subyacentes, proteger y producir m\u00e1s agua para la Rep\u00fablica Dominicana y Hait\u00ed\u201d.<\/p>\n<p style=\"text-align: justify;\">\n<p style=\"text-align: justify;\">Fuente: RC Noticias<\/p>\n","protected":false},"excerpt":{"rendered":"<p>SANTO DOMINGO.- El abogado, mediador y consultor en negociaci\u00f3n, Nelson Espinal B\u00e1ez, realiza un an\u00e1lisis<\/p>\n","protected":false},"author":4,"featured_media":0,"comment_status":"open","ping_status":"open","sticky":false,"template":"","format":"standard","meta":{"footnotes":""},"categories":[16],"tags":[],"class_list":["post-7056","post","type-post","status-publish","format-standard","hentry","category-internacionales"],"_links":{"self":[{"href":"https:\/\/defrentealaverdad.com\/index.php\/wp-json\/wp\/v2\/posts\/7056","targetHints":{"allow":["GET"]}}],"collection":[{"href":"https:\/\/defrentealaverdad.com\/index.php\/wp-json\/wp\/v2\/posts"}],"about":[{"href":"https:\/\/defrentealaverdad.com\/index.php\/wp-json\/wp\/v2\/types\/post"}],"author":[{"embeddable":true,"href":"https:\/\/defrentealaverdad.com\/index.php\/wp-json\/wp\/v2\/users\/4"}],"replies":[{"embeddable":true,"href":"https:\/\/defrentealaverdad.com\/index.php\/wp-json\/wp\/v2\/comments?post=7056"}],"version-history":[{"count":1,"href":"https:\/\/defrentealaverdad.com\/index.php\/wp-json\/wp\/v2\/posts\/7056\/revisions"}],"predecessor-version":[{"id":7057,"href":"https:\/\/defrentealaverdad.com\/index.php\/wp-json\/wp\/v2\/posts\/7056\/revisions\/7057"}],"wp:attachment":[{"href":"https:\/\/defrentealaverdad.com\/index.php\/wp-json\/wp\/v2\/media?parent=7056"}],"wp:term":[{"taxonomy":"category","embeddable":true,"href":"https:\/\/defrentealaverdad.com\/index.php\/wp-json\/wp\/v2\/categories?post=7056"},{"taxonomy":"post_tag","embeddable":true,"href":"https:\/\/defrentealaverdad.com\/index.php\/wp-json\/wp\/v2\/tags?post=7056"}],"curies":[{"name":"wp","href":"https:\/\/api.w.org\/{rel}","templated":true}]}}